{"id":8693,"date":"2024-11-19T09:00:00","date_gmt":"2024-11-19T15:00:00","guid":{"rendered":"https:\/\/www.gridmag.com.mx\/?p=8693"},"modified":"2024-11-19T21:30:36","modified_gmt":"2024-11-20T03:30:36","slug":"inauguran-unidad-mural-arte-comunidad-y-transformacion-en-el-munavi","status":"publish","type":"post","link":"https:\/\/www.gridmag.com.mx\/index.php\/2024\/11\/19\/inauguran-unidad-mural-arte-comunidad-y-transformacion-en-el-munavi\/","title":{"rendered":"Unidad mural: Arte, comunidad y transformaci\u00f3n en el Munavi | Inauguraci\u00f3n en el Espacio Cultural Infonavit"},"content":{"rendered":"\n\n\n<p>El Espacio Cultural Infonavit inaugur\u00f3 la exposici\u00f3n temporal <em>Unidad mural<\/em>. Arte, comunidad y transformaci\u00f3n, en el Museo Nacional de la Vivienda (Munavi), el pasado&nbsp; 21 de septiembre de 2024, a las 12:00 horas, como parte de <a href=\"https:\/\/www.gridmag.com.mx\/index.php\/2024\/07\/05\/mextropoli-2024\/\">Mextr\u00f3poli<\/a>. Festival de Arquitectura y Ciudad.&nbsp;<\/p>\n\n\n\n<p>La muestra presentar\u00e1 los resultados del programa <em>Unidad Mural<\/em> que el Espacio Cultural Infonavit llev\u00f3 a cabo entre marzo a mayo de 2024. En este programa se intervinieron m\u00e1s de 5 mil 200 metros cuadrados de muros con obras murales en 26 unidades habitacionales de 15 estados de la rep\u00fablica mexicana.&nbsp;<\/p>\n\n\n\n<figure class=\"wp-block-image size-large\"><img decoding=\"async\" width=\"1024\" height=\"788\" src=\"https:\/\/www.gridmag.com.mx\/wp-content\/uploads\/2024\/11\/11fc433f-2230-451f-aae6-8223ba05c6b2-1024x788.jpg\" alt=\"Unidad mural. Arte, comunidad y transformaci\u00f3n\" class=\"wp-image-8695\" srcset=\"https:\/\/www.gridmag.com.mx\/wp-content\/uploads\/2024\/11\/11fc433f-2230-451f-aae6-8223ba05c6b2-1024x788.jpg 1024w, https:\/\/www.gridmag.com.mx\/wp-content\/uploads\/2024\/11\/11fc433f-2230-451f-aae6-8223ba05c6b2-300x231.jpg 300w, https:\/\/www.gridmag.com.mx\/wp-content\/uploads\/2024\/11\/11fc433f-2230-451f-aae6-8223ba05c6b2-768x591.jpg 768w, https:\/\/www.gridmag.com.mx\/wp-content\/uploads\/2024\/11\/11fc433f-2230-451f-aae6-8223ba05c6b2-770x593.jpg 770w, https:\/\/www.gridmag.com.mx\/wp-content\/uploads\/2024\/11\/11fc433f-2230-451f-aae6-8223ba05c6b2.jpg 1280w\" sizes=\"(max-width: 1024px) 100vw, 1024px\" \/><\/figure>\n\n\n\n<div style=\"height:10px\" aria-hidden=\"true\" class=\"wp-block-spacer\"><\/div>\n\n\n\n<p>De esta manera, <em>Unidad mural <\/em>sum\u00f3 la participaci\u00f3n de 4 mil 275 personas desde la realizaci\u00f3n de los talleres y creaci\u00f3n de los murales, hasta la entrega de estos a las y los habitantes.&nbsp;<\/p>\n\n\n\n<p>Este proyecto tuvo como objetivo transformar la imagen urbana y dignificaci\u00f3n de espacios p\u00fablicos en los conjuntos de vivienda a trav\u00e9s de la cultura, fomentando as\u00ed el derecho a la ciudad y el habitar digno. Esto no solo con el prop\u00f3sito de fortalecer el sentido de pertenencia y comunidad, sino tambi\u00e9n de impulsar el trabajo de artistas urbanos y agentes culturales locales.&nbsp;<\/p>\n\n\n\n<h2 class=\"wp-block-heading\">Del muro al museo<\/h2>\n\n\n\n<p><em>Unidad mural. Arte, comunidad y transformaci\u00f3n<\/em> presentar\u00e1 \u2013 a trav\u00e9s de fotograf\u00edas, videos y testimonios \u2013 la colaboraci\u00f3n entre las y los residentes de las 26 unidades habitacionales, talleristas y artistas mostrando c\u00f3mo el arte p\u00fablico funciona como un catalizador para la cohesi\u00f3n social y el reconocimiento del entorno urbano.&nbsp;<\/p>\n\n\n\n<p>La muestra est\u00e1 dividida en dos n\u00facleos tem\u00e1ticos. El primero, 26 murales \/ 26 visiones. El arte de la comunidad explora la creaci\u00f3n de las 26 obras colaborativas, desde la conformaci\u00f3n de ideas y bocetos hasta su ejecuci\u00f3n y c\u00f3mo se plasmaron en los muros.&nbsp;<\/p>\n\n\n\n<figure class=\"wp-block-image size-large\"><img decoding=\"async\" width=\"1024\" height=\"768\" src=\"https:\/\/www.gridmag.com.mx\/wp-content\/uploads\/2024\/11\/IMG_2260-1024x768.jpg\" alt=\"\" class=\"wp-image-8700\" srcset=\"https:\/\/www.gridmag.com.mx\/wp-content\/uploads\/2024\/11\/IMG_2260-1024x768.jpg 1024w, https:\/\/www.gridmag.com.mx\/wp-content\/uploads\/2024\/11\/IMG_2260-300x225.jpg 300w, https:\/\/www.gridmag.com.mx\/wp-content\/uploads\/2024\/11\/IMG_2260-768x576.jpg 768w, https:\/\/www.gridmag.com.mx\/wp-content\/uploads\/2024\/11\/IMG_2260-1536x1152.jpg 1536w, https:\/\/www.gridmag.com.mx\/wp-content\/uploads\/2024\/11\/IMG_2260-770x578.jpg 770w, https:\/\/www.gridmag.com.mx\/wp-content\/uploads\/2024\/11\/IMG_2260-1400x1050.jpg 1400w, https:\/\/www.gridmag.com.mx\/wp-content\/uploads\/2024\/11\/IMG_2260.jpg 1757w\" sizes=\"(max-width: 1024px) 100vw, 1024px\" \/><\/figure>\n\n\n\n<div style=\"height:10px\" aria-hidden=\"true\" class=\"wp-block-spacer\"><\/div>\n\n\n\n<p>Al centro la comunidad. En primer lugar, la fuerza de la participaci\u00f3n en <em>Unidad mural<\/em>, el segundo n\u00facleo, ubicado al centro de la sala, presenta mapas conceptuales enfocados en la participaci\u00f3n comunitaria. Asimismo, en este espacio se integran testimonios y aportaciones de la comunidad, dos artistas, talleristas y personal del Infonavit, lo que permite destacar el potencial transformador del proyecto.<\/p>\n\n\n\n<p>A lo largo de la exposici\u00f3n, adem\u00e1s, se presentar\u00e1n numeralias e informaci\u00f3n que abona a contar la historia de colaboraci\u00f3n y transformaci\u00f3n social. De esta manera, se busca ofrecer una visi\u00f3n m\u00e1s completa del impacto del proyecto en la comunidad.<\/p>\n\n\n\n<p>Las unidades habitacionales intervenidas son:&nbsp;<\/p>\n\n\n\n<p><strong>Regi\u00f3n Centro<\/strong><br>Unidad Habitacional Teopanzolco, Cuernavaca, Morelos<br>Lomas de Cort\u00e9s, Cuernavaca, Morelos<br>Los Reyes Ixtacala, Tlalnepantla de Baz, Estado de M\u00e9xico<br>San Francisco Coacalco, Coacalco de Berrioz\u00e1bal, Estado de M\u00e9xico<br>Unidad CTM Culhuac\u00e1n, Coyoac\u00e1n, Ciudad de M\u00e9xico<br>Unidad Habitacional Infonavit Iztacalco, Iztacalco, Ciudad de M\u00e9xico<br>Real Solare, El Marqu\u00e9s, Quer\u00e9taro&nbsp;<br>Villas del Refugio, El Marqu\u00e9s, Quer\u00e9taro&nbsp;<\/p>\n\n\n\n<figure class=\"wp-block-image size-large\"><img decoding=\"async\" width=\"1024\" height=\"768\" src=\"https:\/\/www.gridmag.com.mx\/wp-content\/uploads\/2024\/11\/UH-Infonavit-Iztacalco-CDMX-1024x768.jpeg\" alt=\"Unidad mural. Arte, comunidad y transformaci\u00f3n\" class=\"wp-image-8699\" srcset=\"https:\/\/www.gridmag.com.mx\/wp-content\/uploads\/2024\/11\/UH-Infonavit-Iztacalco-CDMX-1024x768.jpeg 1024w, https:\/\/www.gridmag.com.mx\/wp-content\/uploads\/2024\/11\/UH-Infonavit-Iztacalco-CDMX-300x225.jpeg 300w, https:\/\/www.gridmag.com.mx\/wp-content\/uploads\/2024\/11\/UH-Infonavit-Iztacalco-CDMX-768x576.jpeg 768w, https:\/\/www.gridmag.com.mx\/wp-content\/uploads\/2024\/11\/UH-Infonavit-Iztacalco-CDMX-1536x1152.jpeg 1536w, https:\/\/www.gridmag.com.mx\/wp-content\/uploads\/2024\/11\/UH-Infonavit-Iztacalco-CDMX-770x577.jpeg 770w, https:\/\/www.gridmag.com.mx\/wp-content\/uploads\/2024\/11\/UH-Infonavit-Iztacalco-CDMX-1400x1050.jpeg 1400w, https:\/\/www.gridmag.com.mx\/wp-content\/uploads\/2024\/11\/UH-Infonavit-Iztacalco-CDMX.jpeg 1786w\" sizes=\"(max-width: 1024px) 100vw, 1024px\" \/><figcaption class=\"wp-element-caption\">Unidad Habitacional Infonavit Iztacalco, Iztacalco, Ciudad de M\u00e9xico<\/figcaption><\/figure>\n\n\n\n<div style=\"height:5px\" aria-hidden=\"true\" class=\"wp-block-spacer\"><\/div>\n\n\n\n<p><strong>Regi\u00f3n Occidente<\/strong><br>Lomas del Ajedrez, Aguascalientes, Ags.<br>Villas de Nuestra Se\u00f1ora de la Asunci\u00f3n, Aguascalientes, Ags.<br>Villas de San Nicol\u00e1s, Le\u00f3n, Guanajuato<br>Le\u00f3n II, Le\u00f3n, Guanajuato<br>Villa Fontana Diamante, Zapopan, Jalisco&nbsp;<br>Villa Fontana, Tlaquepaque, Jalisco&nbsp;<br>Villas del Pedregal, Morelia, Michoac\u00e1n<\/p>\n\n\n\n<figure class=\"wp-block-image size-large\"><img decoding=\"async\" width=\"768\" height=\"1024\" src=\"https:\/\/www.gridmag.com.mx\/wp-content\/uploads\/2024\/11\/Villa-Fontana-Diamante-Zapopan-Jal.-2-768x1024.jpg\" alt=\"\" class=\"wp-image-8698\" srcset=\"https:\/\/www.gridmag.com.mx\/wp-content\/uploads\/2024\/11\/Villa-Fontana-Diamante-Zapopan-Jal.-2-768x1024.jpg 768w, https:\/\/www.gridmag.com.mx\/wp-content\/uploads\/2024\/11\/Villa-Fontana-Diamante-Zapopan-Jal.-2-225x300.jpg 225w, https:\/\/www.gridmag.com.mx\/wp-content\/uploads\/2024\/11\/Villa-Fontana-Diamante-Zapopan-Jal.-2-1152x1536.jpg 1152w, https:\/\/www.gridmag.com.mx\/wp-content\/uploads\/2024\/11\/Villa-Fontana-Diamante-Zapopan-Jal.-2-1536x2048.jpg 1536w, https:\/\/www.gridmag.com.mx\/wp-content\/uploads\/2024\/11\/Villa-Fontana-Diamante-Zapopan-Jal.-2-770x1027.jpg 770w, https:\/\/www.gridmag.com.mx\/wp-content\/uploads\/2024\/11\/Villa-Fontana-Diamante-Zapopan-Jal.-2-1400x1867.jpg 1400w, https:\/\/www.gridmag.com.mx\/wp-content\/uploads\/2024\/11\/Villa-Fontana-Diamante-Zapopan-Jal.-2-scaled.jpg 1919w\" sizes=\"(max-width: 768px) 100vw, 768px\" \/><figcaption class=\"wp-element-caption\">Villa Fontana Diamante, Zapopan, Jalisco<\/figcaption><\/figure>\n\n\n\n<div style=\"height:5px\" aria-hidden=\"true\" class=\"wp-block-spacer\"><\/div>\n\n\n\n<p><strong>Regi\u00f3n Noreste<\/strong><br>Riberas del Sacramento, Chihuahua, Chih.<br>Vistas del Norte, Chihuahua, Chih.<br>Villas La Merced, Torre\u00f3n, Coahuila<br>Balcones de Alcal\u00e1, Reynosa, Tamaulipas&nbsp;<br>Ciudad Natura, Apodaca, Nuevo Le\u00f3n<br>Real de San Jos\u00e9 (Ciudadela), Ciudad Benito Ju\u00e1rez, Nuevo Le\u00f3n<\/p>\n\n\n\n<figure class=\"wp-block-image size-large\"><img decoding=\"async\" width=\"1024\" height=\"576\" src=\"https:\/\/www.gridmag.com.mx\/wp-content\/uploads\/2024\/11\/Riberas-del-Sacramento-Chihuahua-Chih-1024x576.jpeg\" alt=\"Unidad mural. Arte, comunidad y transformaci\u00f3n\" class=\"wp-image-8697\" srcset=\"https:\/\/www.gridmag.com.mx\/wp-content\/uploads\/2024\/11\/Riberas-del-Sacramento-Chihuahua-Chih-1024x576.jpeg 1024w, https:\/\/www.gridmag.com.mx\/wp-content\/uploads\/2024\/11\/Riberas-del-Sacramento-Chihuahua-Chih-300x169.jpeg 300w, https:\/\/www.gridmag.com.mx\/wp-content\/uploads\/2024\/11\/Riberas-del-Sacramento-Chihuahua-Chih-768x432.jpeg 768w, https:\/\/www.gridmag.com.mx\/wp-content\/uploads\/2024\/11\/Riberas-del-Sacramento-Chihuahua-Chih-1536x864.jpeg 1536w, https:\/\/www.gridmag.com.mx\/wp-content\/uploads\/2024\/11\/Riberas-del-Sacramento-Chihuahua-Chih-2048x1152.jpeg 2048w, https:\/\/www.gridmag.com.mx\/wp-content\/uploads\/2024\/11\/Riberas-del-Sacramento-Chihuahua-Chih-770x433.jpeg 770w, https:\/\/www.gridmag.com.mx\/wp-content\/uploads\/2024\/11\/Riberas-del-Sacramento-Chihuahua-Chih-1400x788.jpeg 1400w\" sizes=\"(max-width: 1024px) 100vw, 1024px\" \/><figcaption class=\"wp-element-caption\">Riberas del Sacramento, Chihuahua, Chih.<\/figcaption><\/figure>\n\n\n\n<div style=\"height:5px\" aria-hidden=\"true\" class=\"wp-block-spacer\"><\/div>\n\n\n\n<p><strong>Regi\u00f3n Sur<\/strong><br>Paseo de las Palmas II, Veracruz, Ver. 3&nbsp;<br>Unidad Habitacional El Rosario, San Sebasti\u00e1n Tutla, Oaxaca&nbsp;<br>Wallis, M\u00e9rida, Yucat\u00e1n&nbsp;<br>Mercado 21 de marzo, Santa Cruz Amilpas, Oaxaca&nbsp;<br>Ciudad Caucel, M\u00e9rida, Yucat\u00e1n<\/p>\n\n\n\n<figure class=\"wp-block-image size-large\"><img decoding=\"async\" width=\"1024\" height=\"684\" src=\"https:\/\/www.gridmag.com.mx\/wp-content\/uploads\/2024\/11\/Ciudad-Caucel-Merida-Yuc-1024x684.jpg\" alt=\"\" class=\"wp-image-8696\" srcset=\"https:\/\/www.gridmag.com.mx\/wp-content\/uploads\/2024\/11\/Ciudad-Caucel-Merida-Yuc-1024x684.jpg 1024w, https:\/\/www.gridmag.com.mx\/wp-content\/uploads\/2024\/11\/Ciudad-Caucel-Merida-Yuc-300x200.jpg 300w, https:\/\/www.gridmag.com.mx\/wp-content\/uploads\/2024\/11\/Ciudad-Caucel-Merida-Yuc-768x513.jpg 768w, https:\/\/www.gridmag.com.mx\/wp-content\/uploads\/2024\/11\/Ciudad-Caucel-Merida-Yuc-1536x1026.jpg 1536w, https:\/\/www.gridmag.com.mx\/wp-content\/uploads\/2024\/11\/Ciudad-Caucel-Merida-Yuc-360x240.jpg 360w, https:\/\/www.gridmag.com.mx\/wp-content\/uploads\/2024\/11\/Ciudad-Caucel-Merida-Yuc-720x480.jpg 720w, https:\/\/www.gridmag.com.mx\/wp-content\/uploads\/2024\/11\/Ciudad-Caucel-Merida-Yuc-770x514.jpg 770w, https:\/\/www.gridmag.com.mx\/wp-content\/uploads\/2024\/11\/Ciudad-Caucel-Merida-Yuc-1400x935.jpg 1400w, https:\/\/www.gridmag.com.mx\/wp-content\/uploads\/2024\/11\/Ciudad-Caucel-Merida-Yuc.jpg 1701w\" sizes=\"(max-width: 1024px) 100vw, 1024px\" \/><figcaption class=\"wp-element-caption\">Ciudad Caucel, Me\u0301rida, Yucat\u00e1n<\/figcaption><\/figure>\n\n\n\n<h2 class=\"wp-block-heading\">Unidad mural: Arte, comunidad y transformaci\u00f3n en el programa p\u00fablico<\/h2>\n\n\n\n<p>Dentro de la exposici\u00f3n, el p\u00fablico disfrutar\u00e1 de una serie de actividades pedag\u00f3gicas dise\u00f1adas para enriquecer su experiencia. Adem\u00e1s, durante el periodo de exhibici\u00f3n, el Espacio Cultural Infonavit ofrecer\u00e1 un programa p\u00fablico con charlas, talleres, visitas a las unidades habitacionales con murales y recorridos guiados.<\/p>\n\n\n\n<p>Asimismo, se presentar\u00e1 el libro editado en colaboraci\u00f3n con Gatopardo, que incluye testimonios, reportajes y fotograf\u00edas del proyecto. Por otro lado, los cuatro documentales de <em>Unidad mural<\/em>, realizados por regi\u00f3n, se proyectar\u00e1n el domingo 22 de septiembre a las 18:00 horas en Laguna, ubicado en la colonia Doctores, Ciudad de M\u00e9xico.<\/p>\n\n\n\n<figure class=\"wp-block-image size-large\"><img decoding=\"async\" width=\"1024\" height=\"768\" src=\"https:\/\/www.gridmag.com.mx\/wp-content\/uploads\/2024\/11\/IMG_2104-1024x768.jpg\" alt=\"\" class=\"wp-image-8701\" srcset=\"https:\/\/www.gridmag.com.mx\/wp-content\/uploads\/2024\/11\/IMG_2104-1024x768.jpg 1024w, https:\/\/www.gridmag.com.mx\/wp-content\/uploads\/2024\/11\/IMG_2104-300x225.jpg 300w, https:\/\/www.gridmag.com.mx\/wp-content\/uploads\/2024\/11\/IMG_2104-768x576.jpg 768w, https:\/\/www.gridmag.com.mx\/wp-content\/uploads\/2024\/11\/IMG_2104-1536x1152.jpg 1536w, https:\/\/www.gridmag.com.mx\/wp-content\/uploads\/2024\/11\/IMG_2104-770x578.jpg 770w, https:\/\/www.gridmag.com.mx\/wp-content\/uploads\/2024\/11\/IMG_2104-1400x1050.jpg 1400w, https:\/\/www.gridmag.com.mx\/wp-content\/uploads\/2024\/11\/IMG_2104.jpg 1984w\" sizes=\"(max-width: 1024px) 100vw, 1024px\" \/><\/figure>\n\n\n\n<h2 class=\"wp-block-heading\">Unidad mural: Arte, comunidad y transformaci\u00f3n en el Munavi<\/h2>\n\n\n\n<p>Previo a la apertura de la muestra, en primer lugar, se realizar\u00e1 un conversatorio inaugural con figuras clave como Carlos Mart\u00ednez Vel\u00e1zquez, Director General del Infonavit, y expertos como Francesco Orsini de Comfama (Colombia) y Vicente Jurado de &#8220;La Esmeralda&#8221;. Adem\u00e1s, tambi\u00e9n participar\u00e1n Liz Rashell, artista muralista, y Alejandra de la Mora Maurer, gerente s\u00e9nior del Espacio Cultural Infonavit.<\/p>\n\n\n\n<h2 class=\"wp-block-heading\">Horarios y ubicaci\u00f3n de la exposici\u00f3n<\/h2>\n\n\n\n<p>Por otro lado, <em>Unidad mural: Arte, comunidad y transformaci\u00f3n<\/em> estar\u00e1 abierta al p\u00fablico de forma gratuita en el Munavi, a partir del 21 de septiembre de 2024 y hasta el 26 de enero de 2025, en un horario de martes a domingo, de 11:00 a 18:00 horas. La direcci\u00f3n es Gustavo E. Campa n\u00fam. 60, col. Guadalupe Inn, alcald\u00eda \u00c1lvaro Obreg\u00f3n, C.P. 01020, Ciudad de M\u00e9xico.<\/p>\n\n\n\n<p>Finalmente, el Espacio Cultural Infonavit, conformado por el Munavi, la Binavi y una agenda cultural, es un foro clave para dialogar sobre vivienda desde la cultura, abordando temas como territorio, medio ambiente y buen vivir.<\/p>\n\n\n\n<p>Instagram: <a href=\"https:\/\/www.instagram.com\/p\/DCUcmYXOiDm\/\">@culturainfonavit #UnidadMural<\/a>&nbsp;<br>Fotograf\u00edas cortes\u00eda de Infonavit<\/p>\n\n\n\n<p><\/p>\n","protected":false},"excerpt":{"rendered":"<p>El Espacio Cultural Infonavit inaugur\u00f3 la exposici\u00f3n temporal Unidad mural. Arte, comunidad y transformaci\u00f3n, en el Museo Nacional de la Vivienda (Munavi), el pasado&nbsp; 21 de septiembre de 2024, a las 12:00 horas, como parte de Mextr\u00f3poli. Festival de Arquitectura y Ciudad.&nbsp; La muestra presentar\u00e1 los resultados del programa Unidad Mural que el Espacio Cultural Infonavit llev\u00f3 a cabo entre marzo a mayo de 2024. En este programa se intervinieron m\u00e1s de 5 mil 200 metros cuadrados de muros con [&hellip;]<\/p>\n","protected":false},"author":1,"featured_media":8694,"comment_status":"open","ping_status":"open","sticky":false,"template":"","format":"standard","meta":{"footnotes":""},"categories":[55],"tags":[],"class_list":["post-8693","post","type-post","status-publish","format-standard","has-post-thumbnail","hentry","category-creativos"],"yoast_head":"<!-- This site is optimized with the Yoast SEO plugin v27.0 - https:\/\/yoast.com\/product\/yoast-seo-wordpress\/ -->\n<title>Unidad mural: Arte, comunidad y transformaci\u00f3n en el Munavi | Inauguraci\u00f3n en el Espacio Cultural Infonavit | Grid Magazine<\/title>\n<meta name=\"description\" content=\"Unidad mural en el Munavi: 26 unidades transformadas por arte. Inauguraci\u00f3n 21 de septiembre en Mextr\u00f3poli. \u00a1Entrada gratuita!\" \/>\n<meta name=\"robots\" content=\"index, follow, max-snippet:-1, max-image-preview:large, max-video-preview:-1\" \/>\n<link rel=\"canonical\" href=\"https:\/\/www.gridmag.com.mx\/index.php\/2024\/11\/19\/inauguran-unidad-mural-arte-comunidad-y-transformacion-en-el-munavi\/\" \/>\n<meta property=\"og:locale\" content=\"es_MX\" \/>\n<meta property=\"og:type\" content=\"article\" \/>\n<meta property=\"og:title\" content=\"Unidad mural: Arte, comunidad y transformaci\u00f3n en el Munavi | Inauguraci\u00f3n en el Espacio Cultural Infonavit | Grid Magazine\" \/>\n<meta property=\"og:description\" content=\"Unidad mural en el Munavi: 26 unidades transformadas por arte. Inauguraci\u00f3n 21 de septiembre en Mextr\u00f3poli. \u00a1Entrada gratuita!\" \/>\n<meta property=\"og:url\" content=\"https:\/\/www.gridmag.com.mx\/index.php\/2024\/11\/19\/inauguran-unidad-mural-arte-comunidad-y-transformacion-en-el-munavi\/\" \/>\n<meta property=\"og:site_name\" content=\"Grid Magazine\" \/>\n<meta property=\"article:publisher\" content=\"https:\/\/www.facebook.com\/gridmagazine.mx\" \/>\n<meta property=\"article:published_time\" content=\"2024-11-19T15:00:00+00:00\" \/>\n<meta property=\"article:modified_time\" content=\"2024-11-20T03:30:36+00:00\" \/>\n<meta property=\"og:image\" content=\"https:\/\/www.gridmag.com.mx\/wp-content\/uploads\/2024\/11\/PORTADA.jpg\" \/>\n\t<meta property=\"og:image:width\" content=\"2500\" \/>\n\t<meta property=\"og:image:height\" content=\"1317\" \/>\n\t<meta property=\"og:image:type\" content=\"image\/jpeg\" \/>\n<meta name=\"author\" content=\"Grid Magazine\" \/>\n<meta name=\"twitter:card\" content=\"summary_large_image\" \/>\n<meta name=\"twitter:label1\" content=\"Escrito por\" \/>\n\t<meta name=\"twitter:data1\" content=\"Grid Magazine\" \/>\n\t<meta name=\"twitter:label2\" content=\"Tiempo de lectura\" \/>\n\t<meta name=\"twitter:data2\" content=\"6 minutos\" \/>\n<script type=\"application\/ld+json\" class=\"yoast-schema-graph\">{\"@context\":\"https:\/\/schema.org\",\"@graph\":[{\"@type\":\"Article\",\"@id\":\"https:\/\/www.gridmag.com.mx\/index.php\/2024\/11\/19\/inauguran-unidad-mural-arte-comunidad-y-transformacion-en-el-munavi\/#article\",\"isPartOf\":{\"@id\":\"https:\/\/www.gridmag.com.mx\/index.php\/2024\/11\/19\/inauguran-unidad-mural-arte-comunidad-y-transformacion-en-el-munavi\/\"},\"author\":{\"name\":\"Grid Magazine\",\"@id\":\"https:\/\/www.gridmag.com.mx\/#\/schema\/person\/d54cddc75e2ecfe4a55e39c0336ae932\"},\"headline\":\"Unidad mural: Arte, comunidad y transformaci\u00f3n en el Munavi | Inauguraci\u00f3n en el Espacio Cultural Infonavit\",\"datePublished\":\"2024-11-19T15:00:00+00:00\",\"dateModified\":\"2024-11-20T03:30:36+00:00\",\"mainEntityOfPage\":{\"@id\":\"https:\/\/www.gridmag.com.mx\/index.php\/2024\/11\/19\/inauguran-unidad-mural-arte-comunidad-y-transformacion-en-el-munavi\/\"},\"wordCount\":970,\"commentCount\":0,\"publisher\":{\"@id\":\"https:\/\/www.gridmag.com.mx\/#organization\"},\"image\":{\"@id\":\"https:\/\/www.gridmag.com.mx\/index.php\/2024\/11\/19\/inauguran-unidad-mural-arte-comunidad-y-transformacion-en-el-munavi\/#primaryimage\"},\"thumbnailUrl\":\"https:\/\/www.gridmag.com.mx\/wp-content\/uploads\/2024\/11\/PORTADA.jpg\",\"articleSection\":[\"Creativos\"],\"inLanguage\":\"es\",\"potentialAction\":[{\"@type\":\"CommentAction\",\"name\":\"Comment\",\"target\":[\"https:\/\/www.gridmag.com.mx\/index.php\/2024\/11\/19\/inauguran-unidad-mural-arte-comunidad-y-transformacion-en-el-munavi\/#respond\"]}]},{\"@type\":\"WebPage\",\"@id\":\"https:\/\/www.gridmag.com.mx\/index.php\/2024\/11\/19\/inauguran-unidad-mural-arte-comunidad-y-transformacion-en-el-munavi\/\",\"url\":\"https:\/\/www.gridmag.com.mx\/index.php\/2024\/11\/19\/inauguran-unidad-mural-arte-comunidad-y-transformacion-en-el-munavi\/\",\"name\":\"Unidad mural: Arte, comunidad y transformaci\u00f3n en el Munavi | Inauguraci\u00f3n en el Espacio Cultural Infonavit | Grid Magazine\",\"isPartOf\":{\"@id\":\"https:\/\/www.gridmag.com.mx\/#website\"},\"primaryImageOfPage\":{\"@id\":\"https:\/\/www.gridmag.com.mx\/index.php\/2024\/11\/19\/inauguran-unidad-mural-arte-comunidad-y-transformacion-en-el-munavi\/#primaryimage\"},\"image\":{\"@id\":\"https:\/\/www.gridmag.com.mx\/index.php\/2024\/11\/19\/inauguran-unidad-mural-arte-comunidad-y-transformacion-en-el-munavi\/#primaryimage\"},\"thumbnailUrl\":\"https:\/\/www.gridmag.com.mx\/wp-content\/uploads\/2024\/11\/PORTADA.jpg\",\"datePublished\":\"2024-11-19T15:00:00+00:00\",\"dateModified\":\"2024-11-20T03:30:36+00:00\",\"description\":\"Unidad mural en el Munavi: 26 unidades transformadas por arte. Inauguraci\u00f3n 21 de septiembre en Mextr\u00f3poli. \u00a1Entrada gratuita!\",\"breadcrumb\":{\"@id\":\"https:\/\/www.gridmag.com.mx\/index.php\/2024\/11\/19\/inauguran-unidad-mural-arte-comunidad-y-transformacion-en-el-munavi\/#breadcrumb\"},\"inLanguage\":\"es\",\"potentialAction\":[{\"@type\":\"ReadAction\",\"target\":[\"https:\/\/www.gridmag.com.mx\/index.php\/2024\/11\/19\/inauguran-unidad-mural-arte-comunidad-y-transformacion-en-el-munavi\/\"]}]},{\"@type\":\"ImageObject\",\"inLanguage\":\"es\",\"@id\":\"https:\/\/www.gridmag.com.mx\/index.php\/2024\/11\/19\/inauguran-unidad-mural-arte-comunidad-y-transformacion-en-el-munavi\/#primaryimage\",\"url\":\"https:\/\/www.gridmag.com.mx\/wp-content\/uploads\/2024\/11\/PORTADA.jpg\",\"contentUrl\":\"https:\/\/www.gridmag.com.mx\/wp-content\/uploads\/2024\/11\/PORTADA.jpg\",\"width\":2500,\"height\":1317},{\"@type\":\"BreadcrumbList\",\"@id\":\"https:\/\/www.gridmag.com.mx\/index.php\/2024\/11\/19\/inauguran-unidad-mural-arte-comunidad-y-transformacion-en-el-munavi\/#breadcrumb\",\"itemListElement\":[{\"@type\":\"ListItem\",\"position\":1,\"name\":\"Inicio\",\"item\":\"https:\/\/www.gridmag.com.mx\/\"},{\"@type\":\"ListItem\",\"position\":2,\"name\":\"Unidad mural: Arte, comunidad y transformaci\u00f3n en el Munavi | Inauguraci\u00f3n en el Espacio Cultural Infonavit\"}]},{\"@type\":\"WebSite\",\"@id\":\"https:\/\/www.gridmag.com.mx\/#website\",\"url\":\"https:\/\/www.gridmag.com.mx\/\",\"name\":\"Grid Magazine\",\"description\":\"Compartiendo lo mejor de la arquitectura y dise\u00f1o mexicano.\",\"publisher\":{\"@id\":\"https:\/\/www.gridmag.com.mx\/#organization\"},\"potentialAction\":[{\"@type\":\"SearchAction\",\"target\":{\"@type\":\"EntryPoint\",\"urlTemplate\":\"https:\/\/www.gridmag.com.mx\/?s={search_term_string}\"},\"query-input\":{\"@type\":\"PropertyValueSpecification\",\"valueRequired\":true,\"valueName\":\"search_term_string\"}}],\"inLanguage\":\"es\"},{\"@type\":\"Organization\",\"@id\":\"https:\/\/www.gridmag.com.mx\/#organization\",\"name\":\"Grid Magazine\",\"url\":\"https:\/\/www.gridmag.com.mx\/\",\"logo\":{\"@type\":\"ImageObject\",\"inLanguage\":\"es\",\"@id\":\"https:\/\/www.gridmag.com.mx\/#\/schema\/logo\/image\/\",\"url\":\"\",\"contentUrl\":\"\",\"caption\":\"Grid Magazine\"},\"image\":{\"@id\":\"https:\/\/www.gridmag.com.mx\/#\/schema\/logo\/image\/\"},\"sameAs\":[\"https:\/\/www.facebook.com\/gridmagazine.mx\",\"https:\/\/www.instagram.com\/gridmagazine_mx\/\",\"https:\/\/www.tiktok.com\/@gridmagazine.mx?_t=8gl2kVR2Aq6&_r=1\",\"https:\/\/www.linkedin.com\/company\/grid-magazine-mx\/\"]},{\"@type\":\"Person\",\"@id\":\"https:\/\/www.gridmag.com.mx\/#\/schema\/person\/d54cddc75e2ecfe4a55e39c0336ae932\",\"name\":\"Grid Magazine\",\"image\":{\"@type\":\"ImageObject\",\"inLanguage\":\"es\",\"@id\":\"https:\/\/www.gridmag.com.mx\/#\/schema\/person\/image\/\",\"url\":\"https:\/\/secure.gravatar.com\/avatar\/8e4bd50943002dd6ee9db30e5af749244f3e21206a99c4fb42429117eaacfc83?s=96&d=mm&r=g\",\"contentUrl\":\"https:\/\/secure.gravatar.com\/avatar\/8e4bd50943002dd6ee9db30e5af749244f3e21206a99c4fb42429117eaacfc83?s=96&d=mm&r=g\",\"caption\":\"Grid Magazine\"},\"sameAs\":[\"https:\/\/www.gridmag.com.mx\"],\"url\":\"https:\/\/www.gridmag.com.mx\/index.php\/author\/grid-magazine-arq\/\"}]}<\/script>\n<!-- \/ Yoast SEO plugin. -->","yoast_head_json":{"title":"Unidad mural: Arte, comunidad y transformaci\u00f3n en el Munavi | Inauguraci\u00f3n en el Espacio Cultural Infonavit | Grid Magazine","description":"Unidad mural en el Munavi: 26 unidades transformadas por arte. Inauguraci\u00f3n 21 de septiembre en Mextr\u00f3poli. \u00a1Entrada gratuita!","robots":{"index":"index","follow":"follow","max-snippet":"max-snippet:-1","max-image-preview":"max-image-preview:large","max-video-preview":"max-video-preview:-1"},"canonical":"https:\/\/www.gridmag.com.mx\/index.php\/2024\/11\/19\/inauguran-unidad-mural-arte-comunidad-y-transformacion-en-el-munavi\/","og_locale":"es_MX","og_type":"article","og_title":"Unidad mural: Arte, comunidad y transformaci\u00f3n en el Munavi | Inauguraci\u00f3n en el Espacio Cultural Infonavit | Grid Magazine","og_description":"Unidad mural en el Munavi: 26 unidades transformadas por arte. Inauguraci\u00f3n 21 de septiembre en Mextr\u00f3poli. \u00a1Entrada gratuita!","og_url":"https:\/\/www.gridmag.com.mx\/index.php\/2024\/11\/19\/inauguran-unidad-mural-arte-comunidad-y-transformacion-en-el-munavi\/","og_site_name":"Grid Magazine","article_publisher":"https:\/\/www.facebook.com\/gridmagazine.mx","article_published_time":"2024-11-19T15:00:00+00:00","article_modified_time":"2024-11-20T03:30:36+00:00","og_image":[{"width":2500,"height":1317,"url":"https:\/\/www.gridmag.com.mx\/wp-content\/uploads\/2024\/11\/PORTADA.jpg","type":"image\/jpeg"}],"author":"Grid Magazine","twitter_card":"summary_large_image","twitter_misc":{"Escrito por":"Grid Magazine","Tiempo de lectura":"6 minutos"},"schema":{"@context":"https:\/\/schema.org","@graph":[{"@type":"Article","@id":"https:\/\/www.gridmag.com.mx\/index.php\/2024\/11\/19\/inauguran-unidad-mural-arte-comunidad-y-transformacion-en-el-munavi\/#article","isPartOf":{"@id":"https:\/\/www.gridmag.com.mx\/index.php\/2024\/11\/19\/inauguran-unidad-mural-arte-comunidad-y-transformacion-en-el-munavi\/"},"author":{"name":"Grid Magazine","@id":"https:\/\/www.gridmag.com.mx\/#\/schema\/person\/d54cddc75e2ecfe4a55e39c0336ae932"},"headline":"Unidad mural: Arte, comunidad y transformaci\u00f3n en el Munavi | Inauguraci\u00f3n en el Espacio Cultural Infonavit","datePublished":"2024-11-19T15:00:00+00:00","dateModified":"2024-11-20T03:30:36+00:00","mainEntityOfPage":{"@id":"https:\/\/www.gridmag.com.mx\/index.php\/2024\/11\/19\/inauguran-unidad-mural-arte-comunidad-y-transformacion-en-el-munavi\/"},"wordCount":970,"commentCount":0,"publisher":{"@id":"https:\/\/www.gridmag.com.mx\/#organization"},"image":{"@id":"https:\/\/www.gridmag.com.mx\/index.php\/2024\/11\/19\/inauguran-unidad-mural-arte-comunidad-y-transformacion-en-el-munavi\/#primaryimage"},"thumbnailUrl":"https:\/\/www.gridmag.com.mx\/wp-content\/uploads\/2024\/11\/PORTADA.jpg","articleSection":["Creativos"],"inLanguage":"es","potentialAction":[{"@type":"CommentAction","name":"Comment","target":["https:\/\/www.gridmag.com.mx\/index.php\/2024\/11\/19\/inauguran-unidad-mural-arte-comunidad-y-transformacion-en-el-munavi\/#respond"]}]},{"@type":"WebPage","@id":"https:\/\/www.gridmag.com.mx\/index.php\/2024\/11\/19\/inauguran-unidad-mural-arte-comunidad-y-transformacion-en-el-munavi\/","url":"https:\/\/www.gridmag.com.mx\/index.php\/2024\/11\/19\/inauguran-unidad-mural-arte-comunidad-y-transformacion-en-el-munavi\/","name":"Unidad mural: Arte, comunidad y transformaci\u00f3n en el Munavi | Inauguraci\u00f3n en el Espacio Cultural Infonavit | Grid Magazine","isPartOf":{"@id":"https:\/\/www.gridmag.com.mx\/#website"},"primaryImageOfPage":{"@id":"https:\/\/www.gridmag.com.mx\/index.php\/2024\/11\/19\/inauguran-unidad-mural-arte-comunidad-y-transformacion-en-el-munavi\/#primaryimage"},"image":{"@id":"https:\/\/www.gridmag.com.mx\/index.php\/2024\/11\/19\/inauguran-unidad-mural-arte-comunidad-y-transformacion-en-el-munavi\/#primaryimage"},"thumbnailUrl":"https:\/\/www.gridmag.com.mx\/wp-content\/uploads\/2024\/11\/PORTADA.jpg","datePublished":"2024-11-19T15:00:00+00:00","dateModified":"2024-11-20T03:30:36+00:00","description":"Unidad mural en el Munavi: 26 unidades transformadas por arte. Inauguraci\u00f3n 21 de septiembre en Mextr\u00f3poli. \u00a1Entrada gratuita!","breadcrumb":{"@id":"https:\/\/www.gridmag.com.mx\/index.php\/2024\/11\/19\/inauguran-unidad-mural-arte-comunidad-y-transformacion-en-el-munavi\/#breadcrumb"},"inLanguage":"es","potentialAction":[{"@type":"ReadAction","target":["https:\/\/www.gridmag.com.mx\/index.php\/2024\/11\/19\/inauguran-unidad-mural-arte-comunidad-y-transformacion-en-el-munavi\/"]}]},{"@type":"ImageObject","inLanguage":"es","@id":"https:\/\/www.gridmag.com.mx\/index.php\/2024\/11\/19\/inauguran-unidad-mural-arte-comunidad-y-transformacion-en-el-munavi\/#primaryimage","url":"https:\/\/www.gridmag.com.mx\/wp-content\/uploads\/2024\/11\/PORTADA.jpg","contentUrl":"https:\/\/www.gridmag.com.mx\/wp-content\/uploads\/2024\/11\/PORTADA.jpg","width":2500,"height":1317},{"@type":"BreadcrumbList","@id":"https:\/\/www.gridmag.com.mx\/index.php\/2024\/11\/19\/inauguran-unidad-mural-arte-comunidad-y-transformacion-en-el-munavi\/#breadcrumb","itemListElement":[{"@type":"ListItem","position":1,"name":"Inicio","item":"https:\/\/www.gridmag.com.mx\/"},{"@type":"ListItem","position":2,"name":"Unidad mural: Arte, comunidad y transformaci\u00f3n en el Munavi | Inauguraci\u00f3n en el Espacio Cultural Infonavit"}]},{"@type":"WebSite","@id":"https:\/\/www.gridmag.com.mx\/#website","url":"https:\/\/www.gridmag.com.mx\/","name":"Grid Magazine","description":"Compartiendo lo mejor de la arquitectura y dise\u00f1o mexicano.","publisher":{"@id":"https:\/\/www.gridmag.com.mx\/#organization"},"potentialAction":[{"@type":"SearchAction","target":{"@type":"EntryPoint","urlTemplate":"https:\/\/www.gridmag.com.mx\/?s={search_term_string}"},"query-input":{"@type":"PropertyValueSpecification","valueRequired":true,"valueName":"search_term_string"}}],"inLanguage":"es"},{"@type":"Organization","@id":"https:\/\/www.gridmag.com.mx\/#organization","name":"Grid Magazine","url":"https:\/\/www.gridmag.com.mx\/","logo":{"@type":"ImageObject","inLanguage":"es","@id":"https:\/\/www.gridmag.com.mx\/#\/schema\/logo\/image\/","url":"","contentUrl":"","caption":"Grid Magazine"},"image":{"@id":"https:\/\/www.gridmag.com.mx\/#\/schema\/logo\/image\/"},"sameAs":["https:\/\/www.facebook.com\/gridmagazine.mx","https:\/\/www.instagram.com\/gridmagazine_mx\/","https:\/\/www.tiktok.com\/@gridmagazine.mx?_t=8gl2kVR2Aq6&_r=1","https:\/\/www.linkedin.com\/company\/grid-magazine-mx\/"]},{"@type":"Person","@id":"https:\/\/www.gridmag.com.mx\/#\/schema\/person\/d54cddc75e2ecfe4a55e39c0336ae932","name":"Grid Magazine","image":{"@type":"ImageObject","inLanguage":"es","@id":"https:\/\/www.gridmag.com.mx\/#\/schema\/person\/image\/","url":"https:\/\/secure.gravatar.com\/avatar\/8e4bd50943002dd6ee9db30e5af749244f3e21206a99c4fb42429117eaacfc83?s=96&d=mm&r=g","contentUrl":"https:\/\/secure.gravatar.com\/avatar\/8e4bd50943002dd6ee9db30e5af749244f3e21206a99c4fb42429117eaacfc83?s=96&d=mm&r=g","caption":"Grid Magazine"},"sameAs":["https:\/\/www.gridmag.com.mx"],"url":"https:\/\/www.gridmag.com.mx\/index.php\/author\/grid-magazine-arq\/"}]}},"_links":{"self":[{"href":"https:\/\/www.gridmag.com.mx\/index.php\/wp-json\/wp\/v2\/posts\/8693","targetHints":{"allow":["GET"]}}],"collection":[{"href":"https:\/\/www.gridmag.com.mx\/index.php\/wp-json\/wp\/v2\/posts"}],"about":[{"href":"https:\/\/www.gridmag.com.mx\/index.php\/wp-json\/wp\/v2\/types\/post"}],"author":[{"embeddable":true,"href":"https:\/\/www.gridmag.com.mx\/index.php\/wp-json\/wp\/v2\/users\/1"}],"replies":[{"embeddable":true,"href":"https:\/\/www.gridmag.com.mx\/index.php\/wp-json\/wp\/v2\/comments?post=8693"}],"version-history":[{"count":4,"href":"https:\/\/www.gridmag.com.mx\/index.php\/wp-json\/wp\/v2\/posts\/8693\/revisions"}],"predecessor-version":[{"id":8705,"href":"https:\/\/www.gridmag.com.mx\/index.php\/wp-json\/wp\/v2\/posts\/8693\/revisions\/8705"}],"wp:featuredmedia":[{"embeddable":true,"href":"https:\/\/www.gridmag.com.mx\/index.php\/wp-json\/wp\/v2\/media\/8694"}],"wp:attachment":[{"href":"https:\/\/www.gridmag.com.mx\/index.php\/wp-json\/wp\/v2\/media?parent=8693"}],"wp:term":[{"taxonomy":"category","embeddable":true,"href":"https:\/\/www.gridmag.com.mx\/index.php\/wp-json\/wp\/v2\/categories?post=8693"},{"taxonomy":"post_tag","embeddable":true,"href":"https:\/\/www.gridmag.com.mx\/index.php\/wp-json\/wp\/v2\/tags?post=8693"}],"curies":[{"name":"wp","href":"https:\/\/api.w.org\/{rel}","templated":true}]}}