{"id":9030,"date":"2024-12-23T11:24:25","date_gmt":"2024-12-23T17:24:25","guid":{"rendered":"https:\/\/www.gridmag.com.mx\/?p=9030"},"modified":"2024-12-23T11:24:32","modified_gmt":"2024-12-23T17:24:32","slug":"carmina-santos-la-inspiracion-de-cada-dia","status":"publish","type":"post","link":"https:\/\/www.gridmag.com.mx\/index.php\/2024\/12\/23\/carmina-santos-la-inspiracion-de-cada-dia\/","title":{"rendered":"Carmina Santos | La inspiraci\u00f3n de cada d\u00eda"},"content":{"rendered":"\n\n\n<h2 class=\"wp-block-heading\">Un viaje creativo fuera de la Ciudad de M\u00e9xico<\/h2>\n\n\n\n<p>El episodio 13 del podcast <em>Todos Somos Dise\u00f1o<\/em>, Vol. 2, marca un momento especial en la temporada al explorar talentos locales fuera de la capital. Grabado en Puebla, este episodio inicia la recta final de una serie que da visibilidad a proyectos y dise\u00f1adores que florecen en esta regi\u00f3n, destacando la riqueza creativa de M\u00e9xico m\u00e1s all\u00e1 de sus principales metr\u00f3polis.<\/p>\n\n\n\n<h2 class=\"wp-block-heading\">Casa Tierra | Dise\u00f1o y comunidad en Cholula de Carmina Santos<\/h2>\n\n\n\n<p>La invitada especial, <strong>Carmina Santos<\/strong>, co-creadora de <strong>Casa Tierra<\/strong>, comparte la filosof\u00eda detr\u00e1s de este espacio ubicado en San Pedro Cholula, Puebla. Junto con Sara Miranda, Carmina ha creado un lugar \u00fanico que va m\u00e1s all\u00e1 de la cer\u00e1mica:<\/p>\n\n\n\n<ul class=\"wp-block-list\">\n<li><strong>Sala de exposici\u00f3n:<\/strong> Promueve y vende piezas de ceramistas locales.<\/li>\n\n\n\n<li><strong>Taller colaborativo:<\/strong> Fomenta el aprendizaje y la experimentaci\u00f3n en t\u00e9cnicas de construcci\u00f3n manual.<\/li>\n\n\n\n<li><strong>Tienda de materiales:<\/strong> Ofrece herramientas esenciales para continuar el proceso creativo.<\/li>\n<\/ul>\n\n\n\n<p>Casa Tierra busca reconectar a las personas con la tierra y fomentar una comunidad ceramista que integre creatividad, emociones y crecimiento personal.<\/p>\n\n\n\n<figure class=\"wp-block-image size-large\"><img decoding=\"async\" width=\"683\" height=\"1024\" src=\"https:\/\/www.gridmag.com.mx\/wp-content\/uploads\/2024\/12\/STAFF-683x1024.jpg\" alt=\"Carmina Santos\" class=\"wp-image-9032\" srcset=\"https:\/\/www.gridmag.com.mx\/wp-content\/uploads\/2024\/12\/STAFF-683x1024.jpg 683w, https:\/\/www.gridmag.com.mx\/wp-content\/uploads\/2024\/12\/STAFF-200x300.jpg 200w, https:\/\/www.gridmag.com.mx\/wp-content\/uploads\/2024\/12\/STAFF-768x1152.jpg 768w, https:\/\/www.gridmag.com.mx\/wp-content\/uploads\/2024\/12\/STAFF-1024x1536.jpg 1024w, https:\/\/www.gridmag.com.mx\/wp-content\/uploads\/2024\/12\/STAFF-770x1155.jpg 770w, https:\/\/www.gridmag.com.mx\/wp-content\/uploads\/2024\/12\/STAFF.jpg 1276w\" sizes=\"(max-width: 683px) 100vw, 683px\" \/><\/figure>\n\n\n\n<h2 class=\"wp-block-heading\">Una conversaci\u00f3n que inspira y conecta con Carmina Santos<\/h2>\n\n\n\n<p>Descrito como &#8220;terapia pura&#8221; para creativos, este <a href=\"https:\/\/www.gridmag.com.mx\/index.php\/2024\/12\/16\/las-caracteristicas-del-buen-diseno-una-charla-con-camila-anaya-en-el-podcast-todos-somos-diseno\/\">episodio<\/a> aborda temas que van m\u00e1s all\u00e1 del dise\u00f1o t\u00e9cnico. Carmina invita a los oyentes a reflexionar sobre la importancia del bienestar emocional y la autenticidad en el proceso creativo. La charla explora c\u00f3mo equilibrar la vida personal y profesional, mostrando c\u00f3mo el dise\u00f1o puede ser un refugio para la inspiraci\u00f3n y la introspecci\u00f3n.<\/p>\n\n\n\n<h2 class=\"wp-block-heading\">Por qu\u00e9 escuchar este episodio<\/h2>\n\n\n\n<ul class=\"wp-block-list\">\n<li>Aprende c\u00f3mo la cer\u00e1mica conecta con las emociones y fomenta el bienestar.<\/li>\n\n\n\n<li>Descubre la importancia de la descentralizaci\u00f3n del dise\u00f1o en M\u00e9xico.<\/li>\n\n\n\n<li>Encuentra inspiraci\u00f3n en la historia de Casa Tierra y su enfoque integral hacia la creatividad.<\/li>\n<\/ul>\n\n\n\n<p>Con su calidez y autenticidad, este episodio es una invitaci\u00f3n a repensar el dise\u00f1o como una extensi\u00f3n de las emociones y experiencias humanas.<\/p>\n\n\n\n<h4 class=\"wp-block-heading\">Conecta con los protagonistas:<\/h4>\n\n\n\n<ul class=\"wp-block-list\">\n<li>Podcast:<a href=\"https:\/\/instagram.com\/todosomosdiseno\"> @todosomosdiseno<\/a><\/li>\n\n\n\n<li>Anfitri\u00f3n:<a href=\"https:\/\/instagram.com\/enriqueborsalde\"> @enriqueborsalde<\/a><\/li>\n\n\n\n<li>Productora:<a href=\"https:\/\/instagram.com\/sueivc\"> @sueivc<\/a><\/li>\n\n\n\n<li>Invitada:<a href=\"https:\/\/instagram.com\/carmina.caramina\"> @carmina.caramina<\/a><\/li>\n\n\n\n<li>Casa Tierra:<a href=\"https:\/\/instagram.com\/ca.sa.tierra\"> @ca.sa.tierra<\/a><\/li>\n\n\n\n<li>Ciudad anfitriona:<a href=\"https:\/\/instagram.com\/pueblaciudaddediseno\"> @pueblaciudaddediseno<\/a><\/li>\n<\/ul>\n\n\n\n<p><\/p>\n","protected":false},"excerpt":{"rendered":"<p>Un viaje creativo fuera de la Ciudad de M\u00e9xico El episodio 13 del podcast Todos Somos Dise\u00f1o, Vol. 2, marca un momento especial en la temporada al explorar talentos locales fuera de la capital. Grabado en Puebla, este episodio inicia la recta final de una serie que da visibilidad a proyectos y dise\u00f1adores que florecen en esta regi\u00f3n, destacando la riqueza creativa de M\u00e9xico m\u00e1s all\u00e1 de sus principales metr\u00f3polis. Casa Tierra | Dise\u00f1o y comunidad en Cholula de Carmina [&hellip;]<\/p>\n","protected":false},"author":1,"featured_media":9031,"comment_status":"open","ping_status":"open","sticky":false,"template":"","format":"standard","meta":{"footnotes":""},"categories":[55,1],"tags":[],"class_list":["post-9030","post","type-post","status-publish","format-standard","has-post-thumbnail","hentry","category-creativos","category-sin-categoria"],"yoast_head":"<!-- This site is optimized with the Yoast SEO plugin v27.0 - https:\/\/yoast.com\/product\/yoast-seo-wordpress\/ -->\n<title>Carmina Santos | La inspiraci\u00f3n de cada d\u00eda | Grid Magazine<\/title>\n<meta name=\"description\" content=\"Escucha el episodio 13 de Todos Somos Dise\u00f1o con Carmina Santos de Casa Tierra, explorando c\u00f3mo la cer\u00e1mica conecta emociones y creatividad.\" \/>\n<meta name=\"robots\" content=\"index, follow, max-snippet:-1, max-image-preview:large, max-video-preview:-1\" \/>\n<link rel=\"canonical\" href=\"https:\/\/www.gridmag.com.mx\/index.php\/2024\/12\/23\/carmina-santos-la-inspiracion-de-cada-dia\/\" \/>\n<meta property=\"og:locale\" content=\"es_MX\" \/>\n<meta property=\"og:type\" content=\"article\" \/>\n<meta property=\"og:title\" content=\"Carmina Santos | La inspiraci\u00f3n de cada d\u00eda | Grid Magazine\" \/>\n<meta property=\"og:description\" content=\"Escucha el episodio 13 de Todos Somos Dise\u00f1o con Carmina Santos de Casa Tierra, explorando c\u00f3mo la cer\u00e1mica conecta emociones y creatividad.\" \/>\n<meta property=\"og:url\" content=\"https:\/\/www.gridmag.com.mx\/index.php\/2024\/12\/23\/carmina-santos-la-inspiracion-de-cada-dia\/\" \/>\n<meta property=\"og:site_name\" content=\"Grid Magazine\" \/>\n<meta property=\"article:publisher\" content=\"https:\/\/www.facebook.com\/gridmagazine.mx\" \/>\n<meta property=\"article:published_time\" content=\"2024-12-23T17:24:25+00:00\" \/>\n<meta property=\"article:modified_time\" content=\"2024-12-23T17:24:32+00:00\" \/>\n<meta property=\"og:image\" content=\"https:\/\/www.gridmag.com.mx\/wp-content\/uploads\/2024\/12\/PORTADA.jpg\" \/>\n\t<meta property=\"og:image:width\" content=\"1701\" \/>\n\t<meta property=\"og:image:height\" content=\"873\" \/>\n\t<meta property=\"og:image:type\" content=\"image\/jpeg\" \/>\n<meta name=\"author\" content=\"Grid Magazine\" \/>\n<meta name=\"twitter:card\" content=\"summary_large_image\" \/>\n<meta name=\"twitter:label1\" content=\"Escrito por\" \/>\n\t<meta name=\"twitter:data1\" content=\"Grid Magazine\" \/>\n\t<meta name=\"twitter:label2\" content=\"Tiempo de lectura\" \/>\n\t<meta name=\"twitter:data2\" content=\"2 minutos\" \/>\n<script type=\"application\/ld+json\" class=\"yoast-schema-graph\">{\"@context\":\"https:\/\/schema.org\",\"@graph\":[{\"@type\":\"Article\",\"@id\":\"https:\/\/www.gridmag.com.mx\/index.php\/2024\/12\/23\/carmina-santos-la-inspiracion-de-cada-dia\/#article\",\"isPartOf\":{\"@id\":\"https:\/\/www.gridmag.com.mx\/index.php\/2024\/12\/23\/carmina-santos-la-inspiracion-de-cada-dia\/\"},\"author\":{\"name\":\"Grid Magazine\",\"@id\":\"https:\/\/www.gridmag.com.mx\/#\/schema\/person\/d54cddc75e2ecfe4a55e39c0336ae932\"},\"headline\":\"Carmina Santos | La inspiraci\u00f3n de cada d\u00eda\",\"datePublished\":\"2024-12-23T17:24:25+00:00\",\"dateModified\":\"2024-12-23T17:24:32+00:00\",\"mainEntityOfPage\":{\"@id\":\"https:\/\/www.gridmag.com.mx\/index.php\/2024\/12\/23\/carmina-santos-la-inspiracion-de-cada-dia\/\"},\"wordCount\":373,\"commentCount\":0,\"publisher\":{\"@id\":\"https:\/\/www.gridmag.com.mx\/#organization\"},\"image\":{\"@id\":\"https:\/\/www.gridmag.com.mx\/index.php\/2024\/12\/23\/carmina-santos-la-inspiracion-de-cada-dia\/#primaryimage\"},\"thumbnailUrl\":\"https:\/\/www.gridmag.com.mx\/wp-content\/uploads\/2024\/12\/PORTADA.jpg\",\"articleSection\":[\"Creativos\"],\"inLanguage\":\"es\",\"potentialAction\":[{\"@type\":\"CommentAction\",\"name\":\"Comment\",\"target\":[\"https:\/\/www.gridmag.com.mx\/index.php\/2024\/12\/23\/carmina-santos-la-inspiracion-de-cada-dia\/#respond\"]}]},{\"@type\":\"WebPage\",\"@id\":\"https:\/\/www.gridmag.com.mx\/index.php\/2024\/12\/23\/carmina-santos-la-inspiracion-de-cada-dia\/\",\"url\":\"https:\/\/www.gridmag.com.mx\/index.php\/2024\/12\/23\/carmina-santos-la-inspiracion-de-cada-dia\/\",\"name\":\"Carmina Santos | La inspiraci\u00f3n de cada d\u00eda | Grid Magazine\",\"isPartOf\":{\"@id\":\"https:\/\/www.gridmag.com.mx\/#website\"},\"primaryImageOfPage\":{\"@id\":\"https:\/\/www.gridmag.com.mx\/index.php\/2024\/12\/23\/carmina-santos-la-inspiracion-de-cada-dia\/#primaryimage\"},\"image\":{\"@id\":\"https:\/\/www.gridmag.com.mx\/index.php\/2024\/12\/23\/carmina-santos-la-inspiracion-de-cada-dia\/#primaryimage\"},\"thumbnailUrl\":\"https:\/\/www.gridmag.com.mx\/wp-content\/uploads\/2024\/12\/PORTADA.jpg\",\"datePublished\":\"2024-12-23T17:24:25+00:00\",\"dateModified\":\"2024-12-23T17:24:32+00:00\",\"description\":\"Escucha el episodio 13 de Todos Somos Dise\u00f1o con Carmina Santos de Casa Tierra, explorando c\u00f3mo la cer\u00e1mica conecta emociones y creatividad.\",\"breadcrumb\":{\"@id\":\"https:\/\/www.gridmag.com.mx\/index.php\/2024\/12\/23\/carmina-santos-la-inspiracion-de-cada-dia\/#breadcrumb\"},\"inLanguage\":\"es\",\"potentialAction\":[{\"@type\":\"ReadAction\",\"target\":[\"https:\/\/www.gridmag.com.mx\/index.php\/2024\/12\/23\/carmina-santos-la-inspiracion-de-cada-dia\/\"]}]},{\"@type\":\"ImageObject\",\"inLanguage\":\"es\",\"@id\":\"https:\/\/www.gridmag.com.mx\/index.php\/2024\/12\/23\/carmina-santos-la-inspiracion-de-cada-dia\/#primaryimage\",\"url\":\"https:\/\/www.gridmag.com.mx\/wp-content\/uploads\/2024\/12\/PORTADA.jpg\",\"contentUrl\":\"https:\/\/www.gridmag.com.mx\/wp-content\/uploads\/2024\/12\/PORTADA.jpg\",\"width\":1701,\"height\":873},{\"@type\":\"BreadcrumbList\",\"@id\":\"https:\/\/www.gridmag.com.mx\/index.php\/2024\/12\/23\/carmina-santos-la-inspiracion-de-cada-dia\/#breadcrumb\",\"itemListElement\":[{\"@type\":\"ListItem\",\"position\":1,\"name\":\"Inicio\",\"item\":\"https:\/\/www.gridmag.com.mx\/\"},{\"@type\":\"ListItem\",\"position\":2,\"name\":\"Carmina Santos | La inspiraci\u00f3n de cada d\u00eda\"}]},{\"@type\":\"WebSite\",\"@id\":\"https:\/\/www.gridmag.com.mx\/#website\",\"url\":\"https:\/\/www.gridmag.com.mx\/\",\"name\":\"Grid Magazine\",\"description\":\"Compartiendo lo mejor de la arquitectura y dise\u00f1o mexicano.\",\"publisher\":{\"@id\":\"https:\/\/www.gridmag.com.mx\/#organization\"},\"potentialAction\":[{\"@type\":\"SearchAction\",\"target\":{\"@type\":\"EntryPoint\",\"urlTemplate\":\"https:\/\/www.gridmag.com.mx\/?s={search_term_string}\"},\"query-input\":{\"@type\":\"PropertyValueSpecification\",\"valueRequired\":true,\"valueName\":\"search_term_string\"}}],\"inLanguage\":\"es\"},{\"@type\":\"Organization\",\"@id\":\"https:\/\/www.gridmag.com.mx\/#organization\",\"name\":\"Grid Magazine\",\"url\":\"https:\/\/www.gridmag.com.mx\/\",\"logo\":{\"@type\":\"ImageObject\",\"inLanguage\":\"es\",\"@id\":\"https:\/\/www.gridmag.com.mx\/#\/schema\/logo\/image\/\",\"url\":\"\",\"contentUrl\":\"\",\"caption\":\"Grid Magazine\"},\"image\":{\"@id\":\"https:\/\/www.gridmag.com.mx\/#\/schema\/logo\/image\/\"},\"sameAs\":[\"https:\/\/www.facebook.com\/gridmagazine.mx\",\"https:\/\/www.instagram.com\/gridmagazine_mx\/\",\"https:\/\/www.tiktok.com\/@gridmagazine.mx?_t=8gl2kVR2Aq6&_r=1\",\"https:\/\/www.linkedin.com\/company\/grid-magazine-mx\/\"]},{\"@type\":\"Person\",\"@id\":\"https:\/\/www.gridmag.com.mx\/#\/schema\/person\/d54cddc75e2ecfe4a55e39c0336ae932\",\"name\":\"Grid Magazine\",\"image\":{\"@type\":\"ImageObject\",\"inLanguage\":\"es\",\"@id\":\"https:\/\/www.gridmag.com.mx\/#\/schema\/person\/image\/\",\"url\":\"https:\/\/secure.gravatar.com\/avatar\/8e4bd50943002dd6ee9db30e5af749244f3e21206a99c4fb42429117eaacfc83?s=96&d=mm&r=g\",\"contentUrl\":\"https:\/\/secure.gravatar.com\/avatar\/8e4bd50943002dd6ee9db30e5af749244f3e21206a99c4fb42429117eaacfc83?s=96&d=mm&r=g\",\"caption\":\"Grid Magazine\"},\"sameAs\":[\"https:\/\/www.gridmag.com.mx\"],\"url\":\"https:\/\/www.gridmag.com.mx\/index.php\/author\/grid-magazine-arq\/\"}]}<\/script>\n<!-- \/ Yoast SEO plugin. -->","yoast_head_json":{"title":"Carmina Santos | La inspiraci\u00f3n de cada d\u00eda | Grid Magazine","description":"Escucha el episodio 13 de Todos Somos Dise\u00f1o con Carmina Santos de Casa Tierra, explorando c\u00f3mo la cer\u00e1mica conecta emociones y creatividad.","robots":{"index":"index","follow":"follow","max-snippet":"max-snippet:-1","max-image-preview":"max-image-preview:large","max-video-preview":"max-video-preview:-1"},"canonical":"https:\/\/www.gridmag.com.mx\/index.php\/2024\/12\/23\/carmina-santos-la-inspiracion-de-cada-dia\/","og_locale":"es_MX","og_type":"article","og_title":"Carmina Santos | La inspiraci\u00f3n de cada d\u00eda | Grid Magazine","og_description":"Escucha el episodio 13 de Todos Somos Dise\u00f1o con Carmina Santos de Casa Tierra, explorando c\u00f3mo la cer\u00e1mica conecta emociones y creatividad.","og_url":"https:\/\/www.gridmag.com.mx\/index.php\/2024\/12\/23\/carmina-santos-la-inspiracion-de-cada-dia\/","og_site_name":"Grid Magazine","article_publisher":"https:\/\/www.facebook.com\/gridmagazine.mx","article_published_time":"2024-12-23T17:24:25+00:00","article_modified_time":"2024-12-23T17:24:32+00:00","og_image":[{"width":1701,"height":873,"url":"https:\/\/www.gridmag.com.mx\/wp-content\/uploads\/2024\/12\/PORTADA.jpg","type":"image\/jpeg"}],"author":"Grid Magazine","twitter_card":"summary_large_image","twitter_misc":{"Escrito por":"Grid Magazine","Tiempo de lectura":"2 minutos"},"schema":{"@context":"https:\/\/schema.org","@graph":[{"@type":"Article","@id":"https:\/\/www.gridmag.com.mx\/index.php\/2024\/12\/23\/carmina-santos-la-inspiracion-de-cada-dia\/#article","isPartOf":{"@id":"https:\/\/www.gridmag.com.mx\/index.php\/2024\/12\/23\/carmina-santos-la-inspiracion-de-cada-dia\/"},"author":{"name":"Grid Magazine","@id":"https:\/\/www.gridmag.com.mx\/#\/schema\/person\/d54cddc75e2ecfe4a55e39c0336ae932"},"headline":"Carmina Santos | La inspiraci\u00f3n de cada d\u00eda","datePublished":"2024-12-23T17:24:25+00:00","dateModified":"2024-12-23T17:24:32+00:00","mainEntityOfPage":{"@id":"https:\/\/www.gridmag.com.mx\/index.php\/2024\/12\/23\/carmina-santos-la-inspiracion-de-cada-dia\/"},"wordCount":373,"commentCount":0,"publisher":{"@id":"https:\/\/www.gridmag.com.mx\/#organization"},"image":{"@id":"https:\/\/www.gridmag.com.mx\/index.php\/2024\/12\/23\/carmina-santos-la-inspiracion-de-cada-dia\/#primaryimage"},"thumbnailUrl":"https:\/\/www.gridmag.com.mx\/wp-content\/uploads\/2024\/12\/PORTADA.jpg","articleSection":["Creativos"],"inLanguage":"es","potentialAction":[{"@type":"CommentAction","name":"Comment","target":["https:\/\/www.gridmag.com.mx\/index.php\/2024\/12\/23\/carmina-santos-la-inspiracion-de-cada-dia\/#respond"]}]},{"@type":"WebPage","@id":"https:\/\/www.gridmag.com.mx\/index.php\/2024\/12\/23\/carmina-santos-la-inspiracion-de-cada-dia\/","url":"https:\/\/www.gridmag.com.mx\/index.php\/2024\/12\/23\/carmina-santos-la-inspiracion-de-cada-dia\/","name":"Carmina Santos | La inspiraci\u00f3n de cada d\u00eda | Grid Magazine","isPartOf":{"@id":"https:\/\/www.gridmag.com.mx\/#website"},"primaryImageOfPage":{"@id":"https:\/\/www.gridmag.com.mx\/index.php\/2024\/12\/23\/carmina-santos-la-inspiracion-de-cada-dia\/#primaryimage"},"image":{"@id":"https:\/\/www.gridmag.com.mx\/index.php\/2024\/12\/23\/carmina-santos-la-inspiracion-de-cada-dia\/#primaryimage"},"thumbnailUrl":"https:\/\/www.gridmag.com.mx\/wp-content\/uploads\/2024\/12\/PORTADA.jpg","datePublished":"2024-12-23T17:24:25+00:00","dateModified":"2024-12-23T17:24:32+00:00","description":"Escucha el episodio 13 de Todos Somos Dise\u00f1o con Carmina Santos de Casa Tierra, explorando c\u00f3mo la cer\u00e1mica conecta emociones y creatividad.","breadcrumb":{"@id":"https:\/\/www.gridmag.com.mx\/index.php\/2024\/12\/23\/carmina-santos-la-inspiracion-de-cada-dia\/#breadcrumb"},"inLanguage":"es","potentialAction":[{"@type":"ReadAction","target":["https:\/\/www.gridmag.com.mx\/index.php\/2024\/12\/23\/carmina-santos-la-inspiracion-de-cada-dia\/"]}]},{"@type":"ImageObject","inLanguage":"es","@id":"https:\/\/www.gridmag.com.mx\/index.php\/2024\/12\/23\/carmina-santos-la-inspiracion-de-cada-dia\/#primaryimage","url":"https:\/\/www.gridmag.com.mx\/wp-content\/uploads\/2024\/12\/PORTADA.jpg","contentUrl":"https:\/\/www.gridmag.com.mx\/wp-content\/uploads\/2024\/12\/PORTADA.jpg","width":1701,"height":873},{"@type":"BreadcrumbList","@id":"https:\/\/www.gridmag.com.mx\/index.php\/2024\/12\/23\/carmina-santos-la-inspiracion-de-cada-dia\/#breadcrumb","itemListElement":[{"@type":"ListItem","position":1,"name":"Inicio","item":"https:\/\/www.gridmag.com.mx\/"},{"@type":"ListItem","position":2,"name":"Carmina Santos | La inspiraci\u00f3n de cada d\u00eda"}]},{"@type":"WebSite","@id":"https:\/\/www.gridmag.com.mx\/#website","url":"https:\/\/www.gridmag.com.mx\/","name":"Grid Magazine","description":"Compartiendo lo mejor de la arquitectura y dise\u00f1o mexicano.","publisher":{"@id":"https:\/\/www.gridmag.com.mx\/#organization"},"potentialAction":[{"@type":"SearchAction","target":{"@type":"EntryPoint","urlTemplate":"https:\/\/www.gridmag.com.mx\/?s={search_term_string}"},"query-input":{"@type":"PropertyValueSpecification","valueRequired":true,"valueName":"search_term_string"}}],"inLanguage":"es"},{"@type":"Organization","@id":"https:\/\/www.gridmag.com.mx\/#organization","name":"Grid Magazine","url":"https:\/\/www.gridmag.com.mx\/","logo":{"@type":"ImageObject","inLanguage":"es","@id":"https:\/\/www.gridmag.com.mx\/#\/schema\/logo\/image\/","url":"","contentUrl":"","caption":"Grid Magazine"},"image":{"@id":"https:\/\/www.gridmag.com.mx\/#\/schema\/logo\/image\/"},"sameAs":["https:\/\/www.facebook.com\/gridmagazine.mx","https:\/\/www.instagram.com\/gridmagazine_mx\/","https:\/\/www.tiktok.com\/@gridmagazine.mx?_t=8gl2kVR2Aq6&_r=1","https:\/\/www.linkedin.com\/company\/grid-magazine-mx\/"]},{"@type":"Person","@id":"https:\/\/www.gridmag.com.mx\/#\/schema\/person\/d54cddc75e2ecfe4a55e39c0336ae932","name":"Grid Magazine","image":{"@type":"ImageObject","inLanguage":"es","@id":"https:\/\/www.gridmag.com.mx\/#\/schema\/person\/image\/","url":"https:\/\/secure.gravatar.com\/avatar\/8e4bd50943002dd6ee9db30e5af749244f3e21206a99c4fb42429117eaacfc83?s=96&d=mm&r=g","contentUrl":"https:\/\/secure.gravatar.com\/avatar\/8e4bd50943002dd6ee9db30e5af749244f3e21206a99c4fb42429117eaacfc83?s=96&d=mm&r=g","caption":"Grid Magazine"},"sameAs":["https:\/\/www.gridmag.com.mx"],"url":"https:\/\/www.gridmag.com.mx\/index.php\/author\/grid-magazine-arq\/"}]}},"_links":{"self":[{"href":"https:\/\/www.gridmag.com.mx\/index.php\/wp-json\/wp\/v2\/posts\/9030","targetHints":{"allow":["GET"]}}],"collection":[{"href":"https:\/\/www.gridmag.com.mx\/index.php\/wp-json\/wp\/v2\/posts"}],"about":[{"href":"https:\/\/www.gridmag.com.mx\/index.php\/wp-json\/wp\/v2\/types\/post"}],"author":[{"embeddable":true,"href":"https:\/\/www.gridmag.com.mx\/index.php\/wp-json\/wp\/v2\/users\/1"}],"replies":[{"embeddable":true,"href":"https:\/\/www.gridmag.com.mx\/index.php\/wp-json\/wp\/v2\/comments?post=9030"}],"version-history":[{"count":1,"href":"https:\/\/www.gridmag.com.mx\/index.php\/wp-json\/wp\/v2\/posts\/9030\/revisions"}],"predecessor-version":[{"id":9033,"href":"https:\/\/www.gridmag.com.mx\/index.php\/wp-json\/wp\/v2\/posts\/9030\/revisions\/9033"}],"wp:featuredmedia":[{"embeddable":true,"href":"https:\/\/www.gridmag.com.mx\/index.php\/wp-json\/wp\/v2\/media\/9031"}],"wp:attachment":[{"href":"https:\/\/www.gridmag.com.mx\/index.php\/wp-json\/wp\/v2\/media?parent=9030"}],"wp:term":[{"taxonomy":"category","embeddable":true,"href":"https:\/\/www.gridmag.com.mx\/index.php\/wp-json\/wp\/v2\/categories?post=9030"},{"taxonomy":"post_tag","embeddable":true,"href":"https:\/\/www.gridmag.com.mx\/index.php\/wp-json\/wp\/v2\/tags?post=9030"}],"curies":[{"name":"wp","href":"https:\/\/api.w.org\/{rel}","templated":true}]}}