{"id":9066,"date":"2025-02-07T09:00:00","date_gmt":"2025-02-07T15:00:00","guid":{"rendered":"https:\/\/www.gridmag.com.mx\/?p=9066"},"modified":"2025-02-06T23:30:55","modified_gmt":"2025-02-07T05:30:55","slug":"zonamaco-2025-el-mayor-evento-de-arte-y-diseno-en-latinoamerica-vuelve-a-cdmx","status":"publish","type":"post","link":"https:\/\/www.gridmag.com.mx\/index.php\/2025\/02\/07\/zonamaco-2025-el-mayor-evento-de-arte-y-diseno-en-latinoamerica-vuelve-a-cdmx\/","title":{"rendered":"ZONAMACO 2025 | Regresa a CDMX"},"content":{"rendered":"\n\n\n<p>ZONAMACO, la plataforma internacional de arte, dise\u00f1o, fotograf\u00eda y antig\u00fcedades m\u00e1s influyente de Am\u00e9rica Latina, regresa a la Ciudad de M\u00e9xico del 5 al 9 de febrero de 2025. En su edici\u00f3n 21, reunir\u00e1 a m\u00e1s de 200 galer\u00edas de 30 pa\u00edses, consolidando su posici\u00f3n como el evento clave del calendario cultural internacional.<\/p>\n\n\n\n<figure class=\"wp-block-image size-large\"><img decoding=\"async\" width=\"1024\" height=\"732\" src=\"https:\/\/www.gridmag.com.mx\/wp-content\/uploads\/2025\/02\/PALMA-1024x732.jpg\" alt=\"ZONAMACO\" class=\"wp-image-9067\" srcset=\"https:\/\/www.gridmag.com.mx\/wp-content\/uploads\/2025\/02\/PALMA-1024x732.jpg 1024w, https:\/\/www.gridmag.com.mx\/wp-content\/uploads\/2025\/02\/PALMA-300x215.jpg 300w, https:\/\/www.gridmag.com.mx\/wp-content\/uploads\/2025\/02\/PALMA-768x549.jpg 768w, https:\/\/www.gridmag.com.mx\/wp-content\/uploads\/2025\/02\/PALMA-1536x1098.jpg 1536w, https:\/\/www.gridmag.com.mx\/wp-content\/uploads\/2025\/02\/PALMA-2048x1464.jpg 2048w, https:\/\/www.gridmag.com.mx\/wp-content\/uploads\/2025\/02\/PALMA-770x551.jpg 770w, https:\/\/www.gridmag.com.mx\/wp-content\/uploads\/2025\/02\/PALMA-1400x1001.jpg 1400w\" sizes=\"(max-width: 1024px) 100vw, 1024px\" \/><\/figure>\n\n\n\n<h2 class=\"wp-block-heading\">Un encuentro global de creatividad y expresi\u00f3n art\u00edstica<\/h2>\n\n\n\n<p>ZONAMACO 2025 presentar\u00e1 una oferta multidisciplinaria a trav\u00e9s de sus diferentes secciones:<\/p>\n\n\n\n<h2 class=\"wp-block-heading\"><strong>ZONAMACO Arte Contempor\u00e1neo<\/strong><\/h2>\n\n\n\n<p>Con la Secci\u00f3n General, ZONAMACO Sur, Arte Moderno y Ejes, ofreciendo una visi\u00f3n diversa del arte global.<\/p>\n\n\n\n<figure class=\"wp-block-image size-large\"><img decoding=\"async\" width=\"869\" height=\"1024\" src=\"https:\/\/www.gridmag.com.mx\/wp-content\/uploads\/2025\/02\/01SELECCIONADA-869x1024.jpg\" alt=\"ZONAMACO\" class=\"wp-image-9073\" srcset=\"https:\/\/www.gridmag.com.mx\/wp-content\/uploads\/2025\/02\/01SELECCIONADA-869x1024.jpg 869w, https:\/\/www.gridmag.com.mx\/wp-content\/uploads\/2025\/02\/01SELECCIONADA-255x300.jpg 255w, https:\/\/www.gridmag.com.mx\/wp-content\/uploads\/2025\/02\/01SELECCIONADA-768x905.jpg 768w, https:\/\/www.gridmag.com.mx\/wp-content\/uploads\/2025\/02\/01SELECCIONADA-1304x1536.jpg 1304w, https:\/\/www.gridmag.com.mx\/wp-content\/uploads\/2025\/02\/01SELECCIONADA-1739x2048.jpg 1739w, https:\/\/www.gridmag.com.mx\/wp-content\/uploads\/2025\/02\/01SELECCIONADA-770x907.jpg 770w, https:\/\/www.gridmag.com.mx\/wp-content\/uploads\/2025\/02\/01SELECCIONADA-1400x1649.jpg 1400w, https:\/\/www.gridmag.com.mx\/wp-content\/uploads\/2025\/02\/01SELECCIONADA.jpg 1843w\" sizes=\"(max-width: 869px) 100vw, 869px\" \/><\/figure>\n\n\n\n<h2 class=\"wp-block-heading\"><strong>Dise\u00f1o y Dise\u00f1o Emergente<\/strong><\/h2>\n\n\n\n<p>Espacio dedicado a piezas de dise\u00f1o contempor\u00e1neo y nuevas propuestas creativas.<\/p>\n\n\n\n<figure class=\"wp-block-image size-large\"><img decoding=\"async\" width=\"1024\" height=\"1024\" src=\"https:\/\/www.gridmag.com.mx\/wp-content\/uploads\/2025\/02\/ANTIGUEDADES-ARGANDONA_S-1024x1024.jpg\" alt=\"\" class=\"wp-image-9068\" srcset=\"https:\/\/www.gridmag.com.mx\/wp-content\/uploads\/2025\/02\/ANTIGUEDADES-ARGANDONA_S-1024x1024.jpg 1024w, https:\/\/www.gridmag.com.mx\/wp-content\/uploads\/2025\/02\/ANTIGUEDADES-ARGANDONA_S-300x300.jpg 300w, https:\/\/www.gridmag.com.mx\/wp-content\/uploads\/2025\/02\/ANTIGUEDADES-ARGANDONA_S-150x150.jpg 150w, https:\/\/www.gridmag.com.mx\/wp-content\/uploads\/2025\/02\/ANTIGUEDADES-ARGANDONA_S-768x768.jpg 768w, https:\/\/www.gridmag.com.mx\/wp-content\/uploads\/2025\/02\/ANTIGUEDADES-ARGANDONA_S-120x120.jpg 120w, https:\/\/www.gridmag.com.mx\/wp-content\/uploads\/2025\/02\/ANTIGUEDADES-ARGANDONA_S-240x240.jpg 240w, https:\/\/www.gridmag.com.mx\/wp-content\/uploads\/2025\/02\/ANTIGUEDADES-ARGANDONA_S-360x360.jpg 360w, https:\/\/www.gridmag.com.mx\/wp-content\/uploads\/2025\/02\/ANTIGUEDADES-ARGANDONA_S-540x540.jpg 540w, https:\/\/www.gridmag.com.mx\/wp-content\/uploads\/2025\/02\/ANTIGUEDADES-ARGANDONA_S-720x720.jpg 720w, https:\/\/www.gridmag.com.mx\/wp-content\/uploads\/2025\/02\/ANTIGUEDADES-ARGANDONA_S-770x770.jpg 770w, https:\/\/www.gridmag.com.mx\/wp-content\/uploads\/2025\/02\/ANTIGUEDADES-ARGANDONA_S-125x125.jpg 125w, https:\/\/www.gridmag.com.mx\/wp-content\/uploads\/2025\/02\/ANTIGUEDADES-ARGANDONA_S.jpg 1134w\" sizes=\"(max-width: 1024px) 100vw, 1024px\" \/><\/figure>\n\n\n\n<h2 class=\"wp-block-heading\"><strong>ZONAMACO Sal\u00f3n del Anticuario<\/strong><\/h2>\n\n\n\n<p>Un homenaje a las antig\u00fcedades y piezas patrimoniales de gran valor hist\u00f3rico.<\/p>\n\n\n\n<figure class=\"wp-block-image size-large\"><img decoding=\"async\" width=\"1024\" height=\"633\" src=\"https:\/\/www.gridmag.com.mx\/wp-content\/uploads\/2025\/02\/Isolina-Arbulu-1024x633.jpg\" alt=\"ZONAMACO\" class=\"wp-image-9069\" srcset=\"https:\/\/www.gridmag.com.mx\/wp-content\/uploads\/2025\/02\/Isolina-Arbulu-1024x633.jpg 1024w, https:\/\/www.gridmag.com.mx\/wp-content\/uploads\/2025\/02\/Isolina-Arbulu-300x186.jpg 300w, https:\/\/www.gridmag.com.mx\/wp-content\/uploads\/2025\/02\/Isolina-Arbulu-768x475.jpg 768w, https:\/\/www.gridmag.com.mx\/wp-content\/uploads\/2025\/02\/Isolina-Arbulu-1536x950.jpg 1536w, https:\/\/www.gridmag.com.mx\/wp-content\/uploads\/2025\/02\/Isolina-Arbulu-2048x1267.jpg 2048w, https:\/\/www.gridmag.com.mx\/wp-content\/uploads\/2025\/02\/Isolina-Arbulu-770x476.jpg 770w, https:\/\/www.gridmag.com.mx\/wp-content\/uploads\/2025\/02\/Isolina-Arbulu-1400x866.jpg 1400w\" sizes=\"(max-width: 1024px) 100vw, 1024px\" \/><\/figure>\n\n\n\n<h2 class=\"wp-block-heading\"><strong>ZONAMACO Foto<\/strong><\/h2>\n\n\n\n<p>Exhibe fotograf\u00eda documental y conceptual con artistas emergentes y consolidados.<\/p>\n\n\n\n<h2 class=\"wp-block-heading\">Curadur\u00edas de alto nivel<\/h2>\n\n\n\n<p>Las curadur\u00edas de esta edici\u00f3n estar\u00e1n a cargo de figuras clave del arte, como Manuela Moscoso en ZONAMACO Sur, Esteban King en Arte Moderno y Bernardo Mosqueira en la secci\u00f3n Ejes. Estos expertos han seleccionado obras que desaf\u00edan narrativas tradicionales e invitan a la reflexi\u00f3n sobre identidad, memoria y comunidad.<\/p>\n\n\n\n<figure class=\"wp-block-image size-large\"><img decoding=\"async\" width=\"1024\" height=\"683\" src=\"https:\/\/www.gridmag.com.mx\/wp-content\/uploads\/2025\/02\/Afriart-Gallery-1024x683.jpg\" alt=\"\" class=\"wp-image-9071\" srcset=\"https:\/\/www.gridmag.com.mx\/wp-content\/uploads\/2025\/02\/Afriart-Gallery-1024x683.jpg 1024w, https:\/\/www.gridmag.com.mx\/wp-content\/uploads\/2025\/02\/Afriart-Gallery-300x200.jpg 300w, https:\/\/www.gridmag.com.mx\/wp-content\/uploads\/2025\/02\/Afriart-Gallery-768x512.jpg 768w, https:\/\/www.gridmag.com.mx\/wp-content\/uploads\/2025\/02\/Afriart-Gallery-1536x1024.jpg 1536w, https:\/\/www.gridmag.com.mx\/wp-content\/uploads\/2025\/02\/Afriart-Gallery-2048x1365.jpg 2048w, https:\/\/www.gridmag.com.mx\/wp-content\/uploads\/2025\/02\/Afriart-Gallery-360x240.jpg 360w, https:\/\/www.gridmag.com.mx\/wp-content\/uploads\/2025\/02\/Afriart-Gallery-720x480.jpg 720w, https:\/\/www.gridmag.com.mx\/wp-content\/uploads\/2025\/02\/Afriart-Gallery-770x513.jpg 770w, https:\/\/www.gridmag.com.mx\/wp-content\/uploads\/2025\/02\/Afriart-Gallery-1400x933.jpg 1400w\" sizes=\"(max-width: 1024px) 100vw, 1024px\" \/><\/figure>\n\n\n\n<h2 class=\"wp-block-heading\">Reconocimientos y premios<\/h2>\n\n\n\n<p>Como parte de su compromiso con el impulso del talento art\u00edstico, ZONAMACO 2025 otorgar\u00e1 importantes premios, entre ellos:<\/p>\n\n\n\n<ul class=\"wp-block-list\">\n<li><strong>Premio Erarta Foundation<\/strong>: $100,000 USD para la obra destacada por el p\u00fablico.<\/li>\n\n\n\n<li><strong>Premio Tequila 1800 Colecci\u00f3n<\/strong>: Apoyo a artistas emergentes en diversas disciplinas.<\/li>\n\n\n\n<li><strong>Premio AXA de Arte<\/strong>: $200,000 MXN para fomentar el arte de mujeres artistas mexicanas.<\/li>\n\n\n\n<li><strong>Residencias art\u00edsticas en Casa Wabi y Fountainhead Arts<\/strong>: Oportunidades para creadores en Oaxaca y Miami.<\/li>\n<\/ul>\n\n\n\n<figure class=\"wp-block-image size-full\"><img decoding=\"async\" width=\"563\" height=\"704\" src=\"https:\/\/www.gridmag.com.mx\/wp-content\/uploads\/2025\/02\/BREUER.jpg\" alt=\"ZONAMACO\" class=\"wp-image-9072\" srcset=\"https:\/\/www.gridmag.com.mx\/wp-content\/uploads\/2025\/02\/BREUER.jpg 563w, https:\/\/www.gridmag.com.mx\/wp-content\/uploads\/2025\/02\/BREUER-240x300.jpg 240w\" sizes=\"(max-width: 563px) 100vw, 563px\" \/><\/figure>\n\n\n\n<h2 class=\"wp-block-heading\">La Semana del Arte en CDMX<\/h2>\n\n\n\n<p>M\u00e1s de 90 instituciones culturales y espacios independientes se suman a la programaci\u00f3n de ZONAMACO 2025, incluyendo exposiciones en museos de renombre como el MUAC, Museo Tamayo y Museo Jumex. Adem\u00e1s, la feria contar\u00e1 con actividades paralelas como conferencias, visitas guiadas y eventos nocturnos exclusivos.<\/p>\n\n\n\n<figure class=\"wp-block-image size-large\"><img decoding=\"async\" width=\"1024\" height=\"509\" src=\"https:\/\/www.gridmag.com.mx\/wp-content\/uploads\/2025\/02\/Galeria-Consigna-1024x509.png\" alt=\"ZONAMACO\" class=\"wp-image-9074\" srcset=\"https:\/\/www.gridmag.com.mx\/wp-content\/uploads\/2025\/02\/Galeria-Consigna-1024x509.png 1024w, https:\/\/www.gridmag.com.mx\/wp-content\/uploads\/2025\/02\/Galeria-Consigna-300x149.png 300w, https:\/\/www.gridmag.com.mx\/wp-content\/uploads\/2025\/02\/Galeria-Consigna-768x382.png 768w, https:\/\/www.gridmag.com.mx\/wp-content\/uploads\/2025\/02\/Galeria-Consigna-770x383.png 770w, https:\/\/www.gridmag.com.mx\/wp-content\/uploads\/2025\/02\/Galeria-Consigna-1400x697.png 1400w, https:\/\/www.gridmag.com.mx\/wp-content\/uploads\/2025\/02\/Galeria-Consigna.png 1417w\" sizes=\"(max-width: 1024px) 100vw, 1024px\" \/><\/figure>\n\n\n\n<h2 class=\"wp-block-heading\">Feria virtual y editorial<\/h2>\n\n\n\n<p>ZONAMACO continuar\u00e1 expandiendo su alcance con su plataforma virtual en colaboraci\u00f3n con Always Art, facilitando la interacci\u00f3n entre galeristas, coleccionistas y artistas. Tambi\u00e9n contar\u00e1 con la participaci\u00f3n de 29 editoriales y 50 revistas especializadas, consolidando su papel como referente en la difusi\u00f3n cultural.<\/p>\n\n\n\n<h2 class=\"wp-block-heading\">Cierre con Artsy Nights<\/h2>\n\n\n\n<p>El 7 de febrero se celebrar\u00e1 Artsy Nights, la fiesta oficial de ZONAMACO, con la presencia de la reconocida DJ Honey Dijon. Este evento promete ser una de las experiencias m\u00e1s exclusivas del a\u00f1o en la Ciudad de M\u00e9xico.<\/p>\n\n\n\n<p><strong>No te pierdas ZONAMACO 2025, la cita obligada para amantes del arte, el dise\u00f1o y la cultura.<\/strong><\/p>\n\n\n\n<p>IG: @<a href=\"https:\/\/www.instagram.com\/zonamaco\/#\">zonamaco<\/a><\/p>\n","protected":false},"excerpt":{"rendered":"<p>ZONAMACO, la plataforma internacional de arte, dise\u00f1o, fotograf\u00eda y antig\u00fcedades m\u00e1s influyente de Am\u00e9rica Latina, regresa a la Ciudad de M\u00e9xico del 5 al 9 de febrero de 2025. En su edici\u00f3n 21, reunir\u00e1 a m\u00e1s de 200 galer\u00edas de 30 pa\u00edses, consolidando su posici\u00f3n como el evento clave del calendario cultural internacional. Un encuentro global de creatividad y expresi\u00f3n art\u00edstica ZONAMACO 2025 presentar\u00e1 una oferta multidisciplinaria a trav\u00e9s de sus diferentes secciones: ZONAMACO Arte Contempor\u00e1neo Con la Secci\u00f3n General, [&hellip;]<\/p>\n","protected":false},"author":1,"featured_media":9070,"comment_status":"open","ping_status":"open","sticky":false,"template":"","format":"standard","meta":{"footnotes":""},"categories":[53,55],"tags":[],"class_list":["post-9066","post","type-post","status-publish","format-standard","has-post-thumbnail","hentry","category-arte","category-creativos"],"yoast_head":"<!-- This site is optimized with the Yoast SEO plugin v27.0 - https:\/\/yoast.com\/product\/yoast-seo-wordpress\/ -->\n<title>ZONAMACO 2025 | Regresa a CDMX | Grid Magazine<\/title>\n<meta name=\"description\" content=\"ZONAMACO 2025 regresa del 5 al 9 de febrero a CDMX con m\u00e1s de 200 galer\u00edas y un programa imperdible de arte, dise\u00f1o, foto y antig\u00fcedades.\" \/>\n<meta name=\"robots\" content=\"index, follow, max-snippet:-1, max-image-preview:large, max-video-preview:-1\" \/>\n<link rel=\"canonical\" href=\"https:\/\/www.gridmag.com.mx\/index.php\/2025\/02\/07\/zonamaco-2025-el-mayor-evento-de-arte-y-diseno-en-latinoamerica-vuelve-a-cdmx\/\" \/>\n<meta property=\"og:locale\" content=\"es_MX\" \/>\n<meta property=\"og:type\" content=\"article\" \/>\n<meta property=\"og:title\" content=\"ZONAMACO 2025 | Regresa a CDMX | Grid Magazine\" \/>\n<meta property=\"og:description\" content=\"ZONAMACO 2025 regresa del 5 al 9 de febrero a CDMX con m\u00e1s de 200 galer\u00edas y un programa imperdible de arte, dise\u00f1o, foto y antig\u00fcedades.\" \/>\n<meta property=\"og:url\" content=\"https:\/\/www.gridmag.com.mx\/index.php\/2025\/02\/07\/zonamaco-2025-el-mayor-evento-de-arte-y-diseno-en-latinoamerica-vuelve-a-cdmx\/\" \/>\n<meta property=\"og:site_name\" content=\"Grid Magazine\" \/>\n<meta property=\"article:publisher\" content=\"https:\/\/www.facebook.com\/gridmagazine.mx\" \/>\n<meta property=\"article:published_time\" content=\"2025-02-07T15:00:00+00:00\" \/>\n<meta property=\"og:image\" content=\"https:\/\/www.gridmag.com.mx\/wp-content\/uploads\/2025\/02\/193-Gallery.jpg\" \/>\n\t<meta property=\"og:image:width\" content=\"2126\" \/>\n\t<meta property=\"og:image:height\" content=\"1195\" \/>\n\t<meta property=\"og:image:type\" content=\"image\/jpeg\" \/>\n<meta name=\"author\" content=\"Grid Magazine\" \/>\n<meta name=\"twitter:card\" content=\"summary_large_image\" \/>\n<meta name=\"twitter:label1\" content=\"Escrito por\" \/>\n\t<meta name=\"twitter:data1\" content=\"Grid Magazine\" \/>\n\t<meta name=\"twitter:label2\" content=\"Tiempo de lectura\" \/>\n\t<meta name=\"twitter:data2\" content=\"4 minutos\" \/>\n<script type=\"application\/ld+json\" class=\"yoast-schema-graph\">{\"@context\":\"https:\/\/schema.org\",\"@graph\":[{\"@type\":\"Article\",\"@id\":\"https:\/\/www.gridmag.com.mx\/index.php\/2025\/02\/07\/zonamaco-2025-el-mayor-evento-de-arte-y-diseno-en-latinoamerica-vuelve-a-cdmx\/#article\",\"isPartOf\":{\"@id\":\"https:\/\/www.gridmag.com.mx\/index.php\/2025\/02\/07\/zonamaco-2025-el-mayor-evento-de-arte-y-diseno-en-latinoamerica-vuelve-a-cdmx\/\"},\"author\":{\"name\":\"Grid Magazine\",\"@id\":\"https:\/\/www.gridmag.com.mx\/#\/schema\/person\/d54cddc75e2ecfe4a55e39c0336ae932\"},\"headline\":\"ZONAMACO 2025 | Regresa a CDMX\",\"datePublished\":\"2025-02-07T15:00:00+00:00\",\"mainEntityOfPage\":{\"@id\":\"https:\/\/www.gridmag.com.mx\/index.php\/2025\/02\/07\/zonamaco-2025-el-mayor-evento-de-arte-y-diseno-en-latinoamerica-vuelve-a-cdmx\/\"},\"wordCount\":458,\"commentCount\":0,\"publisher\":{\"@id\":\"https:\/\/www.gridmag.com.mx\/#organization\"},\"image\":{\"@id\":\"https:\/\/www.gridmag.com.mx\/index.php\/2025\/02\/07\/zonamaco-2025-el-mayor-evento-de-arte-y-diseno-en-latinoamerica-vuelve-a-cdmx\/#primaryimage\"},\"thumbnailUrl\":\"https:\/\/www.gridmag.com.mx\/wp-content\/uploads\/2025\/02\/193-Gallery.jpg\",\"articleSection\":[\"Arte\",\"Creativos\"],\"inLanguage\":\"es\",\"potentialAction\":[{\"@type\":\"CommentAction\",\"name\":\"Comment\",\"target\":[\"https:\/\/www.gridmag.com.mx\/index.php\/2025\/02\/07\/zonamaco-2025-el-mayor-evento-de-arte-y-diseno-en-latinoamerica-vuelve-a-cdmx\/#respond\"]}]},{\"@type\":\"WebPage\",\"@id\":\"https:\/\/www.gridmag.com.mx\/index.php\/2025\/02\/07\/zonamaco-2025-el-mayor-evento-de-arte-y-diseno-en-latinoamerica-vuelve-a-cdmx\/\",\"url\":\"https:\/\/www.gridmag.com.mx\/index.php\/2025\/02\/07\/zonamaco-2025-el-mayor-evento-de-arte-y-diseno-en-latinoamerica-vuelve-a-cdmx\/\",\"name\":\"ZONAMACO 2025 | Regresa a CDMX | Grid Magazine\",\"isPartOf\":{\"@id\":\"https:\/\/www.gridmag.com.mx\/#website\"},\"primaryImageOfPage\":{\"@id\":\"https:\/\/www.gridmag.com.mx\/index.php\/2025\/02\/07\/zonamaco-2025-el-mayor-evento-de-arte-y-diseno-en-latinoamerica-vuelve-a-cdmx\/#primaryimage\"},\"image\":{\"@id\":\"https:\/\/www.gridmag.com.mx\/index.php\/2025\/02\/07\/zonamaco-2025-el-mayor-evento-de-arte-y-diseno-en-latinoamerica-vuelve-a-cdmx\/#primaryimage\"},\"thumbnailUrl\":\"https:\/\/www.gridmag.com.mx\/wp-content\/uploads\/2025\/02\/193-Gallery.jpg\",\"datePublished\":\"2025-02-07T15:00:00+00:00\",\"description\":\"ZONAMACO 2025 regresa del 5 al 9 de febrero a CDMX con m\u00e1s de 200 galer\u00edas y un programa imperdible de arte, dise\u00f1o, foto y antig\u00fcedades.\",\"breadcrumb\":{\"@id\":\"https:\/\/www.gridmag.com.mx\/index.php\/2025\/02\/07\/zonamaco-2025-el-mayor-evento-de-arte-y-diseno-en-latinoamerica-vuelve-a-cdmx\/#breadcrumb\"},\"inLanguage\":\"es\",\"potentialAction\":[{\"@type\":\"ReadAction\",\"target\":[\"https:\/\/www.gridmag.com.mx\/index.php\/2025\/02\/07\/zonamaco-2025-el-mayor-evento-de-arte-y-diseno-en-latinoamerica-vuelve-a-cdmx\/\"]}]},{\"@type\":\"ImageObject\",\"inLanguage\":\"es\",\"@id\":\"https:\/\/www.gridmag.com.mx\/index.php\/2025\/02\/07\/zonamaco-2025-el-mayor-evento-de-arte-y-diseno-en-latinoamerica-vuelve-a-cdmx\/#primaryimage\",\"url\":\"https:\/\/www.gridmag.com.mx\/wp-content\/uploads\/2025\/02\/193-Gallery.jpg\",\"contentUrl\":\"https:\/\/www.gridmag.com.mx\/wp-content\/uploads\/2025\/02\/193-Gallery.jpg\",\"width\":2126,\"height\":1195},{\"@type\":\"BreadcrumbList\",\"@id\":\"https:\/\/www.gridmag.com.mx\/index.php\/2025\/02\/07\/zonamaco-2025-el-mayor-evento-de-arte-y-diseno-en-latinoamerica-vuelve-a-cdmx\/#breadcrumb\",\"itemListElement\":[{\"@type\":\"ListItem\",\"position\":1,\"name\":\"Inicio\",\"item\":\"https:\/\/www.gridmag.com.mx\/\"},{\"@type\":\"ListItem\",\"position\":2,\"name\":\"ZONAMACO 2025 | Regresa a CDMX\"}]},{\"@type\":\"WebSite\",\"@id\":\"https:\/\/www.gridmag.com.mx\/#website\",\"url\":\"https:\/\/www.gridmag.com.mx\/\",\"name\":\"Grid Magazine\",\"description\":\"Compartiendo lo mejor de la arquitectura y dise\u00f1o mexicano.\",\"publisher\":{\"@id\":\"https:\/\/www.gridmag.com.mx\/#organization\"},\"potentialAction\":[{\"@type\":\"SearchAction\",\"target\":{\"@type\":\"EntryPoint\",\"urlTemplate\":\"https:\/\/www.gridmag.com.mx\/?s={search_term_string}\"},\"query-input\":{\"@type\":\"PropertyValueSpecification\",\"valueRequired\":true,\"valueName\":\"search_term_string\"}}],\"inLanguage\":\"es\"},{\"@type\":\"Organization\",\"@id\":\"https:\/\/www.gridmag.com.mx\/#organization\",\"name\":\"Grid Magazine\",\"url\":\"https:\/\/www.gridmag.com.mx\/\",\"logo\":{\"@type\":\"ImageObject\",\"inLanguage\":\"es\",\"@id\":\"https:\/\/www.gridmag.com.mx\/#\/schema\/logo\/image\/\",\"url\":\"\",\"contentUrl\":\"\",\"caption\":\"Grid Magazine\"},\"image\":{\"@id\":\"https:\/\/www.gridmag.com.mx\/#\/schema\/logo\/image\/\"},\"sameAs\":[\"https:\/\/www.facebook.com\/gridmagazine.mx\",\"https:\/\/www.instagram.com\/gridmagazine_mx\/\",\"https:\/\/www.tiktok.com\/@gridmagazine.mx?_t=8gl2kVR2Aq6&_r=1\",\"https:\/\/www.linkedin.com\/company\/grid-magazine-mx\/\"]},{\"@type\":\"Person\",\"@id\":\"https:\/\/www.gridmag.com.mx\/#\/schema\/person\/d54cddc75e2ecfe4a55e39c0336ae932\",\"name\":\"Grid Magazine\",\"image\":{\"@type\":\"ImageObject\",\"inLanguage\":\"es\",\"@id\":\"https:\/\/www.gridmag.com.mx\/#\/schema\/person\/image\/\",\"url\":\"https:\/\/secure.gravatar.com\/avatar\/8e4bd50943002dd6ee9db30e5af749244f3e21206a99c4fb42429117eaacfc83?s=96&d=mm&r=g\",\"contentUrl\":\"https:\/\/secure.gravatar.com\/avatar\/8e4bd50943002dd6ee9db30e5af749244f3e21206a99c4fb42429117eaacfc83?s=96&d=mm&r=g\",\"caption\":\"Grid Magazine\"},\"sameAs\":[\"https:\/\/www.gridmag.com.mx\"],\"url\":\"https:\/\/www.gridmag.com.mx\/index.php\/author\/grid-magazine-arq\/\"}]}<\/script>\n<!-- \/ Yoast SEO plugin. -->","yoast_head_json":{"title":"ZONAMACO 2025 | Regresa a CDMX | Grid Magazine","description":"ZONAMACO 2025 regresa del 5 al 9 de febrero a CDMX con m\u00e1s de 200 galer\u00edas y un programa imperdible de arte, dise\u00f1o, foto y antig\u00fcedades.","robots":{"index":"index","follow":"follow","max-snippet":"max-snippet:-1","max-image-preview":"max-image-preview:large","max-video-preview":"max-video-preview:-1"},"canonical":"https:\/\/www.gridmag.com.mx\/index.php\/2025\/02\/07\/zonamaco-2025-el-mayor-evento-de-arte-y-diseno-en-latinoamerica-vuelve-a-cdmx\/","og_locale":"es_MX","og_type":"article","og_title":"ZONAMACO 2025 | Regresa a CDMX | Grid Magazine","og_description":"ZONAMACO 2025 regresa del 5 al 9 de febrero a CDMX con m\u00e1s de 200 galer\u00edas y un programa imperdible de arte, dise\u00f1o, foto y antig\u00fcedades.","og_url":"https:\/\/www.gridmag.com.mx\/index.php\/2025\/02\/07\/zonamaco-2025-el-mayor-evento-de-arte-y-diseno-en-latinoamerica-vuelve-a-cdmx\/","og_site_name":"Grid Magazine","article_publisher":"https:\/\/www.facebook.com\/gridmagazine.mx","article_published_time":"2025-02-07T15:00:00+00:00","og_image":[{"width":2126,"height":1195,"url":"https:\/\/www.gridmag.com.mx\/wp-content\/uploads\/2025\/02\/193-Gallery.jpg","type":"image\/jpeg"}],"author":"Grid Magazine","twitter_card":"summary_large_image","twitter_misc":{"Escrito por":"Grid Magazine","Tiempo de lectura":"4 minutos"},"schema":{"@context":"https:\/\/schema.org","@graph":[{"@type":"Article","@id":"https:\/\/www.gridmag.com.mx\/index.php\/2025\/02\/07\/zonamaco-2025-el-mayor-evento-de-arte-y-diseno-en-latinoamerica-vuelve-a-cdmx\/#article","isPartOf":{"@id":"https:\/\/www.gridmag.com.mx\/index.php\/2025\/02\/07\/zonamaco-2025-el-mayor-evento-de-arte-y-diseno-en-latinoamerica-vuelve-a-cdmx\/"},"author":{"name":"Grid Magazine","@id":"https:\/\/www.gridmag.com.mx\/#\/schema\/person\/d54cddc75e2ecfe4a55e39c0336ae932"},"headline":"ZONAMACO 2025 | Regresa a CDMX","datePublished":"2025-02-07T15:00:00+00:00","mainEntityOfPage":{"@id":"https:\/\/www.gridmag.com.mx\/index.php\/2025\/02\/07\/zonamaco-2025-el-mayor-evento-de-arte-y-diseno-en-latinoamerica-vuelve-a-cdmx\/"},"wordCount":458,"commentCount":0,"publisher":{"@id":"https:\/\/www.gridmag.com.mx\/#organization"},"image":{"@id":"https:\/\/www.gridmag.com.mx\/index.php\/2025\/02\/07\/zonamaco-2025-el-mayor-evento-de-arte-y-diseno-en-latinoamerica-vuelve-a-cdmx\/#primaryimage"},"thumbnailUrl":"https:\/\/www.gridmag.com.mx\/wp-content\/uploads\/2025\/02\/193-Gallery.jpg","articleSection":["Arte","Creativos"],"inLanguage":"es","potentialAction":[{"@type":"CommentAction","name":"Comment","target":["https:\/\/www.gridmag.com.mx\/index.php\/2025\/02\/07\/zonamaco-2025-el-mayor-evento-de-arte-y-diseno-en-latinoamerica-vuelve-a-cdmx\/#respond"]}]},{"@type":"WebPage","@id":"https:\/\/www.gridmag.com.mx\/index.php\/2025\/02\/07\/zonamaco-2025-el-mayor-evento-de-arte-y-diseno-en-latinoamerica-vuelve-a-cdmx\/","url":"https:\/\/www.gridmag.com.mx\/index.php\/2025\/02\/07\/zonamaco-2025-el-mayor-evento-de-arte-y-diseno-en-latinoamerica-vuelve-a-cdmx\/","name":"ZONAMACO 2025 | Regresa a CDMX | Grid Magazine","isPartOf":{"@id":"https:\/\/www.gridmag.com.mx\/#website"},"primaryImageOfPage":{"@id":"https:\/\/www.gridmag.com.mx\/index.php\/2025\/02\/07\/zonamaco-2025-el-mayor-evento-de-arte-y-diseno-en-latinoamerica-vuelve-a-cdmx\/#primaryimage"},"image":{"@id":"https:\/\/www.gridmag.com.mx\/index.php\/2025\/02\/07\/zonamaco-2025-el-mayor-evento-de-arte-y-diseno-en-latinoamerica-vuelve-a-cdmx\/#primaryimage"},"thumbnailUrl":"https:\/\/www.gridmag.com.mx\/wp-content\/uploads\/2025\/02\/193-Gallery.jpg","datePublished":"2025-02-07T15:00:00+00:00","description":"ZONAMACO 2025 regresa del 5 al 9 de febrero a CDMX con m\u00e1s de 200 galer\u00edas y un programa imperdible de arte, dise\u00f1o, foto y antig\u00fcedades.","breadcrumb":{"@id":"https:\/\/www.gridmag.com.mx\/index.php\/2025\/02\/07\/zonamaco-2025-el-mayor-evento-de-arte-y-diseno-en-latinoamerica-vuelve-a-cdmx\/#breadcrumb"},"inLanguage":"es","potentialAction":[{"@type":"ReadAction","target":["https:\/\/www.gridmag.com.mx\/index.php\/2025\/02\/07\/zonamaco-2025-el-mayor-evento-de-arte-y-diseno-en-latinoamerica-vuelve-a-cdmx\/"]}]},{"@type":"ImageObject","inLanguage":"es","@id":"https:\/\/www.gridmag.com.mx\/index.php\/2025\/02\/07\/zonamaco-2025-el-mayor-evento-de-arte-y-diseno-en-latinoamerica-vuelve-a-cdmx\/#primaryimage","url":"https:\/\/www.gridmag.com.mx\/wp-content\/uploads\/2025\/02\/193-Gallery.jpg","contentUrl":"https:\/\/www.gridmag.com.mx\/wp-content\/uploads\/2025\/02\/193-Gallery.jpg","width":2126,"height":1195},{"@type":"BreadcrumbList","@id":"https:\/\/www.gridmag.com.mx\/index.php\/2025\/02\/07\/zonamaco-2025-el-mayor-evento-de-arte-y-diseno-en-latinoamerica-vuelve-a-cdmx\/#breadcrumb","itemListElement":[{"@type":"ListItem","position":1,"name":"Inicio","item":"https:\/\/www.gridmag.com.mx\/"},{"@type":"ListItem","position":2,"name":"ZONAMACO 2025 | Regresa a CDMX"}]},{"@type":"WebSite","@id":"https:\/\/www.gridmag.com.mx\/#website","url":"https:\/\/www.gridmag.com.mx\/","name":"Grid Magazine","description":"Compartiendo lo mejor de la arquitectura y dise\u00f1o mexicano.","publisher":{"@id":"https:\/\/www.gridmag.com.mx\/#organization"},"potentialAction":[{"@type":"SearchAction","target":{"@type":"EntryPoint","urlTemplate":"https:\/\/www.gridmag.com.mx\/?s={search_term_string}"},"query-input":{"@type":"PropertyValueSpecification","valueRequired":true,"valueName":"search_term_string"}}],"inLanguage":"es"},{"@type":"Organization","@id":"https:\/\/www.gridmag.com.mx\/#organization","name":"Grid Magazine","url":"https:\/\/www.gridmag.com.mx\/","logo":{"@type":"ImageObject","inLanguage":"es","@id":"https:\/\/www.gridmag.com.mx\/#\/schema\/logo\/image\/","url":"","contentUrl":"","caption":"Grid Magazine"},"image":{"@id":"https:\/\/www.gridmag.com.mx\/#\/schema\/logo\/image\/"},"sameAs":["https:\/\/www.facebook.com\/gridmagazine.mx","https:\/\/www.instagram.com\/gridmagazine_mx\/","https:\/\/www.tiktok.com\/@gridmagazine.mx?_t=8gl2kVR2Aq6&_r=1","https:\/\/www.linkedin.com\/company\/grid-magazine-mx\/"]},{"@type":"Person","@id":"https:\/\/www.gridmag.com.mx\/#\/schema\/person\/d54cddc75e2ecfe4a55e39c0336ae932","name":"Grid Magazine","image":{"@type":"ImageObject","inLanguage":"es","@id":"https:\/\/www.gridmag.com.mx\/#\/schema\/person\/image\/","url":"https:\/\/secure.gravatar.com\/avatar\/8e4bd50943002dd6ee9db30e5af749244f3e21206a99c4fb42429117eaacfc83?s=96&d=mm&r=g","contentUrl":"https:\/\/secure.gravatar.com\/avatar\/8e4bd50943002dd6ee9db30e5af749244f3e21206a99c4fb42429117eaacfc83?s=96&d=mm&r=g","caption":"Grid Magazine"},"sameAs":["https:\/\/www.gridmag.com.mx"],"url":"https:\/\/www.gridmag.com.mx\/index.php\/author\/grid-magazine-arq\/"}]}},"_links":{"self":[{"href":"https:\/\/www.gridmag.com.mx\/index.php\/wp-json\/wp\/v2\/posts\/9066","targetHints":{"allow":["GET"]}}],"collection":[{"href":"https:\/\/www.gridmag.com.mx\/index.php\/wp-json\/wp\/v2\/posts"}],"about":[{"href":"https:\/\/www.gridmag.com.mx\/index.php\/wp-json\/wp\/v2\/types\/post"}],"author":[{"embeddable":true,"href":"https:\/\/www.gridmag.com.mx\/index.php\/wp-json\/wp\/v2\/users\/1"}],"replies":[{"embeddable":true,"href":"https:\/\/www.gridmag.com.mx\/index.php\/wp-json\/wp\/v2\/comments?post=9066"}],"version-history":[{"count":1,"href":"https:\/\/www.gridmag.com.mx\/index.php\/wp-json\/wp\/v2\/posts\/9066\/revisions"}],"predecessor-version":[{"id":9075,"href":"https:\/\/www.gridmag.com.mx\/index.php\/wp-json\/wp\/v2\/posts\/9066\/revisions\/9075"}],"wp:featuredmedia":[{"embeddable":true,"href":"https:\/\/www.gridmag.com.mx\/index.php\/wp-json\/wp\/v2\/media\/9070"}],"wp:attachment":[{"href":"https:\/\/www.gridmag.com.mx\/index.php\/wp-json\/wp\/v2\/media?parent=9066"}],"wp:term":[{"taxonomy":"category","embeddable":true,"href":"https:\/\/www.gridmag.com.mx\/index.php\/wp-json\/wp\/v2\/categories?post=9066"},{"taxonomy":"post_tag","embeddable":true,"href":"https:\/\/www.gridmag.com.mx\/index.php\/wp-json\/wp\/v2\/tags?post=9066"}],"curies":[{"name":"wp","href":"https:\/\/api.w.org\/{rel}","templated":true}]}}