{"id":9251,"date":"2025-02-24T09:47:29","date_gmt":"2025-02-24T15:47:29","guid":{"rendered":"https:\/\/www.gridmag.com.mx\/?p=9251"},"modified":"2025-02-24T15:01:14","modified_gmt":"2025-02-24T21:01:14","slug":"expo-mueble-internacional-2025-el-epicentro-del-diseno-y-la-innovacion-en-guadalajara","status":"publish","type":"post","link":"https:\/\/www.gridmag.com.mx\/index.php\/2025\/02\/24\/expo-mueble-internacional-2025-el-epicentro-del-diseno-y-la-innovacion-en-guadalajara\/","title":{"rendered":"Expo Mueble Internacional 2025: El epicentro del dise\u00f1o y la innovaci\u00f3n en Guadalajara"},"content":{"rendered":"\n<p><em>Del 19 al 22 de febrero, Expo Guadalajara se convirti\u00f3 en el escenario de la feria de muebles y decoraci\u00f3n m\u00e1s importante de M\u00e9xico y Latinoam\u00e9rica.<\/em><\/p>\n\n\n\n<figure class=\"wp-block-image size-large\"><img decoding=\"async\" width=\"1024\" height=\"976\" src=\"https:\/\/www.gridmag.com.mx\/wp-content\/uploads\/2025\/02\/Ex003-1024x976.webp\" alt=\"EXPOMUEBLE\" class=\"wp-image-9255\" srcset=\"https:\/\/www.gridmag.com.mx\/wp-content\/uploads\/2025\/02\/Ex003-1024x976.webp 1024w, https:\/\/www.gridmag.com.mx\/wp-content\/uploads\/2025\/02\/Ex003-300x286.webp 300w, https:\/\/www.gridmag.com.mx\/wp-content\/uploads\/2025\/02\/Ex003-768x732.webp 768w, https:\/\/www.gridmag.com.mx\/wp-content\/uploads\/2025\/02\/Ex003-1536x1464.webp 1536w, https:\/\/www.gridmag.com.mx\/wp-content\/uploads\/2025\/02\/Ex003-2048x1952.webp 2048w, https:\/\/www.gridmag.com.mx\/wp-content\/uploads\/2025\/02\/Ex003-770x734.webp 770w, https:\/\/www.gridmag.com.mx\/wp-content\/uploads\/2025\/02\/Ex003-1400x1334.webp 1400w\" sizes=\"(max-width: 1024px) 100vw, 1024px\" \/><\/figure>\n\n\n\n<p>La industria del dise\u00f1o y la fabricaci\u00f3n de muebles tiene cada a\u00f1o una cita imperdible en <strong>Expo Mueble Internacional <\/strong>. Este evento, que se realiza en <strong>Expo Guadalajara<\/strong>, siempre promete reunir a los principales exponentes del sector en un espacio donde la creatividad y la innovaci\u00f3n son protagonistas.<\/p>\n\n\n\n<h3 class=\"wp-block-heading\">Un evento de gran impacto para la industria<\/h3>\n\n\n\n<p>Con m\u00e1s de <strong>500 expositores nacionales e internacionales<\/strong> y la expectativa de recibir <strong>alrededor de 50,000 asistentes<\/strong>, Expo Mueble Internacional se consolida como el principal punto de encuentro para profesionales del dise\u00f1o, distribuidores y fabricantes de mobiliario. Adem\u00e1s, su impacto econ\u00f3mico es significativo, generando una derrama aproximada de <strong>1,300 millones de pesos para la regi\u00f3n<\/strong>.<\/p>\n\n\n\n<div class=\"wp-block-columns is-layout-flex wp-container-core-columns-is-layout-9d6595d7 wp-block-columns-is-layout-flex\">\n<div class=\"wp-block-column is-layout-flow wp-block-column-is-layout-flow\">\n<figure class=\"wp-block-image size-large\"><img decoding=\"async\" width=\"683\" height=\"1024\" src=\"https:\/\/www.gridmag.com.mx\/wp-content\/uploads\/2025\/02\/0C4A4249-683x1024.webp\" alt=\"EXPOMUEBLE\" class=\"wp-image-9259\" srcset=\"https:\/\/www.gridmag.com.mx\/wp-content\/uploads\/2025\/02\/0C4A4249-683x1024.webp 683w, https:\/\/www.gridmag.com.mx\/wp-content\/uploads\/2025\/02\/0C4A4249-200x300.webp 200w, https:\/\/www.gridmag.com.mx\/wp-content\/uploads\/2025\/02\/0C4A4249-768x1151.webp 768w, https:\/\/www.gridmag.com.mx\/wp-content\/uploads\/2025\/02\/0C4A4249-1024x1536.webp 1024w, https:\/\/www.gridmag.com.mx\/wp-content\/uploads\/2025\/02\/0C4A4249-1366x2048.webp 1366w, https:\/\/www.gridmag.com.mx\/wp-content\/uploads\/2025\/02\/0C4A4249-770x1154.webp 770w, https:\/\/www.gridmag.com.mx\/wp-content\/uploads\/2025\/02\/0C4A4249-1400x2099.webp 1400w, https:\/\/www.gridmag.com.mx\/wp-content\/uploads\/2025\/02\/0C4A4249-scaled.webp 1707w\" sizes=\"(max-width: 683px) 100vw, 683px\" \/><\/figure>\n<\/div>\n\n\n\n<div class=\"wp-block-column is-layout-flow wp-block-column-is-layout-flow\">\n<figure class=\"wp-block-image size-large\"><img decoding=\"async\" width=\"683\" height=\"1024\" src=\"https:\/\/www.gridmag.com.mx\/wp-content\/uploads\/2025\/02\/0C4A4135-683x1024.webp\" alt=\"EXPOMUEBLE\" class=\"wp-image-9258\" srcset=\"https:\/\/www.gridmag.com.mx\/wp-content\/uploads\/2025\/02\/0C4A4135-683x1024.webp 683w, https:\/\/www.gridmag.com.mx\/wp-content\/uploads\/2025\/02\/0C4A4135-200x300.webp 200w, https:\/\/www.gridmag.com.mx\/wp-content\/uploads\/2025\/02\/0C4A4135-768x1151.webp 768w, https:\/\/www.gridmag.com.mx\/wp-content\/uploads\/2025\/02\/0C4A4135-1025x1536.webp 1025w, https:\/\/www.gridmag.com.mx\/wp-content\/uploads\/2025\/02\/0C4A4135-1366x2048.webp 1366w, https:\/\/www.gridmag.com.mx\/wp-content\/uploads\/2025\/02\/0C4A4135-770x1154.webp 770w, https:\/\/www.gridmag.com.mx\/wp-content\/uploads\/2025\/02\/0C4A4135-scaled.webp 1708w\" sizes=\"(max-width: 683px) 100vw, 683px\" \/><\/figure>\n<\/div>\n<\/div>\n\n\n\n<h3 class=\"wp-block-heading\">Pabellones y novedades en Expo Mueble 2025<\/h3>\n\n\n\n<p>El evento cuenta con varios pabellones especializados que destacan las tendencias actuales del sector:<\/p>\n\n\n\n<ul class=\"wp-block-list\">\n<li><strong>Sal\u00f3n Jalisco, Sal\u00f3n M\u00e9xico y Sal\u00f3n Guadalajara<\/strong>: Espacios dedicados a la exhibici\u00f3n de mobiliario para el hogar, oficina y exteriores.<\/li>\n\n\n\n<li><strong>M\u00e9xico Dise\u00f1a<\/strong>: Un pabell\u00f3n exclusivo para piezas de mobiliario de autor que celebran la creatividad nacional.<\/li>\n\n\n\n<li><strong>Pabell\u00f3n Textil<\/strong>: Un espacio centrado en textiles para tapicer\u00eda y decoraci\u00f3n.<\/li>\n\n\n\n<li><strong>Expoficina<\/strong>: Soluciones innovadoras para el dise\u00f1o de espacios laborales.<\/li>\n<\/ul>\n\n\n\n<figure class=\"wp-block-image size-large\"><img decoding=\"async\" width=\"1024\" height=\"683\" src=\"https:\/\/www.gridmag.com.mx\/wp-content\/uploads\/2025\/02\/Ed256-1024x683.webp\" alt=\"EXPOMUEBLE\" class=\"wp-image-9252\" srcset=\"https:\/\/www.gridmag.com.mx\/wp-content\/uploads\/2025\/02\/Ed256-1024x683.webp 1024w, https:\/\/www.gridmag.com.mx\/wp-content\/uploads\/2025\/02\/Ed256-300x200.webp 300w, https:\/\/www.gridmag.com.mx\/wp-content\/uploads\/2025\/02\/Ed256-768x512.webp 768w, https:\/\/www.gridmag.com.mx\/wp-content\/uploads\/2025\/02\/Ed256-1536x1024.webp 1536w, https:\/\/www.gridmag.com.mx\/wp-content\/uploads\/2025\/02\/Ed256-2048x1365.webp 2048w, https:\/\/www.gridmag.com.mx\/wp-content\/uploads\/2025\/02\/Ed256-360x240.webp 360w, https:\/\/www.gridmag.com.mx\/wp-content\/uploads\/2025\/02\/Ed256-720x480.webp 720w, https:\/\/www.gridmag.com.mx\/wp-content\/uploads\/2025\/02\/Ed256-770x513.webp 770w, https:\/\/www.gridmag.com.mx\/wp-content\/uploads\/2025\/02\/Ed256-1400x933.webp 1400w\" sizes=\"(max-width: 1024px) 100vw, 1024px\" \/><\/figure>\n\n\n\n<h3 class=\"wp-block-heading\">Iniciativas destacadas<\/h3>\n\n\n\n<p>Uno de los anuncios m\u00e1s importantes en la <strong>edici\u00f3n invierno 2025 de Expo Mueble<\/strong> fue la creaci\u00f3n del <strong>Centro de Dise\u00f1o del Mueble<\/strong>, una iniciativa que busca impulsar a peque\u00f1os productores con herramientas de dise\u00f1o y fomentar colaboraciones internacionales para fortalecer la industria.<\/p>\n\n\n\n<div class=\"wp-block-columns is-layout-flex wp-container-core-columns-is-layout-9d6595d7 wp-block-columns-is-layout-flex\">\n<div class=\"wp-block-column is-layout-flow wp-block-column-is-layout-flow\">\n<figure class=\"wp-block-image size-large\"><img decoding=\"async\" width=\"683\" height=\"1024\" src=\"https:\/\/www.gridmag.com.mx\/wp-content\/uploads\/2025\/02\/Ed035-683x1024.webp\" alt=\"EXPOMUEBLE\" class=\"wp-image-9254\" srcset=\"https:\/\/www.gridmag.com.mx\/wp-content\/uploads\/2025\/02\/Ed035-683x1024.webp 683w, https:\/\/www.gridmag.com.mx\/wp-content\/uploads\/2025\/02\/Ed035-200x300.webp 200w, https:\/\/www.gridmag.com.mx\/wp-content\/uploads\/2025\/02\/Ed035-768x1152.webp 768w, https:\/\/www.gridmag.com.mx\/wp-content\/uploads\/2025\/02\/Ed035-1024x1536.webp 1024w, https:\/\/www.gridmag.com.mx\/wp-content\/uploads\/2025\/02\/Ed035-1365x2048.webp 1365w, https:\/\/www.gridmag.com.mx\/wp-content\/uploads\/2025\/02\/Ed035-770x1155.webp 770w, https:\/\/www.gridmag.com.mx\/wp-content\/uploads\/2025\/02\/Ed035-1400x2100.webp 1400w, https:\/\/www.gridmag.com.mx\/wp-content\/uploads\/2025\/02\/Ed035-scaled.webp 1707w\" sizes=\"(max-width: 683px) 100vw, 683px\" \/><\/figure>\n<\/div>\n\n\n\n<div class=\"wp-block-column is-layout-flow wp-block-column-is-layout-flow\">\n<figure class=\"wp-block-image size-large\"><img decoding=\"async\" width=\"683\" height=\"1024\" src=\"https:\/\/www.gridmag.com.mx\/wp-content\/uploads\/2025\/02\/Ed271-683x1024.webp\" alt=\"EXPOMUEBLE\" class=\"wp-image-9253\" srcset=\"https:\/\/www.gridmag.com.mx\/wp-content\/uploads\/2025\/02\/Ed271-683x1024.webp 683w, https:\/\/www.gridmag.com.mx\/wp-content\/uploads\/2025\/02\/Ed271-200x300.webp 200w, https:\/\/www.gridmag.com.mx\/wp-content\/uploads\/2025\/02\/Ed271-768x1152.webp 768w, https:\/\/www.gridmag.com.mx\/wp-content\/uploads\/2025\/02\/Ed271-1024x1536.webp 1024w, https:\/\/www.gridmag.com.mx\/wp-content\/uploads\/2025\/02\/Ed271-1365x2048.webp 1365w, https:\/\/www.gridmag.com.mx\/wp-content\/uploads\/2025\/02\/Ed271-770x1155.webp 770w, https:\/\/www.gridmag.com.mx\/wp-content\/uploads\/2025\/02\/Ed271-1400x2100.webp 1400w, https:\/\/www.gridmag.com.mx\/wp-content\/uploads\/2025\/02\/Ed271-scaled.webp 1707w\" sizes=\"(max-width: 683px) 100vw, 683px\" \/><\/figure>\n<\/div>\n<\/div>\n\n\n\n<h3 class=\"wp-block-heading\">Visita Expomueble Internacional edici\u00f3n de verano<\/h3>\n\n\n\n<p>Expo Mueble Internacional 2025 en su edici\u00f3n de invierno fue una edici\u00f3n inolvidable, consolid\u00e1ndose como un referente en el sector del dise\u00f1o y la manufactura de mobiliario. Si eres profesional del sector o un entusiasta del dise\u00f1o, este evento es una oportunidad \u00fanica para descubrir las tendencias que marcar\u00e1n el futuro del mobiliario, visita su edici\u00f3n de verano 2025.<\/p>\n\n\n\n<h3 class=\"wp-block-heading\">Dimueble abre convocatoria para su concurso<\/h3>\n\n\n\n<p>Dentro de Expo Mueble Internacional tambi\u00e9n se llev\u00f3 a cabo <strong><a href=\"https:\/\/www.gridmag.com.mx\/index.php\/2025\/02\/24\/convocatoria-dimueble-2025-categorias-fechas-y-premios\/\">Dimueble<\/a><\/strong>, un evento que destaca el talento emergente y el dise\u00f1o de mobiliario innovador. En su edici\u00f3n 2025, Dimueble ya ha abierto la convocatoria para su concurso anual, invitando a dise\u00f1adores y creativos a participar con sus mejores propuestas. Esta competencia es una oportunidad para dar a conocer nuevas ideas y tendencias en el mundo del dise\u00f1o de muebles.<\/p>\n\n\n\n<p>Te dejamos el link<\/p>\n\n\n\n<figure class=\"wp-block-embed is-type-wp-embed is-provider-grid-magazine wp-block-embed-grid-magazine\"><div class=\"wp-block-embed__wrapper\">\n<blockquote class=\"wp-embedded-content\" data-secret=\"3atKRzzBZq\"><a href=\"https:\/\/www.gridmag.com.mx\/index.php\/2025\/02\/24\/convocatoria-dimueble-2025-categorias-fechas-y-premios\/\">Convocatoria Dimueble 2025: Categor\u00edas, Fechas y Premios<\/a><\/blockquote><iframe class=\"wp-embedded-content\" sandbox=\"allow-scripts\" security=\"restricted\" style=\"position: absolute; visibility: hidden;\" title=\"&#8220;Convocatoria Dimueble 2025: Categor\u00edas, Fechas y Premios&#8221; &#8212; Grid Magazine\" src=\"https:\/\/www.gridmag.com.mx\/index.php\/2025\/02\/24\/convocatoria-dimueble-2025-categorias-fechas-y-premios\/embed\/#?secret=pj3gM6HKId#?secret=3atKRzzBZq\" data-secret=\"3atKRzzBZq\" width=\"600\" height=\"338\" frameborder=\"0\" marginwidth=\"0\" marginheight=\"0\" scrolling=\"no\"><\/iframe>\n<\/div><\/figure>\n","protected":false},"excerpt":{"rendered":"<p>Del 19 al 22 de febrero, Expo Guadalajara se convirti\u00f3 en el escenario de la feria de muebles y decoraci\u00f3n m\u00e1s importante de M\u00e9xico y Latinoam\u00e9rica. La industria del dise\u00f1o y la fabricaci\u00f3n de muebles tiene cada a\u00f1o una cita imperdible en Expo Mueble Internacional . Este evento, que se realiza en Expo Guadalajara, siempre promete reunir a los principales exponentes del sector en un espacio donde la creatividad y la innovaci\u00f3n son protagonistas. Un evento de gran impacto para [&hellip;]<\/p>\n","protected":false},"author":1,"featured_media":9255,"comment_status":"open","ping_status":"open","sticky":false,"template":"","format":"standard","meta":{"footnotes":""},"categories":[49,53,55,52],"tags":[135,151,98,120,148],"class_list":["post-9251","post","type-post","status-publish","format-standard","has-post-thumbnail","hentry","category-arquitectura","category-arte","category-creativos","category-diseno","tag-135","tag-creatividad","tag-diseno-2","tag-diseno-industrial","tag-innovador"],"yoast_head":"<!-- This site is optimized with the Yoast SEO plugin v27.0 - https:\/\/yoast.com\/product\/yoast-seo-wordpress\/ -->\n<title>Expo Mueble Internacional 2025: El epicentro del dise\u00f1o y la innovaci\u00f3n en Guadalajara | Grid Magazine<\/title>\n<meta name=\"robots\" content=\"index, follow, max-snippet:-1, max-image-preview:large, max-video-preview:-1\" \/>\n<link rel=\"canonical\" href=\"https:\/\/www.gridmag.com.mx\/index.php\/2025\/02\/24\/expo-mueble-internacional-2025-el-epicentro-del-diseno-y-la-innovacion-en-guadalajara\/\" \/>\n<meta property=\"og:locale\" content=\"es_MX\" \/>\n<meta property=\"og:type\" content=\"article\" \/>\n<meta property=\"og:title\" content=\"Expo Mueble Internacional 2025: El epicentro del dise\u00f1o y la innovaci\u00f3n en Guadalajara | Grid Magazine\" \/>\n<meta property=\"og:description\" content=\"Del 19 al 22 de febrero, Expo Guadalajara se convirti\u00f3 en el escenario de la feria de muebles y decoraci\u00f3n m\u00e1s importante de M\u00e9xico y Latinoam\u00e9rica. La industria del dise\u00f1o y la fabricaci\u00f3n de muebles tiene cada a\u00f1o una cita imperdible en Expo Mueble Internacional . Este evento, que se realiza en Expo Guadalajara, siempre promete reunir a los principales exponentes del sector en un espacio donde la creatividad y la innovaci\u00f3n son protagonistas. Un evento de gran impacto para [&hellip;]\" \/>\n<meta property=\"og:url\" content=\"https:\/\/www.gridmag.com.mx\/index.php\/2025\/02\/24\/expo-mueble-internacional-2025-el-epicentro-del-diseno-y-la-innovacion-en-guadalajara\/\" \/>\n<meta property=\"og:site_name\" content=\"Grid Magazine\" \/>\n<meta property=\"article:publisher\" content=\"https:\/\/www.facebook.com\/gridmagazine.mx\" \/>\n<meta property=\"article:published_time\" content=\"2025-02-24T15:47:29+00:00\" \/>\n<meta property=\"article:modified_time\" content=\"2025-02-24T21:01:14+00:00\" \/>\n<meta property=\"og:image\" content=\"https:\/\/www.gridmag.com.mx\/wp-content\/uploads\/2025\/02\/Ex003-scaled.webp\" \/>\n\t<meta property=\"og:image:width\" content=\"2560\" \/>\n\t<meta property=\"og:image:height\" content=\"2440\" \/>\n\t<meta property=\"og:image:type\" content=\"image\/webp\" \/>\n<meta name=\"author\" content=\"Grid Magazine\" \/>\n<meta name=\"twitter:card\" content=\"summary_large_image\" \/>\n<meta name=\"twitter:label1\" content=\"Escrito por\" \/>\n\t<meta name=\"twitter:data1\" content=\"Grid Magazine\" \/>\n\t<meta name=\"twitter:label2\" content=\"Tiempo de lectura\" \/>\n\t<meta name=\"twitter:data2\" content=\"4 minutos\" \/>\n<script type=\"application\/ld+json\" class=\"yoast-schema-graph\">{\"@context\":\"https:\/\/schema.org\",\"@graph\":[{\"@type\":\"Article\",\"@id\":\"https:\/\/www.gridmag.com.mx\/index.php\/2025\/02\/24\/expo-mueble-internacional-2025-el-epicentro-del-diseno-y-la-innovacion-en-guadalajara\/#article\",\"isPartOf\":{\"@id\":\"https:\/\/www.gridmag.com.mx\/index.php\/2025\/02\/24\/expo-mueble-internacional-2025-el-epicentro-del-diseno-y-la-innovacion-en-guadalajara\/\"},\"author\":{\"name\":\"Grid Magazine\",\"@id\":\"https:\/\/www.gridmag.com.mx\/#\/schema\/person\/d54cddc75e2ecfe4a55e39c0336ae932\"},\"headline\":\"Expo Mueble Internacional 2025: El epicentro del dise\u00f1o y la innovaci\u00f3n en Guadalajara\",\"datePublished\":\"2025-02-24T15:47:29+00:00\",\"dateModified\":\"2025-02-24T21:01:14+00:00\",\"mainEntityOfPage\":{\"@id\":\"https:\/\/www.gridmag.com.mx\/index.php\/2025\/02\/24\/expo-mueble-internacional-2025-el-epicentro-del-diseno-y-la-innovacion-en-guadalajara\/\"},\"wordCount\":459,\"commentCount\":0,\"publisher\":{\"@id\":\"https:\/\/www.gridmag.com.mx\/#organization\"},\"image\":{\"@id\":\"https:\/\/www.gridmag.com.mx\/index.php\/2025\/02\/24\/expo-mueble-internacional-2025-el-epicentro-del-diseno-y-la-innovacion-en-guadalajara\/#primaryimage\"},\"thumbnailUrl\":\"https:\/\/www.gridmag.com.mx\/wp-content\/uploads\/2025\/02\/Ex003-scaled.webp\",\"keywords\":[\"2025\",\"CREATIVIDAD\",\"DISE\u00d1O\",\"Dise\u00f1o industrial\",\"INNOVADOR\"],\"articleSection\":[\"Arquitectura\",\"Arte\",\"Creativos\",\"Dise\u00f1o\"],\"inLanguage\":\"es\",\"potentialAction\":[{\"@type\":\"CommentAction\",\"name\":\"Comment\",\"target\":[\"https:\/\/www.gridmag.com.mx\/index.php\/2025\/02\/24\/expo-mueble-internacional-2025-el-epicentro-del-diseno-y-la-innovacion-en-guadalajara\/#respond\"]}]},{\"@type\":\"WebPage\",\"@id\":\"https:\/\/www.gridmag.com.mx\/index.php\/2025\/02\/24\/expo-mueble-internacional-2025-el-epicentro-del-diseno-y-la-innovacion-en-guadalajara\/\",\"url\":\"https:\/\/www.gridmag.com.mx\/index.php\/2025\/02\/24\/expo-mueble-internacional-2025-el-epicentro-del-diseno-y-la-innovacion-en-guadalajara\/\",\"name\":\"Expo Mueble Internacional 2025: El epicentro del dise\u00f1o y la innovaci\u00f3n en Guadalajara | Grid Magazine\",\"isPartOf\":{\"@id\":\"https:\/\/www.gridmag.com.mx\/#website\"},\"primaryImageOfPage\":{\"@id\":\"https:\/\/www.gridmag.com.mx\/index.php\/2025\/02\/24\/expo-mueble-internacional-2025-el-epicentro-del-diseno-y-la-innovacion-en-guadalajara\/#primaryimage\"},\"image\":{\"@id\":\"https:\/\/www.gridmag.com.mx\/index.php\/2025\/02\/24\/expo-mueble-internacional-2025-el-epicentro-del-diseno-y-la-innovacion-en-guadalajara\/#primaryimage\"},\"thumbnailUrl\":\"https:\/\/www.gridmag.com.mx\/wp-content\/uploads\/2025\/02\/Ex003-scaled.webp\",\"datePublished\":\"2025-02-24T15:47:29+00:00\",\"dateModified\":\"2025-02-24T21:01:14+00:00\",\"breadcrumb\":{\"@id\":\"https:\/\/www.gridmag.com.mx\/index.php\/2025\/02\/24\/expo-mueble-internacional-2025-el-epicentro-del-diseno-y-la-innovacion-en-guadalajara\/#breadcrumb\"},\"inLanguage\":\"es\",\"potentialAction\":[{\"@type\":\"ReadAction\",\"target\":[\"https:\/\/www.gridmag.com.mx\/index.php\/2025\/02\/24\/expo-mueble-internacional-2025-el-epicentro-del-diseno-y-la-innovacion-en-guadalajara\/\"]}]},{\"@type\":\"ImageObject\",\"inLanguage\":\"es\",\"@id\":\"https:\/\/www.gridmag.com.mx\/index.php\/2025\/02\/24\/expo-mueble-internacional-2025-el-epicentro-del-diseno-y-la-innovacion-en-guadalajara\/#primaryimage\",\"url\":\"https:\/\/www.gridmag.com.mx\/wp-content\/uploads\/2025\/02\/Ex003-scaled.webp\",\"contentUrl\":\"https:\/\/www.gridmag.com.mx\/wp-content\/uploads\/2025\/02\/Ex003-scaled.webp\",\"width\":2560,\"height\":2440,\"caption\":\"EXPOMUEBLE\"},{\"@type\":\"BreadcrumbList\",\"@id\":\"https:\/\/www.gridmag.com.mx\/index.php\/2025\/02\/24\/expo-mueble-internacional-2025-el-epicentro-del-diseno-y-la-innovacion-en-guadalajara\/#breadcrumb\",\"itemListElement\":[{\"@type\":\"ListItem\",\"position\":1,\"name\":\"Inicio\",\"item\":\"https:\/\/www.gridmag.com.mx\/\"},{\"@type\":\"ListItem\",\"position\":2,\"name\":\"Expo Mueble Internacional 2025: El epicentro del dise\u00f1o y la innovaci\u00f3n en Guadalajara\"}]},{\"@type\":\"WebSite\",\"@id\":\"https:\/\/www.gridmag.com.mx\/#website\",\"url\":\"https:\/\/www.gridmag.com.mx\/\",\"name\":\"Grid Magazine\",\"description\":\"Compartiendo lo mejor de la arquitectura y dise\u00f1o mexicano.\",\"publisher\":{\"@id\":\"https:\/\/www.gridmag.com.mx\/#organization\"},\"potentialAction\":[{\"@type\":\"SearchAction\",\"target\":{\"@type\":\"EntryPoint\",\"urlTemplate\":\"https:\/\/www.gridmag.com.mx\/?s={search_term_string}\"},\"query-input\":{\"@type\":\"PropertyValueSpecification\",\"valueRequired\":true,\"valueName\":\"search_term_string\"}}],\"inLanguage\":\"es\"},{\"@type\":\"Organization\",\"@id\":\"https:\/\/www.gridmag.com.mx\/#organization\",\"name\":\"Grid Magazine\",\"url\":\"https:\/\/www.gridmag.com.mx\/\",\"logo\":{\"@type\":\"ImageObject\",\"inLanguage\":\"es\",\"@id\":\"https:\/\/www.gridmag.com.mx\/#\/schema\/logo\/image\/\",\"url\":\"\",\"contentUrl\":\"\",\"caption\":\"Grid Magazine\"},\"image\":{\"@id\":\"https:\/\/www.gridmag.com.mx\/#\/schema\/logo\/image\/\"},\"sameAs\":[\"https:\/\/www.facebook.com\/gridmagazine.mx\",\"https:\/\/www.instagram.com\/gridmagazine_mx\/\",\"https:\/\/www.tiktok.com\/@gridmagazine.mx?_t=8gl2kVR2Aq6&_r=1\",\"https:\/\/www.linkedin.com\/company\/grid-magazine-mx\/\"]},{\"@type\":\"Person\",\"@id\":\"https:\/\/www.gridmag.com.mx\/#\/schema\/person\/d54cddc75e2ecfe4a55e39c0336ae932\",\"name\":\"Grid Magazine\",\"image\":{\"@type\":\"ImageObject\",\"inLanguage\":\"es\",\"@id\":\"https:\/\/www.gridmag.com.mx\/#\/schema\/person\/image\/\",\"url\":\"https:\/\/secure.gravatar.com\/avatar\/8e4bd50943002dd6ee9db30e5af749244f3e21206a99c4fb42429117eaacfc83?s=96&d=mm&r=g\",\"contentUrl\":\"https:\/\/secure.gravatar.com\/avatar\/8e4bd50943002dd6ee9db30e5af749244f3e21206a99c4fb42429117eaacfc83?s=96&d=mm&r=g\",\"caption\":\"Grid Magazine\"},\"sameAs\":[\"https:\/\/www.gridmag.com.mx\"],\"url\":\"https:\/\/www.gridmag.com.mx\/index.php\/author\/grid-magazine-arq\/\"}]}<\/script>\n<!-- \/ Yoast SEO plugin. -->","yoast_head_json":{"title":"Expo Mueble Internacional 2025: El epicentro del dise\u00f1o y la innovaci\u00f3n en Guadalajara | Grid Magazine","robots":{"index":"index","follow":"follow","max-snippet":"max-snippet:-1","max-image-preview":"max-image-preview:large","max-video-preview":"max-video-preview:-1"},"canonical":"https:\/\/www.gridmag.com.mx\/index.php\/2025\/02\/24\/expo-mueble-internacional-2025-el-epicentro-del-diseno-y-la-innovacion-en-guadalajara\/","og_locale":"es_MX","og_type":"article","og_title":"Expo Mueble Internacional 2025: El epicentro del dise\u00f1o y la innovaci\u00f3n en Guadalajara | Grid Magazine","og_description":"Del 19 al 22 de febrero, Expo Guadalajara se convirti\u00f3 en el escenario de la feria de muebles y decoraci\u00f3n m\u00e1s importante de M\u00e9xico y Latinoam\u00e9rica. La industria del dise\u00f1o y la fabricaci\u00f3n de muebles tiene cada a\u00f1o una cita imperdible en Expo Mueble Internacional . Este evento, que se realiza en Expo Guadalajara, siempre promete reunir a los principales exponentes del sector en un espacio donde la creatividad y la innovaci\u00f3n son protagonistas. Un evento de gran impacto para [&hellip;]","og_url":"https:\/\/www.gridmag.com.mx\/index.php\/2025\/02\/24\/expo-mueble-internacional-2025-el-epicentro-del-diseno-y-la-innovacion-en-guadalajara\/","og_site_name":"Grid Magazine","article_publisher":"https:\/\/www.facebook.com\/gridmagazine.mx","article_published_time":"2025-02-24T15:47:29+00:00","article_modified_time":"2025-02-24T21:01:14+00:00","og_image":[{"width":2560,"height":2440,"url":"https:\/\/www.gridmag.com.mx\/wp-content\/uploads\/2025\/02\/Ex003-scaled.webp","type":"image\/webp"}],"author":"Grid Magazine","twitter_card":"summary_large_image","twitter_misc":{"Escrito por":"Grid Magazine","Tiempo de lectura":"4 minutos"},"schema":{"@context":"https:\/\/schema.org","@graph":[{"@type":"Article","@id":"https:\/\/www.gridmag.com.mx\/index.php\/2025\/02\/24\/expo-mueble-internacional-2025-el-epicentro-del-diseno-y-la-innovacion-en-guadalajara\/#article","isPartOf":{"@id":"https:\/\/www.gridmag.com.mx\/index.php\/2025\/02\/24\/expo-mueble-internacional-2025-el-epicentro-del-diseno-y-la-innovacion-en-guadalajara\/"},"author":{"name":"Grid Magazine","@id":"https:\/\/www.gridmag.com.mx\/#\/schema\/person\/d54cddc75e2ecfe4a55e39c0336ae932"},"headline":"Expo Mueble Internacional 2025: El epicentro del dise\u00f1o y la innovaci\u00f3n en Guadalajara","datePublished":"2025-02-24T15:47:29+00:00","dateModified":"2025-02-24T21:01:14+00:00","mainEntityOfPage":{"@id":"https:\/\/www.gridmag.com.mx\/index.php\/2025\/02\/24\/expo-mueble-internacional-2025-el-epicentro-del-diseno-y-la-innovacion-en-guadalajara\/"},"wordCount":459,"commentCount":0,"publisher":{"@id":"https:\/\/www.gridmag.com.mx\/#organization"},"image":{"@id":"https:\/\/www.gridmag.com.mx\/index.php\/2025\/02\/24\/expo-mueble-internacional-2025-el-epicentro-del-diseno-y-la-innovacion-en-guadalajara\/#primaryimage"},"thumbnailUrl":"https:\/\/www.gridmag.com.mx\/wp-content\/uploads\/2025\/02\/Ex003-scaled.webp","keywords":["2025","CREATIVIDAD","DISE\u00d1O","Dise\u00f1o industrial","INNOVADOR"],"articleSection":["Arquitectura","Arte","Creativos","Dise\u00f1o"],"inLanguage":"es","potentialAction":[{"@type":"CommentAction","name":"Comment","target":["https:\/\/www.gridmag.com.mx\/index.php\/2025\/02\/24\/expo-mueble-internacional-2025-el-epicentro-del-diseno-y-la-innovacion-en-guadalajara\/#respond"]}]},{"@type":"WebPage","@id":"https:\/\/www.gridmag.com.mx\/index.php\/2025\/02\/24\/expo-mueble-internacional-2025-el-epicentro-del-diseno-y-la-innovacion-en-guadalajara\/","url":"https:\/\/www.gridmag.com.mx\/index.php\/2025\/02\/24\/expo-mueble-internacional-2025-el-epicentro-del-diseno-y-la-innovacion-en-guadalajara\/","name":"Expo Mueble Internacional 2025: El epicentro del dise\u00f1o y la innovaci\u00f3n en Guadalajara | Grid Magazine","isPartOf":{"@id":"https:\/\/www.gridmag.com.mx\/#website"},"primaryImageOfPage":{"@id":"https:\/\/www.gridmag.com.mx\/index.php\/2025\/02\/24\/expo-mueble-internacional-2025-el-epicentro-del-diseno-y-la-innovacion-en-guadalajara\/#primaryimage"},"image":{"@id":"https:\/\/www.gridmag.com.mx\/index.php\/2025\/02\/24\/expo-mueble-internacional-2025-el-epicentro-del-diseno-y-la-innovacion-en-guadalajara\/#primaryimage"},"thumbnailUrl":"https:\/\/www.gridmag.com.mx\/wp-content\/uploads\/2025\/02\/Ex003-scaled.webp","datePublished":"2025-02-24T15:47:29+00:00","dateModified":"2025-02-24T21:01:14+00:00","breadcrumb":{"@id":"https:\/\/www.gridmag.com.mx\/index.php\/2025\/02\/24\/expo-mueble-internacional-2025-el-epicentro-del-diseno-y-la-innovacion-en-guadalajara\/#breadcrumb"},"inLanguage":"es","potentialAction":[{"@type":"ReadAction","target":["https:\/\/www.gridmag.com.mx\/index.php\/2025\/02\/24\/expo-mueble-internacional-2025-el-epicentro-del-diseno-y-la-innovacion-en-guadalajara\/"]}]},{"@type":"ImageObject","inLanguage":"es","@id":"https:\/\/www.gridmag.com.mx\/index.php\/2025\/02\/24\/expo-mueble-internacional-2025-el-epicentro-del-diseno-y-la-innovacion-en-guadalajara\/#primaryimage","url":"https:\/\/www.gridmag.com.mx\/wp-content\/uploads\/2025\/02\/Ex003-scaled.webp","contentUrl":"https:\/\/www.gridmag.com.mx\/wp-content\/uploads\/2025\/02\/Ex003-scaled.webp","width":2560,"height":2440,"caption":"EXPOMUEBLE"},{"@type":"BreadcrumbList","@id":"https:\/\/www.gridmag.com.mx\/index.php\/2025\/02\/24\/expo-mueble-internacional-2025-el-epicentro-del-diseno-y-la-innovacion-en-guadalajara\/#breadcrumb","itemListElement":[{"@type":"ListItem","position":1,"name":"Inicio","item":"https:\/\/www.gridmag.com.mx\/"},{"@type":"ListItem","position":2,"name":"Expo Mueble Internacional 2025: El epicentro del dise\u00f1o y la innovaci\u00f3n en Guadalajara"}]},{"@type":"WebSite","@id":"https:\/\/www.gridmag.com.mx\/#website","url":"https:\/\/www.gridmag.com.mx\/","name":"Grid Magazine","description":"Compartiendo lo mejor de la arquitectura y dise\u00f1o mexicano.","publisher":{"@id":"https:\/\/www.gridmag.com.mx\/#organization"},"potentialAction":[{"@type":"SearchAction","target":{"@type":"EntryPoint","urlTemplate":"https:\/\/www.gridmag.com.mx\/?s={search_term_string}"},"query-input":{"@type":"PropertyValueSpecification","valueRequired":true,"valueName":"search_term_string"}}],"inLanguage":"es"},{"@type":"Organization","@id":"https:\/\/www.gridmag.com.mx\/#organization","name":"Grid Magazine","url":"https:\/\/www.gridmag.com.mx\/","logo":{"@type":"ImageObject","inLanguage":"es","@id":"https:\/\/www.gridmag.com.mx\/#\/schema\/logo\/image\/","url":"","contentUrl":"","caption":"Grid Magazine"},"image":{"@id":"https:\/\/www.gridmag.com.mx\/#\/schema\/logo\/image\/"},"sameAs":["https:\/\/www.facebook.com\/gridmagazine.mx","https:\/\/www.instagram.com\/gridmagazine_mx\/","https:\/\/www.tiktok.com\/@gridmagazine.mx?_t=8gl2kVR2Aq6&_r=1","https:\/\/www.linkedin.com\/company\/grid-magazine-mx\/"]},{"@type":"Person","@id":"https:\/\/www.gridmag.com.mx\/#\/schema\/person\/d54cddc75e2ecfe4a55e39c0336ae932","name":"Grid Magazine","image":{"@type":"ImageObject","inLanguage":"es","@id":"https:\/\/www.gridmag.com.mx\/#\/schema\/person\/image\/","url":"https:\/\/secure.gravatar.com\/avatar\/8e4bd50943002dd6ee9db30e5af749244f3e21206a99c4fb42429117eaacfc83?s=96&d=mm&r=g","contentUrl":"https:\/\/secure.gravatar.com\/avatar\/8e4bd50943002dd6ee9db30e5af749244f3e21206a99c4fb42429117eaacfc83?s=96&d=mm&r=g","caption":"Grid Magazine"},"sameAs":["https:\/\/www.gridmag.com.mx"],"url":"https:\/\/www.gridmag.com.mx\/index.php\/author\/grid-magazine-arq\/"}]}},"_links":{"self":[{"href":"https:\/\/www.gridmag.com.mx\/index.php\/wp-json\/wp\/v2\/posts\/9251","targetHints":{"allow":["GET"]}}],"collection":[{"href":"https:\/\/www.gridmag.com.mx\/index.php\/wp-json\/wp\/v2\/posts"}],"about":[{"href":"https:\/\/www.gridmag.com.mx\/index.php\/wp-json\/wp\/v2\/types\/post"}],"author":[{"embeddable":true,"href":"https:\/\/www.gridmag.com.mx\/index.php\/wp-json\/wp\/v2\/users\/1"}],"replies":[{"embeddable":true,"href":"https:\/\/www.gridmag.com.mx\/index.php\/wp-json\/wp\/v2\/comments?post=9251"}],"version-history":[{"count":3,"href":"https:\/\/www.gridmag.com.mx\/index.php\/wp-json\/wp\/v2\/posts\/9251\/revisions"}],"predecessor-version":[{"id":9263,"href":"https:\/\/www.gridmag.com.mx\/index.php\/wp-json\/wp\/v2\/posts\/9251\/revisions\/9263"}],"wp:featuredmedia":[{"embeddable":true,"href":"https:\/\/www.gridmag.com.mx\/index.php\/wp-json\/wp\/v2\/media\/9255"}],"wp:attachment":[{"href":"https:\/\/www.gridmag.com.mx\/index.php\/wp-json\/wp\/v2\/media?parent=9251"}],"wp:term":[{"taxonomy":"category","embeddable":true,"href":"https:\/\/www.gridmag.com.mx\/index.php\/wp-json\/wp\/v2\/categories?post=9251"},{"taxonomy":"post_tag","embeddable":true,"href":"https:\/\/www.gridmag.com.mx\/index.php\/wp-json\/wp\/v2\/tags?post=9251"}],"curies":[{"name":"wp","href":"https:\/\/api.w.org\/{rel}","templated":true}]}}