{"id":9300,"date":"2025-03-05T09:00:00","date_gmt":"2025-03-05T15:00:00","guid":{"rendered":"https:\/\/www.gridmag.com.mx\/?p=9300"},"modified":"2025-03-04T20:24:19","modified_gmt":"2025-03-05T02:24:19","slug":"fernanda-carri-una-nueva-voz-en-el-arte-contemporaneo-mexicano","status":"publish","type":"post","link":"https:\/\/www.gridmag.com.mx\/index.php\/2025\/03\/05\/fernanda-carri-una-nueva-voz-en-el-arte-contemporaneo-mexicano\/","title":{"rendered":"Fernanda Carri | Nueva voz en el arte contempor\u00e1neo mexicano"},"content":{"rendered":"\n\n\n<p>En el marco del Art Week M\u00e9xico 2025, Fernanda Carri irrumpe en la escena con exposiciones en Proyecto H y Kristin Hjellegjerde.<\/p>\n\n\n\n<figure class=\"wp-block-image size-large\"><img decoding=\"async\" width=\"1024\" height=\"683\" src=\"https:\/\/www.gridmag.com.mx\/wp-content\/uploads\/2025\/03\/FERNANDA-CARRI_5-1024x683.jpg\" alt=\"FERNANDA CARRI\" class=\"wp-image-9310\" srcset=\"https:\/\/www.gridmag.com.mx\/wp-content\/uploads\/2025\/03\/FERNANDA-CARRI_5-1024x683.jpg 1024w, https:\/\/www.gridmag.com.mx\/wp-content\/uploads\/2025\/03\/FERNANDA-CARRI_5-300x200.jpg 300w, https:\/\/www.gridmag.com.mx\/wp-content\/uploads\/2025\/03\/FERNANDA-CARRI_5-768x512.jpg 768w, https:\/\/www.gridmag.com.mx\/wp-content\/uploads\/2025\/03\/FERNANDA-CARRI_5-1536x1024.jpg 1536w, https:\/\/www.gridmag.com.mx\/wp-content\/uploads\/2025\/03\/FERNANDA-CARRI_5-2048x1365.jpg 2048w, https:\/\/www.gridmag.com.mx\/wp-content\/uploads\/2025\/03\/FERNANDA-CARRI_5-360x240.jpg 360w, https:\/\/www.gridmag.com.mx\/wp-content\/uploads\/2025\/03\/FERNANDA-CARRI_5-720x480.jpg 720w, https:\/\/www.gridmag.com.mx\/wp-content\/uploads\/2025\/03\/FERNANDA-CARRI_5-770x513.jpg 770w, https:\/\/www.gridmag.com.mx\/wp-content\/uploads\/2025\/03\/FERNANDA-CARRI_5-1400x933.jpg 1400w\" sizes=\"(max-width: 1024px) 100vw, 1024px\" \/><\/figure>\n\n\n\n<h2 class=\"wp-block-heading\">Fernanda Carri | Una trayectoria en ascenso<\/h2>\n\n\n\n<p>Fernanda Carri se posiciona como una voz prometedora del arte contempor\u00e1neo mexicano, presentando una obra que fusiona la introspecci\u00f3n personal con una est\u00e9tica visualmente impactante. Su pr\u00e1ctica art\u00edstica, que abarca pintura, escultura, cer\u00e1mica y textil, se caracteriza por una profunda exploraci\u00f3n de temas universales como la identidad, la memoria y la conexi\u00f3n con el entorno.<\/p>\n\n\n\n<p>&#8220;Comenc\u00e9 haciendo arte con la intenci\u00f3n de sanar; con el tiempo, se transform\u00f3 en el placer de crear piezas a trav\u00e9s de di\u00e1logos \u00edntimos conmigo misma. Hoy, lo m\u00e1s interesante de mi trabajo es observar las conversaciones que el p\u00fablico tiene consigo mismo al profundizar en mis obras&#8221;, comparte la artista.<\/p>\n\n\n\n<p>Influenciada por grandes figuras del arte como Louise Bourgeois, Pedro Reyes, Noguchi y Barbara Hepworth, Carri crea obras que son a la vez \u00edntimas y poderosas. A trav\u00e9s de una cuidadosa selecci\u00f3n de materiales y una t\u00e9cnica refinada, la artista construye objetos y espacios que invitan a la reflexi\u00f3n y la emoci\u00f3n. Sus obras, cargadas de simbolismo, revelan un universo interior rico y complejo, donde lo personal se entrelaza \u00edntimamente con valores universales.<\/p>\n\n\n\n<div class=\"wp-block-columns is-layout-flex wp-container-core-columns-is-layout-9d6595d7 wp-block-columns-is-layout-flex\">\n<div class=\"wp-block-column is-layout-flow wp-block-column-is-layout-flow\">\n<figure class=\"wp-block-image size-large\"><img decoding=\"async\" width=\"683\" height=\"1024\" src=\"https:\/\/www.gridmag.com.mx\/wp-content\/uploads\/2025\/03\/FERNANDA-CARRI_3-683x1024.jpg\" alt=\"FERNANDA CARRI\" class=\"wp-image-9311\" srcset=\"https:\/\/www.gridmag.com.mx\/wp-content\/uploads\/2025\/03\/FERNANDA-CARRI_3-683x1024.jpg 683w, https:\/\/www.gridmag.com.mx\/wp-content\/uploads\/2025\/03\/FERNANDA-CARRI_3-200x300.jpg 200w, https:\/\/www.gridmag.com.mx\/wp-content\/uploads\/2025\/03\/FERNANDA-CARRI_3-768x1152.jpg 768w, https:\/\/www.gridmag.com.mx\/wp-content\/uploads\/2025\/03\/FERNANDA-CARRI_3-1024x1536.jpg 1024w, https:\/\/www.gridmag.com.mx\/wp-content\/uploads\/2025\/03\/FERNANDA-CARRI_3-770x1155.jpg 770w, https:\/\/www.gridmag.com.mx\/wp-content\/uploads\/2025\/03\/FERNANDA-CARRI_3.jpg 1361w\" sizes=\"(max-width: 683px) 100vw, 683px\" \/><\/figure>\n<\/div>\n\n\n\n<div class=\"wp-block-column is-layout-flow wp-block-column-is-layout-flow\">\n<figure class=\"wp-block-image size-large\"><img decoding=\"async\" width=\"683\" height=\"1024\" src=\"https:\/\/www.gridmag.com.mx\/wp-content\/uploads\/2025\/03\/FERNANDA-CARRI_6-683x1024.jpg\" alt=\"\" class=\"wp-image-9312\" srcset=\"https:\/\/www.gridmag.com.mx\/wp-content\/uploads\/2025\/03\/FERNANDA-CARRI_6-683x1024.jpg 683w, https:\/\/www.gridmag.com.mx\/wp-content\/uploads\/2025\/03\/FERNANDA-CARRI_6-200x300.jpg 200w, https:\/\/www.gridmag.com.mx\/wp-content\/uploads\/2025\/03\/FERNANDA-CARRI_6-768x1152.jpg 768w, https:\/\/www.gridmag.com.mx\/wp-content\/uploads\/2025\/03\/FERNANDA-CARRI_6-1024x1536.jpg 1024w, https:\/\/www.gridmag.com.mx\/wp-content\/uploads\/2025\/03\/FERNANDA-CARRI_6-1365x2048.jpg 1365w, https:\/\/www.gridmag.com.mx\/wp-content\/uploads\/2025\/03\/FERNANDA-CARRI_6-770x1155.jpg 770w, https:\/\/www.gridmag.com.mx\/wp-content\/uploads\/2025\/03\/FERNANDA-CARRI_6-1400x2100.jpg 1400w, https:\/\/www.gridmag.com.mx\/wp-content\/uploads\/2025\/03\/FERNANDA-CARRI_6.jpg 1417w\" sizes=\"(max-width: 683px) 100vw, 683px\" \/><\/figure>\n<\/div>\n<\/div>\n\n\n\n<h2 class=\"wp-block-heading\">Exposiciones destacadas en el marco de Art Week 2025<\/h2>\n\n\n\n<h3 class=\"wp-block-heading\"><strong>Residencia en Proyecto H<\/strong><\/h3>\n\n\n\n<p>Del 4 al 27 de febrero, Fernanda Carri llevar\u00e1 a cabo una residencia abierta al p\u00fablico en el reconocido espacio de arte contempor\u00e1neo Proyecto H. Durante este periodo, la artista invitar\u00e1 al p\u00fablico a sumergirse en su proceso creativo, ofreciendo un vistazo \u00edntimo a la gestaci\u00f3n de sus obras. La exposici\u00f3n final, que incluir\u00e1 una selecci\u00f3n de piezas realizadas durante la residencia, se inaugurar\u00e1 el 27 de febrero.<\/p>\n\n\n\n<figure class=\"wp-block-image size-large\"><img decoding=\"async\" width=\"1024\" height=\"849\" src=\"https:\/\/www.gridmag.com.mx\/wp-content\/uploads\/2025\/03\/FERNANDA-CARRI_1-1024x849.jpg\" alt=\"FERNANDA CARRI\" class=\"wp-image-9313\" srcset=\"https:\/\/www.gridmag.com.mx\/wp-content\/uploads\/2025\/03\/FERNANDA-CARRI_1-1024x849.jpg 1024w, https:\/\/www.gridmag.com.mx\/wp-content\/uploads\/2025\/03\/FERNANDA-CARRI_1-300x249.jpg 300w, https:\/\/www.gridmag.com.mx\/wp-content\/uploads\/2025\/03\/FERNANDA-CARRI_1-768x637.jpg 768w, https:\/\/www.gridmag.com.mx\/wp-content\/uploads\/2025\/03\/FERNANDA-CARRI_1-1536x1274.jpg 1536w, https:\/\/www.gridmag.com.mx\/wp-content\/uploads\/2025\/03\/FERNANDA-CARRI_1-770x638.jpg 770w, https:\/\/www.gridmag.com.mx\/wp-content\/uploads\/2025\/03\/FERNANDA-CARRI_1-1400x1161.jpg 1400w, https:\/\/www.gridmag.com.mx\/wp-content\/uploads\/2025\/03\/FERNANDA-CARRI_1.jpg 1984w\" sizes=\"(max-width: 1024px) 100vw, 1024px\" \/><\/figure>\n\n\n\n<h3 class=\"wp-block-heading\"><strong>Exposici\u00f3n en Kristin Hjellegjerde<\/strong><\/h3>\n\n\n\n<p>Paralelamente, la prestigiosa galer\u00eda de Berl\u00edn, Kristin Hjellegjerde, presentar\u00e1 una selecci\u00f3n de obras de Fernanda Carri a partir del 14 de febrero. Esta exposici\u00f3n consolida el reconocimiento de la artista en el escenario art\u00edstico global y marca un nuevo hito en su trayectoria y proyecci\u00f3n internacional.<\/p>\n\n\n\n<figure class=\"wp-block-image size-large\"><img decoding=\"async\" width=\"1024\" height=\"683\" src=\"https:\/\/www.gridmag.com.mx\/wp-content\/uploads\/2025\/03\/FERNANDA-CARRI_2-1024x683.jpg\" alt=\"\" class=\"wp-image-9314\" srcset=\"https:\/\/www.gridmag.com.mx\/wp-content\/uploads\/2025\/03\/FERNANDA-CARRI_2-1024x683.jpg 1024w, https:\/\/www.gridmag.com.mx\/wp-content\/uploads\/2025\/03\/FERNANDA-CARRI_2-300x200.jpg 300w, https:\/\/www.gridmag.com.mx\/wp-content\/uploads\/2025\/03\/FERNANDA-CARRI_2-768x512.jpg 768w, https:\/\/www.gridmag.com.mx\/wp-content\/uploads\/2025\/03\/FERNANDA-CARRI_2-1536x1024.jpg 1536w, https:\/\/www.gridmag.com.mx\/wp-content\/uploads\/2025\/03\/FERNANDA-CARRI_2-360x240.jpg 360w, https:\/\/www.gridmag.com.mx\/wp-content\/uploads\/2025\/03\/FERNANDA-CARRI_2-720x480.jpg 720w, https:\/\/www.gridmag.com.mx\/wp-content\/uploads\/2025\/03\/FERNANDA-CARRI_2-770x513.jpg 770w, https:\/\/www.gridmag.com.mx\/wp-content\/uploads\/2025\/03\/FERNANDA-CARRI_2-1400x934.jpg 1400w, https:\/\/www.gridmag.com.mx\/wp-content\/uploads\/2025\/03\/FERNANDA-CARRI_2.jpg 1984w\" sizes=\"(max-width: 1024px) 100vw, 1024px\" \/><\/figure>\n\n\n\n<h2 class=\"wp-block-heading\">Acerca de Fernanda Carri<\/h2>\n\n\n\n<p>Fernanda Carri (1995), artista mexicana multidisciplinaria, explora los l\u00edmites entre la integraci\u00f3n de diversas formas de expresi\u00f3n pl\u00e1stica. Con formaci\u00f3n en Arquitectura, su obra refleja una profunda introspecci\u00f3n y fusiona elementos arquitect\u00f3nicos con una est\u00e9tica contempor\u00e1nea.<\/p>\n\n\n\n<figure class=\"wp-block-image size-large\"><img decoding=\"async\" width=\"683\" height=\"1024\" src=\"https:\/\/www.gridmag.com.mx\/wp-content\/uploads\/2025\/03\/FERNANDA-CARRI_8-683x1024.jpg\" alt=\"FERNANDA CARRI\" class=\"wp-image-9315\" srcset=\"https:\/\/www.gridmag.com.mx\/wp-content\/uploads\/2025\/03\/FERNANDA-CARRI_8-683x1024.jpg 683w, https:\/\/www.gridmag.com.mx\/wp-content\/uploads\/2025\/03\/FERNANDA-CARRI_8-200x300.jpg 200w, https:\/\/www.gridmag.com.mx\/wp-content\/uploads\/2025\/03\/FERNANDA-CARRI_8-768x1151.jpg 768w, https:\/\/www.gridmag.com.mx\/wp-content\/uploads\/2025\/03\/FERNANDA-CARRI_8-1024x1536.jpg 1024w, https:\/\/www.gridmag.com.mx\/wp-content\/uploads\/2025\/03\/FERNANDA-CARRI_8-1366x2048.jpg 1366w, https:\/\/www.gridmag.com.mx\/wp-content\/uploads\/2025\/03\/FERNANDA-CARRI_8-770x1154.jpg 770w, https:\/\/www.gridmag.com.mx\/wp-content\/uploads\/2025\/03\/FERNANDA-CARRI_8-1400x2099.jpg 1400w, https:\/\/www.gridmag.com.mx\/wp-content\/uploads\/2025\/03\/FERNANDA-CARRI_8.jpg 1446w\" sizes=\"(max-width: 683px) 100vw, 683px\" \/><\/figure>\n\n\n\n<div style=\"height:10px\" aria-hidden=\"true\" class=\"wp-block-spacer\"><\/div>\n\n\n\n<p>Inspirada por figuras como Louise Bourgeois, Pedro Reyes, Noguchi y Barbara Hepworth, su trabajo invita al espectador a un viaje \u00edntimo por su universo personal. En 2020, fue reconocida con el Premio Massimiliano Galliani per il disegno, consolidando su lugar en el panorama del arte contempor\u00e1neo actual.<\/p>\n\n\n\n<p>IG: @<a href=\"https:\/\/www.instagram.com\/carri_fernanda\/#\">carri_fernanda<\/a><\/p>\n\n\n\n<p><\/p>\n","protected":false},"excerpt":{"rendered":"<p>En el marco del Art Week M\u00e9xico 2025, Fernanda Carri irrumpe en la escena con exposiciones en Proyecto H y Kristin Hjellegjerde. Fernanda Carri | Una trayectoria en ascenso Fernanda Carri se posiciona como una voz prometedora del arte contempor\u00e1neo mexicano, presentando una obra que fusiona la introspecci\u00f3n personal con una est\u00e9tica visualmente impactante. Su pr\u00e1ctica art\u00edstica, que abarca pintura, escultura, cer\u00e1mica y textil, se caracteriza por una profunda exploraci\u00f3n de temas universales como la identidad, la memoria y la [&hellip;]<\/p>\n","protected":false},"author":1,"featured_media":9309,"comment_status":"open","ping_status":"open","sticky":false,"template":"","format":"standard","meta":{"footnotes":""},"categories":[53,55],"tags":[],"class_list":["post-9300","post","type-post","status-publish","format-standard","has-post-thumbnail","hentry","category-arte","category-creativos"],"yoast_head":"<!-- This site is optimized with the Yoast SEO plugin v27.0 - https:\/\/yoast.com\/product\/yoast-seo-wordpress\/ -->\n<title>Fernanda Carri | Nueva voz en el arte contempor\u00e1neo mexicano | Grid Magazine<\/title>\n<meta name=\"description\" content=\"Fernanda Carri, nueva voz del arte mexicano, presenta obra vibrante en Art Week M\u00e9xico 2025 en Proyecto H y Kristin Hjellegjerde.\" \/>\n<meta name=\"robots\" content=\"index, follow, max-snippet:-1, max-image-preview:large, max-video-preview:-1\" \/>\n<link rel=\"canonical\" href=\"https:\/\/www.gridmag.com.mx\/index.php\/2025\/03\/05\/fernanda-carri-una-nueva-voz-en-el-arte-contemporaneo-mexicano\/\" \/>\n<meta property=\"og:locale\" content=\"es_MX\" \/>\n<meta property=\"og:type\" content=\"article\" \/>\n<meta property=\"og:title\" content=\"Fernanda Carri | Nueva voz en el arte contempor\u00e1neo mexicano | Grid Magazine\" \/>\n<meta property=\"og:description\" content=\"Fernanda Carri, nueva voz del arte mexicano, presenta obra vibrante en Art Week M\u00e9xico 2025 en Proyecto H y Kristin Hjellegjerde.\" \/>\n<meta property=\"og:url\" content=\"https:\/\/www.gridmag.com.mx\/index.php\/2025\/03\/05\/fernanda-carri-una-nueva-voz-en-el-arte-contemporaneo-mexicano\/\" \/>\n<meta property=\"og:site_name\" content=\"Grid Magazine\" \/>\n<meta property=\"article:publisher\" content=\"https:\/\/www.facebook.com\/gridmagazine.mx\" \/>\n<meta property=\"article:published_time\" content=\"2025-03-05T15:00:00+00:00\" \/>\n<meta property=\"og:image\" content=\"https:\/\/www.gridmag.com.mx\/wp-content\/uploads\/2025\/03\/FERNANDA-CARRI_7.jpg\" \/>\n\t<meta property=\"og:image:width\" content=\"1843\" \/>\n\t<meta property=\"og:image:height\" content=\"1228\" \/>\n\t<meta property=\"og:image:type\" content=\"image\/jpeg\" \/>\n<meta name=\"author\" content=\"Grid Magazine\" \/>\n<meta name=\"twitter:card\" content=\"summary_large_image\" \/>\n<meta name=\"twitter:label1\" content=\"Escrito por\" \/>\n\t<meta name=\"twitter:data1\" content=\"Grid Magazine\" \/>\n\t<meta name=\"twitter:label2\" content=\"Tiempo de lectura\" \/>\n\t<meta name=\"twitter:data2\" content=\"4 minutos\" \/>\n<script type=\"application\/ld+json\" class=\"yoast-schema-graph\">{\"@context\":\"https:\/\/schema.org\",\"@graph\":[{\"@type\":\"Article\",\"@id\":\"https:\/\/www.gridmag.com.mx\/index.php\/2025\/03\/05\/fernanda-carri-una-nueva-voz-en-el-arte-contemporaneo-mexicano\/#article\",\"isPartOf\":{\"@id\":\"https:\/\/www.gridmag.com.mx\/index.php\/2025\/03\/05\/fernanda-carri-una-nueva-voz-en-el-arte-contemporaneo-mexicano\/\"},\"author\":{\"name\":\"Grid Magazine\",\"@id\":\"https:\/\/www.gridmag.com.mx\/#\/schema\/person\/d54cddc75e2ecfe4a55e39c0336ae932\"},\"headline\":\"Fernanda Carri | Nueva voz en el arte contempor\u00e1neo mexicano\",\"datePublished\":\"2025-03-05T15:00:00+00:00\",\"mainEntityOfPage\":{\"@id\":\"https:\/\/www.gridmag.com.mx\/index.php\/2025\/03\/05\/fernanda-carri-una-nueva-voz-en-el-arte-contemporaneo-mexicano\/\"},\"wordCount\":472,\"commentCount\":0,\"publisher\":{\"@id\":\"https:\/\/www.gridmag.com.mx\/#organization\"},\"image\":{\"@id\":\"https:\/\/www.gridmag.com.mx\/index.php\/2025\/03\/05\/fernanda-carri-una-nueva-voz-en-el-arte-contemporaneo-mexicano\/#primaryimage\"},\"thumbnailUrl\":\"https:\/\/www.gridmag.com.mx\/wp-content\/uploads\/2025\/03\/FERNANDA-CARRI_7.jpg\",\"articleSection\":[\"Arte\",\"Creativos\"],\"inLanguage\":\"es\",\"potentialAction\":[{\"@type\":\"CommentAction\",\"name\":\"Comment\",\"target\":[\"https:\/\/www.gridmag.com.mx\/index.php\/2025\/03\/05\/fernanda-carri-una-nueva-voz-en-el-arte-contemporaneo-mexicano\/#respond\"]}]},{\"@type\":\"WebPage\",\"@id\":\"https:\/\/www.gridmag.com.mx\/index.php\/2025\/03\/05\/fernanda-carri-una-nueva-voz-en-el-arte-contemporaneo-mexicano\/\",\"url\":\"https:\/\/www.gridmag.com.mx\/index.php\/2025\/03\/05\/fernanda-carri-una-nueva-voz-en-el-arte-contemporaneo-mexicano\/\",\"name\":\"Fernanda Carri | Nueva voz en el arte contempor\u00e1neo mexicano | Grid Magazine\",\"isPartOf\":{\"@id\":\"https:\/\/www.gridmag.com.mx\/#website\"},\"primaryImageOfPage\":{\"@id\":\"https:\/\/www.gridmag.com.mx\/index.php\/2025\/03\/05\/fernanda-carri-una-nueva-voz-en-el-arte-contemporaneo-mexicano\/#primaryimage\"},\"image\":{\"@id\":\"https:\/\/www.gridmag.com.mx\/index.php\/2025\/03\/05\/fernanda-carri-una-nueva-voz-en-el-arte-contemporaneo-mexicano\/#primaryimage\"},\"thumbnailUrl\":\"https:\/\/www.gridmag.com.mx\/wp-content\/uploads\/2025\/03\/FERNANDA-CARRI_7.jpg\",\"datePublished\":\"2025-03-05T15:00:00+00:00\",\"description\":\"Fernanda Carri, nueva voz del arte mexicano, presenta obra vibrante en Art Week M\u00e9xico 2025 en Proyecto H y Kristin Hjellegjerde.\",\"breadcrumb\":{\"@id\":\"https:\/\/www.gridmag.com.mx\/index.php\/2025\/03\/05\/fernanda-carri-una-nueva-voz-en-el-arte-contemporaneo-mexicano\/#breadcrumb\"},\"inLanguage\":\"es\",\"potentialAction\":[{\"@type\":\"ReadAction\",\"target\":[\"https:\/\/www.gridmag.com.mx\/index.php\/2025\/03\/05\/fernanda-carri-una-nueva-voz-en-el-arte-contemporaneo-mexicano\/\"]}]},{\"@type\":\"ImageObject\",\"inLanguage\":\"es\",\"@id\":\"https:\/\/www.gridmag.com.mx\/index.php\/2025\/03\/05\/fernanda-carri-una-nueva-voz-en-el-arte-contemporaneo-mexicano\/#primaryimage\",\"url\":\"https:\/\/www.gridmag.com.mx\/wp-content\/uploads\/2025\/03\/FERNANDA-CARRI_7.jpg\",\"contentUrl\":\"https:\/\/www.gridmag.com.mx\/wp-content\/uploads\/2025\/03\/FERNANDA-CARRI_7.jpg\",\"width\":1843,\"height\":1228},{\"@type\":\"BreadcrumbList\",\"@id\":\"https:\/\/www.gridmag.com.mx\/index.php\/2025\/03\/05\/fernanda-carri-una-nueva-voz-en-el-arte-contemporaneo-mexicano\/#breadcrumb\",\"itemListElement\":[{\"@type\":\"ListItem\",\"position\":1,\"name\":\"Inicio\",\"item\":\"https:\/\/www.gridmag.com.mx\/\"},{\"@type\":\"ListItem\",\"position\":2,\"name\":\"Fernanda Carri | Nueva voz en el arte contempor\u00e1neo mexicano\"}]},{\"@type\":\"WebSite\",\"@id\":\"https:\/\/www.gridmag.com.mx\/#website\",\"url\":\"https:\/\/www.gridmag.com.mx\/\",\"name\":\"Grid Magazine\",\"description\":\"Compartiendo lo mejor de la arquitectura y dise\u00f1o mexicano.\",\"publisher\":{\"@id\":\"https:\/\/www.gridmag.com.mx\/#organization\"},\"potentialAction\":[{\"@type\":\"SearchAction\",\"target\":{\"@type\":\"EntryPoint\",\"urlTemplate\":\"https:\/\/www.gridmag.com.mx\/?s={search_term_string}\"},\"query-input\":{\"@type\":\"PropertyValueSpecification\",\"valueRequired\":true,\"valueName\":\"search_term_string\"}}],\"inLanguage\":\"es\"},{\"@type\":\"Organization\",\"@id\":\"https:\/\/www.gridmag.com.mx\/#organization\",\"name\":\"Grid Magazine\",\"url\":\"https:\/\/www.gridmag.com.mx\/\",\"logo\":{\"@type\":\"ImageObject\",\"inLanguage\":\"es\",\"@id\":\"https:\/\/www.gridmag.com.mx\/#\/schema\/logo\/image\/\",\"url\":\"\",\"contentUrl\":\"\",\"caption\":\"Grid Magazine\"},\"image\":{\"@id\":\"https:\/\/www.gridmag.com.mx\/#\/schema\/logo\/image\/\"},\"sameAs\":[\"https:\/\/www.facebook.com\/gridmagazine.mx\",\"https:\/\/www.instagram.com\/gridmagazine_mx\/\",\"https:\/\/www.tiktok.com\/@gridmagazine.mx?_t=8gl2kVR2Aq6&_r=1\",\"https:\/\/www.linkedin.com\/company\/grid-magazine-mx\/\"]},{\"@type\":\"Person\",\"@id\":\"https:\/\/www.gridmag.com.mx\/#\/schema\/person\/d54cddc75e2ecfe4a55e39c0336ae932\",\"name\":\"Grid Magazine\",\"image\":{\"@type\":\"ImageObject\",\"inLanguage\":\"es\",\"@id\":\"https:\/\/www.gridmag.com.mx\/#\/schema\/person\/image\/\",\"url\":\"https:\/\/secure.gravatar.com\/avatar\/8e4bd50943002dd6ee9db30e5af749244f3e21206a99c4fb42429117eaacfc83?s=96&d=mm&r=g\",\"contentUrl\":\"https:\/\/secure.gravatar.com\/avatar\/8e4bd50943002dd6ee9db30e5af749244f3e21206a99c4fb42429117eaacfc83?s=96&d=mm&r=g\",\"caption\":\"Grid Magazine\"},\"sameAs\":[\"https:\/\/www.gridmag.com.mx\"],\"url\":\"https:\/\/www.gridmag.com.mx\/index.php\/author\/grid-magazine-arq\/\"}]}<\/script>\n<!-- \/ Yoast SEO plugin. -->","yoast_head_json":{"title":"Fernanda Carri | Nueva voz en el arte contempor\u00e1neo mexicano | Grid Magazine","description":"Fernanda Carri, nueva voz del arte mexicano, presenta obra vibrante en Art Week M\u00e9xico 2025 en Proyecto H y Kristin Hjellegjerde.","robots":{"index":"index","follow":"follow","max-snippet":"max-snippet:-1","max-image-preview":"max-image-preview:large","max-video-preview":"max-video-preview:-1"},"canonical":"https:\/\/www.gridmag.com.mx\/index.php\/2025\/03\/05\/fernanda-carri-una-nueva-voz-en-el-arte-contemporaneo-mexicano\/","og_locale":"es_MX","og_type":"article","og_title":"Fernanda Carri | Nueva voz en el arte contempor\u00e1neo mexicano | Grid Magazine","og_description":"Fernanda Carri, nueva voz del arte mexicano, presenta obra vibrante en Art Week M\u00e9xico 2025 en Proyecto H y Kristin Hjellegjerde.","og_url":"https:\/\/www.gridmag.com.mx\/index.php\/2025\/03\/05\/fernanda-carri-una-nueva-voz-en-el-arte-contemporaneo-mexicano\/","og_site_name":"Grid Magazine","article_publisher":"https:\/\/www.facebook.com\/gridmagazine.mx","article_published_time":"2025-03-05T15:00:00+00:00","og_image":[{"width":1843,"height":1228,"url":"https:\/\/www.gridmag.com.mx\/wp-content\/uploads\/2025\/03\/FERNANDA-CARRI_7.jpg","type":"image\/jpeg"}],"author":"Grid Magazine","twitter_card":"summary_large_image","twitter_misc":{"Escrito por":"Grid Magazine","Tiempo de lectura":"4 minutos"},"schema":{"@context":"https:\/\/schema.org","@graph":[{"@type":"Article","@id":"https:\/\/www.gridmag.com.mx\/index.php\/2025\/03\/05\/fernanda-carri-una-nueva-voz-en-el-arte-contemporaneo-mexicano\/#article","isPartOf":{"@id":"https:\/\/www.gridmag.com.mx\/index.php\/2025\/03\/05\/fernanda-carri-una-nueva-voz-en-el-arte-contemporaneo-mexicano\/"},"author":{"name":"Grid Magazine","@id":"https:\/\/www.gridmag.com.mx\/#\/schema\/person\/d54cddc75e2ecfe4a55e39c0336ae932"},"headline":"Fernanda Carri | Nueva voz en el arte contempor\u00e1neo mexicano","datePublished":"2025-03-05T15:00:00+00:00","mainEntityOfPage":{"@id":"https:\/\/www.gridmag.com.mx\/index.php\/2025\/03\/05\/fernanda-carri-una-nueva-voz-en-el-arte-contemporaneo-mexicano\/"},"wordCount":472,"commentCount":0,"publisher":{"@id":"https:\/\/www.gridmag.com.mx\/#organization"},"image":{"@id":"https:\/\/www.gridmag.com.mx\/index.php\/2025\/03\/05\/fernanda-carri-una-nueva-voz-en-el-arte-contemporaneo-mexicano\/#primaryimage"},"thumbnailUrl":"https:\/\/www.gridmag.com.mx\/wp-content\/uploads\/2025\/03\/FERNANDA-CARRI_7.jpg","articleSection":["Arte","Creativos"],"inLanguage":"es","potentialAction":[{"@type":"CommentAction","name":"Comment","target":["https:\/\/www.gridmag.com.mx\/index.php\/2025\/03\/05\/fernanda-carri-una-nueva-voz-en-el-arte-contemporaneo-mexicano\/#respond"]}]},{"@type":"WebPage","@id":"https:\/\/www.gridmag.com.mx\/index.php\/2025\/03\/05\/fernanda-carri-una-nueva-voz-en-el-arte-contemporaneo-mexicano\/","url":"https:\/\/www.gridmag.com.mx\/index.php\/2025\/03\/05\/fernanda-carri-una-nueva-voz-en-el-arte-contemporaneo-mexicano\/","name":"Fernanda Carri | Nueva voz en el arte contempor\u00e1neo mexicano | Grid Magazine","isPartOf":{"@id":"https:\/\/www.gridmag.com.mx\/#website"},"primaryImageOfPage":{"@id":"https:\/\/www.gridmag.com.mx\/index.php\/2025\/03\/05\/fernanda-carri-una-nueva-voz-en-el-arte-contemporaneo-mexicano\/#primaryimage"},"image":{"@id":"https:\/\/www.gridmag.com.mx\/index.php\/2025\/03\/05\/fernanda-carri-una-nueva-voz-en-el-arte-contemporaneo-mexicano\/#primaryimage"},"thumbnailUrl":"https:\/\/www.gridmag.com.mx\/wp-content\/uploads\/2025\/03\/FERNANDA-CARRI_7.jpg","datePublished":"2025-03-05T15:00:00+00:00","description":"Fernanda Carri, nueva voz del arte mexicano, presenta obra vibrante en Art Week M\u00e9xico 2025 en Proyecto H y Kristin Hjellegjerde.","breadcrumb":{"@id":"https:\/\/www.gridmag.com.mx\/index.php\/2025\/03\/05\/fernanda-carri-una-nueva-voz-en-el-arte-contemporaneo-mexicano\/#breadcrumb"},"inLanguage":"es","potentialAction":[{"@type":"ReadAction","target":["https:\/\/www.gridmag.com.mx\/index.php\/2025\/03\/05\/fernanda-carri-una-nueva-voz-en-el-arte-contemporaneo-mexicano\/"]}]},{"@type":"ImageObject","inLanguage":"es","@id":"https:\/\/www.gridmag.com.mx\/index.php\/2025\/03\/05\/fernanda-carri-una-nueva-voz-en-el-arte-contemporaneo-mexicano\/#primaryimage","url":"https:\/\/www.gridmag.com.mx\/wp-content\/uploads\/2025\/03\/FERNANDA-CARRI_7.jpg","contentUrl":"https:\/\/www.gridmag.com.mx\/wp-content\/uploads\/2025\/03\/FERNANDA-CARRI_7.jpg","width":1843,"height":1228},{"@type":"BreadcrumbList","@id":"https:\/\/www.gridmag.com.mx\/index.php\/2025\/03\/05\/fernanda-carri-una-nueva-voz-en-el-arte-contemporaneo-mexicano\/#breadcrumb","itemListElement":[{"@type":"ListItem","position":1,"name":"Inicio","item":"https:\/\/www.gridmag.com.mx\/"},{"@type":"ListItem","position":2,"name":"Fernanda Carri | Nueva voz en el arte contempor\u00e1neo mexicano"}]},{"@type":"WebSite","@id":"https:\/\/www.gridmag.com.mx\/#website","url":"https:\/\/www.gridmag.com.mx\/","name":"Grid Magazine","description":"Compartiendo lo mejor de la arquitectura y dise\u00f1o mexicano.","publisher":{"@id":"https:\/\/www.gridmag.com.mx\/#organization"},"potentialAction":[{"@type":"SearchAction","target":{"@type":"EntryPoint","urlTemplate":"https:\/\/www.gridmag.com.mx\/?s={search_term_string}"},"query-input":{"@type":"PropertyValueSpecification","valueRequired":true,"valueName":"search_term_string"}}],"inLanguage":"es"},{"@type":"Organization","@id":"https:\/\/www.gridmag.com.mx\/#organization","name":"Grid Magazine","url":"https:\/\/www.gridmag.com.mx\/","logo":{"@type":"ImageObject","inLanguage":"es","@id":"https:\/\/www.gridmag.com.mx\/#\/schema\/logo\/image\/","url":"","contentUrl":"","caption":"Grid Magazine"},"image":{"@id":"https:\/\/www.gridmag.com.mx\/#\/schema\/logo\/image\/"},"sameAs":["https:\/\/www.facebook.com\/gridmagazine.mx","https:\/\/www.instagram.com\/gridmagazine_mx\/","https:\/\/www.tiktok.com\/@gridmagazine.mx?_t=8gl2kVR2Aq6&_r=1","https:\/\/www.linkedin.com\/company\/grid-magazine-mx\/"]},{"@type":"Person","@id":"https:\/\/www.gridmag.com.mx\/#\/schema\/person\/d54cddc75e2ecfe4a55e39c0336ae932","name":"Grid Magazine","image":{"@type":"ImageObject","inLanguage":"es","@id":"https:\/\/www.gridmag.com.mx\/#\/schema\/person\/image\/","url":"https:\/\/secure.gravatar.com\/avatar\/8e4bd50943002dd6ee9db30e5af749244f3e21206a99c4fb42429117eaacfc83?s=96&d=mm&r=g","contentUrl":"https:\/\/secure.gravatar.com\/avatar\/8e4bd50943002dd6ee9db30e5af749244f3e21206a99c4fb42429117eaacfc83?s=96&d=mm&r=g","caption":"Grid Magazine"},"sameAs":["https:\/\/www.gridmag.com.mx"],"url":"https:\/\/www.gridmag.com.mx\/index.php\/author\/grid-magazine-arq\/"}]}},"_links":{"self":[{"href":"https:\/\/www.gridmag.com.mx\/index.php\/wp-json\/wp\/v2\/posts\/9300","targetHints":{"allow":["GET"]}}],"collection":[{"href":"https:\/\/www.gridmag.com.mx\/index.php\/wp-json\/wp\/v2\/posts"}],"about":[{"href":"https:\/\/www.gridmag.com.mx\/index.php\/wp-json\/wp\/v2\/types\/post"}],"author":[{"embeddable":true,"href":"https:\/\/www.gridmag.com.mx\/index.php\/wp-json\/wp\/v2\/users\/1"}],"replies":[{"embeddable":true,"href":"https:\/\/www.gridmag.com.mx\/index.php\/wp-json\/wp\/v2\/comments?post=9300"}],"version-history":[{"count":1,"href":"https:\/\/www.gridmag.com.mx\/index.php\/wp-json\/wp\/v2\/posts\/9300\/revisions"}],"predecessor-version":[{"id":9316,"href":"https:\/\/www.gridmag.com.mx\/index.php\/wp-json\/wp\/v2\/posts\/9300\/revisions\/9316"}],"wp:featuredmedia":[{"embeddable":true,"href":"https:\/\/www.gridmag.com.mx\/index.php\/wp-json\/wp\/v2\/media\/9309"}],"wp:attachment":[{"href":"https:\/\/www.gridmag.com.mx\/index.php\/wp-json\/wp\/v2\/media?parent=9300"}],"wp:term":[{"taxonomy":"category","embeddable":true,"href":"https:\/\/www.gridmag.com.mx\/index.php\/wp-json\/wp\/v2\/categories?post=9300"},{"taxonomy":"post_tag","embeddable":true,"href":"https:\/\/www.gridmag.com.mx\/index.php\/wp-json\/wp\/v2\/tags?post=9300"}],"curies":[{"name":"wp","href":"https:\/\/api.w.org\/{rel}","templated":true}]}}