{"id":9327,"date":"2025-03-07T09:00:00","date_gmt":"2025-03-07T15:00:00","guid":{"rendered":"https:\/\/www.gridmag.com.mx\/?p=9327"},"modified":"2025-03-07T05:13:52","modified_gmt":"2025-03-07T11:13:52","slug":"inedito-2025-abre-convocatoria-para-disenadores","status":"publish","type":"post","link":"https:\/\/www.gridmag.com.mx\/index.php\/2025\/03\/07\/inedito-2025-abre-convocatoria-para-disenadores\/","title":{"rendered":"In\u00e9dito 2025 | Abre convocatoria para dise\u00f1adores"},"content":{"rendered":"\n\n\n<p><strong>Design Week M\u00e9xico<\/strong> invita a dise\u00f1adores, artesanos y estudios creativos a participar en la d\u00e9cimo primera edici\u00f3n de<strong> In\u00e9dito<\/strong> <strong>2025,<\/strong> una plataforma que exhibe lo mejor del dise\u00f1o utilitario en M\u00e9xico. Adem\u00e1s, <strong>Espacio CDMX acoger\u00e1 la exposici\u00f3n de octubre de 2025 a enero de 2026<\/strong>; asimismo, otorgar\u00e1 <strong>$80,000 MXN<\/strong> al ganador y ocho menciones honor\u00edficas.<\/p>\n\n\n\n<figure class=\"wp-block-image size-large\"><img decoding=\"async\" width=\"1024\" height=\"683\" src=\"https:\/\/www.gridmag.com.mx\/wp-content\/uploads\/2025\/03\/2018.2-1024x683.jpg\" alt=\"In\u00e9dito 2025\" class=\"wp-image-9329\" srcset=\"https:\/\/www.gridmag.com.mx\/wp-content\/uploads\/2025\/03\/2018.2-1024x683.jpg 1024w, https:\/\/www.gridmag.com.mx\/wp-content\/uploads\/2025\/03\/2018.2-300x200.jpg 300w, https:\/\/www.gridmag.com.mx\/wp-content\/uploads\/2025\/03\/2018.2-768x512.jpg 768w, https:\/\/www.gridmag.com.mx\/wp-content\/uploads\/2025\/03\/2018.2-1536x1025.jpg 1536w, https:\/\/www.gridmag.com.mx\/wp-content\/uploads\/2025\/03\/2018.2-2048x1366.jpg 2048w, https:\/\/www.gridmag.com.mx\/wp-content\/uploads\/2025\/03\/2018.2-360x240.jpg 360w, https:\/\/www.gridmag.com.mx\/wp-content\/uploads\/2025\/03\/2018.2-720x480.jpg 720w, https:\/\/www.gridmag.com.mx\/wp-content\/uploads\/2025\/03\/2018.2-770x514.jpg 770w, https:\/\/www.gridmag.com.mx\/wp-content\/uploads\/2025\/03\/2018.2-1400x934.jpg 1400w\" sizes=\"(max-width: 1024px) 100vw, 1024px\" \/><\/figure>\n\n\n\n<div style=\"height:10px\" aria-hidden=\"true\" class=\"wp-block-spacer\"><\/div>\n\n\n\n<p>Adem\u00e1s, el evento reunir\u00e1 expertos del sector y profesionales reconocidos que compartir\u00e1n experiencias, ideas y consejos innovadores, fortaleciendo la red de la comunidad creativa para impulsar un futuro m\u00e1s brillante.<\/p>\n\n\n\n<figure class=\"wp-block-image size-large\"><img decoding=\"async\" width=\"1024\" height=\"683\" src=\"https:\/\/www.gridmag.com.mx\/wp-content\/uploads\/2025\/03\/2024-Peltreria-Cada--1024x683.jpg\" alt=\"In\u00e9dito 2025\" class=\"wp-image-9330\" srcset=\"https:\/\/www.gridmag.com.mx\/wp-content\/uploads\/2025\/03\/2024-Peltreria-Cada--1024x683.jpg 1024w, https:\/\/www.gridmag.com.mx\/wp-content\/uploads\/2025\/03\/2024-Peltreria-Cada--300x200.jpg 300w, https:\/\/www.gridmag.com.mx\/wp-content\/uploads\/2025\/03\/2024-Peltreria-Cada--768x512.jpg 768w, https:\/\/www.gridmag.com.mx\/wp-content\/uploads\/2025\/03\/2024-Peltreria-Cada--1536x1024.jpg 1536w, https:\/\/www.gridmag.com.mx\/wp-content\/uploads\/2025\/03\/2024-Peltreria-Cada--2048x1366.jpg 2048w, https:\/\/www.gridmag.com.mx\/wp-content\/uploads\/2025\/03\/2024-Peltreria-Cada--360x240.jpg 360w, https:\/\/www.gridmag.com.mx\/wp-content\/uploads\/2025\/03\/2024-Peltreria-Cada--720x480.jpg 720w, https:\/\/www.gridmag.com.mx\/wp-content\/uploads\/2025\/03\/2024-Peltreria-Cada--770x513.jpg 770w, https:\/\/www.gridmag.com.mx\/wp-content\/uploads\/2025\/03\/2024-Peltreria-Cada--1400x934.jpg 1400w\" sizes=\"(max-width: 1024px) 100vw, 1024px\" \/><\/figure>\n\n\n\n<h2 class=\"wp-block-heading\">Sobre In\u00e9dito 2025<\/h2>\n\n\n\n<p>Desde su creaci\u00f3n, In\u00e9dito <strong>cataliza el dise\u00f1o contempor\u00e1neo en M\u00e9xico<\/strong> y ofrece una plataforma para la comunidad creativa. Asimismo, la <a href=\"https:\/\/www.gridmag.com.mx\/index.php\/2024\/03\/14\/inedito-2024-i-convocatoria\/\">exhibici\u00f3n<\/a> destaca por su enfoque en la exploraci\u00f3n entre forma y funci\u00f3n, y fomenta la interacci\u00f3n entre <strong>dise\u00f1adores, artesanos y estudios especializados.<\/strong><\/p>\n\n\n\n<figure class=\"wp-block-image size-large\"><img decoding=\"async\" width=\"1024\" height=\"683\" src=\"https:\/\/www.gridmag.com.mx\/wp-content\/uploads\/2025\/03\/2024-3-1024x683.jpg\" alt=\"\" class=\"wp-image-9331\" srcset=\"https:\/\/www.gridmag.com.mx\/wp-content\/uploads\/2025\/03\/2024-3-1024x683.jpg 1024w, https:\/\/www.gridmag.com.mx\/wp-content\/uploads\/2025\/03\/2024-3-300x200.jpg 300w, https:\/\/www.gridmag.com.mx\/wp-content\/uploads\/2025\/03\/2024-3-768x512.jpg 768w, https:\/\/www.gridmag.com.mx\/wp-content\/uploads\/2025\/03\/2024-3-1536x1024.jpg 1536w, https:\/\/www.gridmag.com.mx\/wp-content\/uploads\/2025\/03\/2024-3-360x240.jpg 360w, https:\/\/www.gridmag.com.mx\/wp-content\/uploads\/2025\/03\/2024-3-720x480.jpg 720w, https:\/\/www.gridmag.com.mx\/wp-content\/uploads\/2025\/03\/2024-3-770x513.jpg 770w, https:\/\/www.gridmag.com.mx\/wp-content\/uploads\/2025\/03\/2024-3-1400x933.jpg 1400w, https:\/\/www.gridmag.com.mx\/wp-content\/uploads\/2025\/03\/2024-3.jpg 2048w\" sizes=\"(max-width: 1024px) 100vw, 1024px\" \/><\/figure>\n\n\n\n<div style=\"height:10px\" aria-hidden=\"true\" class=\"wp-block-spacer\"><\/div>\n\n\n\n<p>Adem\u00e1s, las piezas seleccionadas reflejan la riqueza de procesos creativos. Estas combinan t\u00e9cnicas contempor\u00e1neas y tradiciones artesanales, resaltando la importancia del dise\u00f1o en la cultura e identidad mexicana.<\/p>\n\n\n\n<figure class=\"wp-block-image size-large\"><img decoding=\"async\" width=\"1024\" height=\"682\" src=\"https:\/\/www.gridmag.com.mx\/wp-content\/uploads\/2025\/03\/2015.2-1024x682.jpg\" alt=\"\" class=\"wp-image-9332\" srcset=\"https:\/\/www.gridmag.com.mx\/wp-content\/uploads\/2025\/03\/2015.2-1024x682.jpg 1024w, https:\/\/www.gridmag.com.mx\/wp-content\/uploads\/2025\/03\/2015.2-300x200.jpg 300w, https:\/\/www.gridmag.com.mx\/wp-content\/uploads\/2025\/03\/2015.2-768x512.jpg 768w, https:\/\/www.gridmag.com.mx\/wp-content\/uploads\/2025\/03\/2015.2-1536x1024.jpg 1536w, https:\/\/www.gridmag.com.mx\/wp-content\/uploads\/2025\/03\/2015.2-360x240.jpg 360w, https:\/\/www.gridmag.com.mx\/wp-content\/uploads\/2025\/03\/2015.2-720x480.jpg 720w, https:\/\/www.gridmag.com.mx\/wp-content\/uploads\/2025\/03\/2015.2-770x513.jpg 770w, https:\/\/www.gridmag.com.mx\/wp-content\/uploads\/2025\/03\/2015.2-1400x933.jpg 1400w, https:\/\/www.gridmag.com.mx\/wp-content\/uploads\/2025\/03\/2015.2.jpg 2000w\" sizes=\"(max-width: 1024px) 100vw, 1024px\" \/><\/figure>\n\n\n\n<h2 class=\"wp-block-heading\">Fechas clave de In\u00e9dito 2025<\/h2>\n\n\n\n<ul class=\"wp-block-list\">\n<li><strong>Inicio de registro:<\/strong> 1 de marzo de 2025<\/li>\n\n\n\n<li><strong>Cierre de convocatoria:<\/strong> 30 de abril de 2025<\/li>\n\n\n\n<li><strong>Confirmaci\u00f3n de proyectos seleccionados:<\/strong> 1 de junio de 2025*<\/li>\n\n\n\n<li><strong>Inauguraci\u00f3n de In\u00e9dito 2025:<\/strong> 10 de octubre de 2025<\/li>\n\n\n\n<li><strong>Clausura de la exhibici\u00f3n:<\/strong> Segunda semana de enero de 2026<br>(*La fecha puede variar seg\u00fan el n\u00famero de registros recibidos.)<\/li>\n<\/ul>\n\n\n\n<figure class=\"wp-block-image size-large\"><img decoding=\"async\" width=\"1024\" height=\"682\" src=\"https:\/\/www.gridmag.com.mx\/wp-content\/uploads\/2025\/03\/2016.2-1024x682.jpg\" alt=\"In\u00e9dito 2025\" class=\"wp-image-9333\" srcset=\"https:\/\/www.gridmag.com.mx\/wp-content\/uploads\/2025\/03\/2016.2-1024x682.jpg 1024w, https:\/\/www.gridmag.com.mx\/wp-content\/uploads\/2025\/03\/2016.2-300x200.jpg 300w, https:\/\/www.gridmag.com.mx\/wp-content\/uploads\/2025\/03\/2016.2-768x512.jpg 768w, https:\/\/www.gridmag.com.mx\/wp-content\/uploads\/2025\/03\/2016.2-360x240.jpg 360w, https:\/\/www.gridmag.com.mx\/wp-content\/uploads\/2025\/03\/2016.2-720x480.jpg 720w, https:\/\/www.gridmag.com.mx\/wp-content\/uploads\/2025\/03\/2016.2-770x513.jpg 770w, https:\/\/www.gridmag.com.mx\/wp-content\/uploads\/2025\/03\/2016.2.jpg 1250w\" sizes=\"(max-width: 1024px) 100vw, 1024px\" \/><\/figure>\n\n\n\n<h2 class=\"wp-block-heading\">\u00bfC\u00f3mo participar?<\/h2>\n\n\n\n<p>Asimismo, los interesados deben registrarse en la convocatoria mediante el siguiente enlace: <a href=\"https:\/\/docs.google.com\/forms\/d\/e\/1FAIpQLSeIWhtGXyyI_Qsx2NLh5b4rQ_EvO8l3BjOfdaAK8vUDgWkcoQ\/viewform\">Formulario de registro<\/a>.<\/p>\n\n\n\n<p>No requiere que los proyectos est\u00e9n finalizados al registrarse. Puedes postular con un <strong>boceto, render o imagen conceptual, <\/strong>siempre y cuando no hayas comercializado, difundido o exhibido la pieza previamente.<\/p>\n\n\n\n<figure class=\"wp-block-image size-large\"><img decoding=\"async\" width=\"1024\" height=\"683\" src=\"https:\/\/www.gridmag.com.mx\/wp-content\/uploads\/2025\/03\/2020.1-1024x683.jpg\" alt=\"\" class=\"wp-image-9334\" srcset=\"https:\/\/www.gridmag.com.mx\/wp-content\/uploads\/2025\/03\/2020.1-1024x683.jpg 1024w, https:\/\/www.gridmag.com.mx\/wp-content\/uploads\/2025\/03\/2020.1-300x200.jpg 300w, https:\/\/www.gridmag.com.mx\/wp-content\/uploads\/2025\/03\/2020.1-768x512.jpg 768w, https:\/\/www.gridmag.com.mx\/wp-content\/uploads\/2025\/03\/2020.1-1536x1024.jpg 1536w, https:\/\/www.gridmag.com.mx\/wp-content\/uploads\/2025\/03\/2020.1-2048x1366.jpg 2048w, https:\/\/www.gridmag.com.mx\/wp-content\/uploads\/2025\/03\/2020.1-360x240.jpg 360w, https:\/\/www.gridmag.com.mx\/wp-content\/uploads\/2025\/03\/2020.1-720x480.jpg 720w, https:\/\/www.gridmag.com.mx\/wp-content\/uploads\/2025\/03\/2020.1-770x514.jpg 770w, https:\/\/www.gridmag.com.mx\/wp-content\/uploads\/2025\/03\/2020.1-1400x934.jpg 1400w\" sizes=\"(max-width: 1024px) 100vw, 1024px\" \/><\/figure>\n\n\n\n<h2 class=\"wp-block-heading\">Sobre Design Week M\u00e9xico y Espacio CDMX<\/h2>\n\n\n\n<p>Adem\u00e1s, <strong>Design Week M\u00e9xico<\/strong> impulsa el dise\u00f1o en M\u00e9xico y fomenta la reflexi\u00f3n sobre los retos locales. En 2018, rehabilitaron <strong>Espacio CDMX<\/strong>, anteriormente Taller del Trenecito de Chapultepec, y ahora funciona como epicentro para exposiciones, conferencias y talleres sobre arquitectura y dise\u00f1o.<\/p>\n\n\n\n<p><\/p>\n","protected":false},"excerpt":{"rendered":"<p>Design Week M\u00e9xico invita a dise\u00f1adores, artesanos y estudios creativos a participar en la d\u00e9cimo primera edici\u00f3n de In\u00e9dito 2025, una plataforma que exhibe lo mejor del dise\u00f1o utilitario en M\u00e9xico. Adem\u00e1s, Espacio CDMX acoger\u00e1 la exposici\u00f3n de octubre de 2025 a enero de 2026; asimismo, otorgar\u00e1 $80,000 MXN al ganador y ocho menciones honor\u00edficas. Adem\u00e1s, el evento reunir\u00e1 expertos del sector y profesionales reconocidos que compartir\u00e1n experiencias, ideas y consejos innovadores, fortaleciendo la red de la comunidad creativa para [&hellip;]<\/p>\n","protected":false},"author":1,"featured_media":9328,"comment_status":"open","ping_status":"open","sticky":false,"template":"","format":"standard","meta":{"footnotes":""},"categories":[55,52],"tags":[],"class_list":["post-9327","post","type-post","status-publish","format-standard","has-post-thumbnail","hentry","category-creativos","category-diseno"],"yoast_head":"<!-- This site is optimized with the Yoast SEO plugin v27.0 - https:\/\/yoast.com\/product\/yoast-seo-wordpress\/ -->\n<title>In\u00e9dito 2025 | Abre convocatoria para dise\u00f1adores | Grid Magazine<\/title>\n<meta name=\"description\" content=\"Convocatoria In\u00e9dito 2025 en Espacio CDMX: exhibe tu dise\u00f1o contempor\u00e1neo. Inscr\u00edbete antes del 30\/04 y muestra tu creatividad.\" \/>\n<meta name=\"robots\" content=\"index, follow, max-snippet:-1, max-image-preview:large, max-video-preview:-1\" \/>\n<link rel=\"canonical\" href=\"https:\/\/www.gridmag.com.mx\/index.php\/2025\/03\/07\/inedito-2025-abre-convocatoria-para-disenadores\/\" \/>\n<meta property=\"og:locale\" content=\"es_MX\" \/>\n<meta property=\"og:type\" content=\"article\" \/>\n<meta property=\"og:title\" content=\"In\u00e9dito 2025 | Abre convocatoria para dise\u00f1adores | Grid Magazine\" \/>\n<meta property=\"og:description\" content=\"Convocatoria In\u00e9dito 2025 en Espacio CDMX: exhibe tu dise\u00f1o contempor\u00e1neo. Inscr\u00edbete antes del 30\/04 y muestra tu creatividad.\" \/>\n<meta property=\"og:url\" content=\"https:\/\/www.gridmag.com.mx\/index.php\/2025\/03\/07\/inedito-2025-abre-convocatoria-para-disenadores\/\" \/>\n<meta property=\"og:site_name\" content=\"Grid Magazine\" \/>\n<meta property=\"article:publisher\" content=\"https:\/\/www.facebook.com\/gridmagazine.mx\" \/>\n<meta property=\"article:published_time\" content=\"2025-03-07T15:00:00+00:00\" \/>\n<meta property=\"og:image\" content=\"https:\/\/www.gridmag.com.mx\/wp-content\/uploads\/2025\/03\/2021-Translucent-collection-scaled.jpg\" \/>\n\t<meta property=\"og:image:width\" content=\"2560\" \/>\n\t<meta property=\"og:image:height\" content=\"1373\" \/>\n\t<meta property=\"og:image:type\" content=\"image\/jpeg\" \/>\n<meta name=\"author\" content=\"Grid Magazine\" \/>\n<meta name=\"twitter:card\" content=\"summary_large_image\" \/>\n<meta name=\"twitter:label1\" content=\"Escrito por\" \/>\n\t<meta name=\"twitter:data1\" content=\"Grid Magazine\" \/>\n\t<meta name=\"twitter:label2\" content=\"Tiempo de lectura\" \/>\n\t<meta name=\"twitter:data2\" content=\"3 minutos\" \/>\n<script type=\"application\/ld+json\" class=\"yoast-schema-graph\">{\"@context\":\"https:\/\/schema.org\",\"@graph\":[{\"@type\":\"Article\",\"@id\":\"https:\/\/www.gridmag.com.mx\/index.php\/2025\/03\/07\/inedito-2025-abre-convocatoria-para-disenadores\/#article\",\"isPartOf\":{\"@id\":\"https:\/\/www.gridmag.com.mx\/index.php\/2025\/03\/07\/inedito-2025-abre-convocatoria-para-disenadores\/\"},\"author\":{\"name\":\"Grid Magazine\",\"@id\":\"https:\/\/www.gridmag.com.mx\/#\/schema\/person\/d54cddc75e2ecfe4a55e39c0336ae932\"},\"headline\":\"In\u00e9dito 2025 | Abre convocatoria para dise\u00f1adores\",\"datePublished\":\"2025-03-07T15:00:00+00:00\",\"mainEntityOfPage\":{\"@id\":\"https:\/\/www.gridmag.com.mx\/index.php\/2025\/03\/07\/inedito-2025-abre-convocatoria-para-disenadores\/\"},\"wordCount\":347,\"commentCount\":0,\"publisher\":{\"@id\":\"https:\/\/www.gridmag.com.mx\/#organization\"},\"image\":{\"@id\":\"https:\/\/www.gridmag.com.mx\/index.php\/2025\/03\/07\/inedito-2025-abre-convocatoria-para-disenadores\/#primaryimage\"},\"thumbnailUrl\":\"https:\/\/www.gridmag.com.mx\/wp-content\/uploads\/2025\/03\/2021-Translucent-collection-scaled.jpg\",\"articleSection\":[\"Creativos\",\"Dise\u00f1o\"],\"inLanguage\":\"es\",\"potentialAction\":[{\"@type\":\"CommentAction\",\"name\":\"Comment\",\"target\":[\"https:\/\/www.gridmag.com.mx\/index.php\/2025\/03\/07\/inedito-2025-abre-convocatoria-para-disenadores\/#respond\"]}]},{\"@type\":\"WebPage\",\"@id\":\"https:\/\/www.gridmag.com.mx\/index.php\/2025\/03\/07\/inedito-2025-abre-convocatoria-para-disenadores\/\",\"url\":\"https:\/\/www.gridmag.com.mx\/index.php\/2025\/03\/07\/inedito-2025-abre-convocatoria-para-disenadores\/\",\"name\":\"In\u00e9dito 2025 | Abre convocatoria para dise\u00f1adores | Grid Magazine\",\"isPartOf\":{\"@id\":\"https:\/\/www.gridmag.com.mx\/#website\"},\"primaryImageOfPage\":{\"@id\":\"https:\/\/www.gridmag.com.mx\/index.php\/2025\/03\/07\/inedito-2025-abre-convocatoria-para-disenadores\/#primaryimage\"},\"image\":{\"@id\":\"https:\/\/www.gridmag.com.mx\/index.php\/2025\/03\/07\/inedito-2025-abre-convocatoria-para-disenadores\/#primaryimage\"},\"thumbnailUrl\":\"https:\/\/www.gridmag.com.mx\/wp-content\/uploads\/2025\/03\/2021-Translucent-collection-scaled.jpg\",\"datePublished\":\"2025-03-07T15:00:00+00:00\",\"description\":\"Convocatoria In\u00e9dito 2025 en Espacio CDMX: exhibe tu dise\u00f1o contempor\u00e1neo. Inscr\u00edbete antes del 30\/04 y muestra tu creatividad.\",\"breadcrumb\":{\"@id\":\"https:\/\/www.gridmag.com.mx\/index.php\/2025\/03\/07\/inedito-2025-abre-convocatoria-para-disenadores\/#breadcrumb\"},\"inLanguage\":\"es\",\"potentialAction\":[{\"@type\":\"ReadAction\",\"target\":[\"https:\/\/www.gridmag.com.mx\/index.php\/2025\/03\/07\/inedito-2025-abre-convocatoria-para-disenadores\/\"]}]},{\"@type\":\"ImageObject\",\"inLanguage\":\"es\",\"@id\":\"https:\/\/www.gridmag.com.mx\/index.php\/2025\/03\/07\/inedito-2025-abre-convocatoria-para-disenadores\/#primaryimage\",\"url\":\"https:\/\/www.gridmag.com.mx\/wp-content\/uploads\/2025\/03\/2021-Translucent-collection-scaled.jpg\",\"contentUrl\":\"https:\/\/www.gridmag.com.mx\/wp-content\/uploads\/2025\/03\/2021-Translucent-collection-scaled.jpg\",\"width\":2560,\"height\":1373},{\"@type\":\"BreadcrumbList\",\"@id\":\"https:\/\/www.gridmag.com.mx\/index.php\/2025\/03\/07\/inedito-2025-abre-convocatoria-para-disenadores\/#breadcrumb\",\"itemListElement\":[{\"@type\":\"ListItem\",\"position\":1,\"name\":\"Inicio\",\"item\":\"https:\/\/www.gridmag.com.mx\/\"},{\"@type\":\"ListItem\",\"position\":2,\"name\":\"In\u00e9dito 2025 | Abre convocatoria para dise\u00f1adores\"}]},{\"@type\":\"WebSite\",\"@id\":\"https:\/\/www.gridmag.com.mx\/#website\",\"url\":\"https:\/\/www.gridmag.com.mx\/\",\"name\":\"Grid Magazine\",\"description\":\"Compartiendo lo mejor de la arquitectura y dise\u00f1o mexicano.\",\"publisher\":{\"@id\":\"https:\/\/www.gridmag.com.mx\/#organization\"},\"potentialAction\":[{\"@type\":\"SearchAction\",\"target\":{\"@type\":\"EntryPoint\",\"urlTemplate\":\"https:\/\/www.gridmag.com.mx\/?s={search_term_string}\"},\"query-input\":{\"@type\":\"PropertyValueSpecification\",\"valueRequired\":true,\"valueName\":\"search_term_string\"}}],\"inLanguage\":\"es\"},{\"@type\":\"Organization\",\"@id\":\"https:\/\/www.gridmag.com.mx\/#organization\",\"name\":\"Grid Magazine\",\"url\":\"https:\/\/www.gridmag.com.mx\/\",\"logo\":{\"@type\":\"ImageObject\",\"inLanguage\":\"es\",\"@id\":\"https:\/\/www.gridmag.com.mx\/#\/schema\/logo\/image\/\",\"url\":\"\",\"contentUrl\":\"\",\"caption\":\"Grid Magazine\"},\"image\":{\"@id\":\"https:\/\/www.gridmag.com.mx\/#\/schema\/logo\/image\/\"},\"sameAs\":[\"https:\/\/www.facebook.com\/gridmagazine.mx\",\"https:\/\/www.instagram.com\/gridmagazine_mx\/\",\"https:\/\/www.tiktok.com\/@gridmagazine.mx?_t=8gl2kVR2Aq6&_r=1\",\"https:\/\/www.linkedin.com\/company\/grid-magazine-mx\/\"]},{\"@type\":\"Person\",\"@id\":\"https:\/\/www.gridmag.com.mx\/#\/schema\/person\/d54cddc75e2ecfe4a55e39c0336ae932\",\"name\":\"Grid Magazine\",\"image\":{\"@type\":\"ImageObject\",\"inLanguage\":\"es\",\"@id\":\"https:\/\/www.gridmag.com.mx\/#\/schema\/person\/image\/\",\"url\":\"https:\/\/secure.gravatar.com\/avatar\/8e4bd50943002dd6ee9db30e5af749244f3e21206a99c4fb42429117eaacfc83?s=96&d=mm&r=g\",\"contentUrl\":\"https:\/\/secure.gravatar.com\/avatar\/8e4bd50943002dd6ee9db30e5af749244f3e21206a99c4fb42429117eaacfc83?s=96&d=mm&r=g\",\"caption\":\"Grid Magazine\"},\"sameAs\":[\"https:\/\/www.gridmag.com.mx\"],\"url\":\"https:\/\/www.gridmag.com.mx\/index.php\/author\/grid-magazine-arq\/\"}]}<\/script>\n<!-- \/ Yoast SEO plugin. -->","yoast_head_json":{"title":"In\u00e9dito 2025 | Abre convocatoria para dise\u00f1adores | Grid Magazine","description":"Convocatoria In\u00e9dito 2025 en Espacio CDMX: exhibe tu dise\u00f1o contempor\u00e1neo. Inscr\u00edbete antes del 30\/04 y muestra tu creatividad.","robots":{"index":"index","follow":"follow","max-snippet":"max-snippet:-1","max-image-preview":"max-image-preview:large","max-video-preview":"max-video-preview:-1"},"canonical":"https:\/\/www.gridmag.com.mx\/index.php\/2025\/03\/07\/inedito-2025-abre-convocatoria-para-disenadores\/","og_locale":"es_MX","og_type":"article","og_title":"In\u00e9dito 2025 | Abre convocatoria para dise\u00f1adores | Grid Magazine","og_description":"Convocatoria In\u00e9dito 2025 en Espacio CDMX: exhibe tu dise\u00f1o contempor\u00e1neo. Inscr\u00edbete antes del 30\/04 y muestra tu creatividad.","og_url":"https:\/\/www.gridmag.com.mx\/index.php\/2025\/03\/07\/inedito-2025-abre-convocatoria-para-disenadores\/","og_site_name":"Grid Magazine","article_publisher":"https:\/\/www.facebook.com\/gridmagazine.mx","article_published_time":"2025-03-07T15:00:00+00:00","og_image":[{"width":2560,"height":1373,"url":"https:\/\/www.gridmag.com.mx\/wp-content\/uploads\/2025\/03\/2021-Translucent-collection-scaled.jpg","type":"image\/jpeg"}],"author":"Grid Magazine","twitter_card":"summary_large_image","twitter_misc":{"Escrito por":"Grid Magazine","Tiempo de lectura":"3 minutos"},"schema":{"@context":"https:\/\/schema.org","@graph":[{"@type":"Article","@id":"https:\/\/www.gridmag.com.mx\/index.php\/2025\/03\/07\/inedito-2025-abre-convocatoria-para-disenadores\/#article","isPartOf":{"@id":"https:\/\/www.gridmag.com.mx\/index.php\/2025\/03\/07\/inedito-2025-abre-convocatoria-para-disenadores\/"},"author":{"name":"Grid Magazine","@id":"https:\/\/www.gridmag.com.mx\/#\/schema\/person\/d54cddc75e2ecfe4a55e39c0336ae932"},"headline":"In\u00e9dito 2025 | Abre convocatoria para dise\u00f1adores","datePublished":"2025-03-07T15:00:00+00:00","mainEntityOfPage":{"@id":"https:\/\/www.gridmag.com.mx\/index.php\/2025\/03\/07\/inedito-2025-abre-convocatoria-para-disenadores\/"},"wordCount":347,"commentCount":0,"publisher":{"@id":"https:\/\/www.gridmag.com.mx\/#organization"},"image":{"@id":"https:\/\/www.gridmag.com.mx\/index.php\/2025\/03\/07\/inedito-2025-abre-convocatoria-para-disenadores\/#primaryimage"},"thumbnailUrl":"https:\/\/www.gridmag.com.mx\/wp-content\/uploads\/2025\/03\/2021-Translucent-collection-scaled.jpg","articleSection":["Creativos","Dise\u00f1o"],"inLanguage":"es","potentialAction":[{"@type":"CommentAction","name":"Comment","target":["https:\/\/www.gridmag.com.mx\/index.php\/2025\/03\/07\/inedito-2025-abre-convocatoria-para-disenadores\/#respond"]}]},{"@type":"WebPage","@id":"https:\/\/www.gridmag.com.mx\/index.php\/2025\/03\/07\/inedito-2025-abre-convocatoria-para-disenadores\/","url":"https:\/\/www.gridmag.com.mx\/index.php\/2025\/03\/07\/inedito-2025-abre-convocatoria-para-disenadores\/","name":"In\u00e9dito 2025 | Abre convocatoria para dise\u00f1adores | Grid Magazine","isPartOf":{"@id":"https:\/\/www.gridmag.com.mx\/#website"},"primaryImageOfPage":{"@id":"https:\/\/www.gridmag.com.mx\/index.php\/2025\/03\/07\/inedito-2025-abre-convocatoria-para-disenadores\/#primaryimage"},"image":{"@id":"https:\/\/www.gridmag.com.mx\/index.php\/2025\/03\/07\/inedito-2025-abre-convocatoria-para-disenadores\/#primaryimage"},"thumbnailUrl":"https:\/\/www.gridmag.com.mx\/wp-content\/uploads\/2025\/03\/2021-Translucent-collection-scaled.jpg","datePublished":"2025-03-07T15:00:00+00:00","description":"Convocatoria In\u00e9dito 2025 en Espacio CDMX: exhibe tu dise\u00f1o contempor\u00e1neo. Inscr\u00edbete antes del 30\/04 y muestra tu creatividad.","breadcrumb":{"@id":"https:\/\/www.gridmag.com.mx\/index.php\/2025\/03\/07\/inedito-2025-abre-convocatoria-para-disenadores\/#breadcrumb"},"inLanguage":"es","potentialAction":[{"@type":"ReadAction","target":["https:\/\/www.gridmag.com.mx\/index.php\/2025\/03\/07\/inedito-2025-abre-convocatoria-para-disenadores\/"]}]},{"@type":"ImageObject","inLanguage":"es","@id":"https:\/\/www.gridmag.com.mx\/index.php\/2025\/03\/07\/inedito-2025-abre-convocatoria-para-disenadores\/#primaryimage","url":"https:\/\/www.gridmag.com.mx\/wp-content\/uploads\/2025\/03\/2021-Translucent-collection-scaled.jpg","contentUrl":"https:\/\/www.gridmag.com.mx\/wp-content\/uploads\/2025\/03\/2021-Translucent-collection-scaled.jpg","width":2560,"height":1373},{"@type":"BreadcrumbList","@id":"https:\/\/www.gridmag.com.mx\/index.php\/2025\/03\/07\/inedito-2025-abre-convocatoria-para-disenadores\/#breadcrumb","itemListElement":[{"@type":"ListItem","position":1,"name":"Inicio","item":"https:\/\/www.gridmag.com.mx\/"},{"@type":"ListItem","position":2,"name":"In\u00e9dito 2025 | Abre convocatoria para dise\u00f1adores"}]},{"@type":"WebSite","@id":"https:\/\/www.gridmag.com.mx\/#website","url":"https:\/\/www.gridmag.com.mx\/","name":"Grid Magazine","description":"Compartiendo lo mejor de la arquitectura y dise\u00f1o mexicano.","publisher":{"@id":"https:\/\/www.gridmag.com.mx\/#organization"},"potentialAction":[{"@type":"SearchAction","target":{"@type":"EntryPoint","urlTemplate":"https:\/\/www.gridmag.com.mx\/?s={search_term_string}"},"query-input":{"@type":"PropertyValueSpecification","valueRequired":true,"valueName":"search_term_string"}}],"inLanguage":"es"},{"@type":"Organization","@id":"https:\/\/www.gridmag.com.mx\/#organization","name":"Grid Magazine","url":"https:\/\/www.gridmag.com.mx\/","logo":{"@type":"ImageObject","inLanguage":"es","@id":"https:\/\/www.gridmag.com.mx\/#\/schema\/logo\/image\/","url":"","contentUrl":"","caption":"Grid Magazine"},"image":{"@id":"https:\/\/www.gridmag.com.mx\/#\/schema\/logo\/image\/"},"sameAs":["https:\/\/www.facebook.com\/gridmagazine.mx","https:\/\/www.instagram.com\/gridmagazine_mx\/","https:\/\/www.tiktok.com\/@gridmagazine.mx?_t=8gl2kVR2Aq6&_r=1","https:\/\/www.linkedin.com\/company\/grid-magazine-mx\/"]},{"@type":"Person","@id":"https:\/\/www.gridmag.com.mx\/#\/schema\/person\/d54cddc75e2ecfe4a55e39c0336ae932","name":"Grid Magazine","image":{"@type":"ImageObject","inLanguage":"es","@id":"https:\/\/www.gridmag.com.mx\/#\/schema\/person\/image\/","url":"https:\/\/secure.gravatar.com\/avatar\/8e4bd50943002dd6ee9db30e5af749244f3e21206a99c4fb42429117eaacfc83?s=96&d=mm&r=g","contentUrl":"https:\/\/secure.gravatar.com\/avatar\/8e4bd50943002dd6ee9db30e5af749244f3e21206a99c4fb42429117eaacfc83?s=96&d=mm&r=g","caption":"Grid Magazine"},"sameAs":["https:\/\/www.gridmag.com.mx"],"url":"https:\/\/www.gridmag.com.mx\/index.php\/author\/grid-magazine-arq\/"}]}},"_links":{"self":[{"href":"https:\/\/www.gridmag.com.mx\/index.php\/wp-json\/wp\/v2\/posts\/9327","targetHints":{"allow":["GET"]}}],"collection":[{"href":"https:\/\/www.gridmag.com.mx\/index.php\/wp-json\/wp\/v2\/posts"}],"about":[{"href":"https:\/\/www.gridmag.com.mx\/index.php\/wp-json\/wp\/v2\/types\/post"}],"author":[{"embeddable":true,"href":"https:\/\/www.gridmag.com.mx\/index.php\/wp-json\/wp\/v2\/users\/1"}],"replies":[{"embeddable":true,"href":"https:\/\/www.gridmag.com.mx\/index.php\/wp-json\/wp\/v2\/comments?post=9327"}],"version-history":[{"count":1,"href":"https:\/\/www.gridmag.com.mx\/index.php\/wp-json\/wp\/v2\/posts\/9327\/revisions"}],"predecessor-version":[{"id":9335,"href":"https:\/\/www.gridmag.com.mx\/index.php\/wp-json\/wp\/v2\/posts\/9327\/revisions\/9335"}],"wp:featuredmedia":[{"embeddable":true,"href":"https:\/\/www.gridmag.com.mx\/index.php\/wp-json\/wp\/v2\/media\/9328"}],"wp:attachment":[{"href":"https:\/\/www.gridmag.com.mx\/index.php\/wp-json\/wp\/v2\/media?parent=9327"}],"wp:term":[{"taxonomy":"category","embeddable":true,"href":"https:\/\/www.gridmag.com.mx\/index.php\/wp-json\/wp\/v2\/categories?post=9327"},{"taxonomy":"post_tag","embeddable":true,"href":"https:\/\/www.gridmag.com.mx\/index.php\/wp-json\/wp\/v2\/tags?post=9327"}],"curies":[{"name":"wp","href":"https:\/\/api.w.org\/{rel}","templated":true}]}}