{"id":9350,"date":"2025-03-12T09:00:00","date_gmt":"2025-03-12T15:00:00","guid":{"rendered":"https:\/\/www.gridmag.com.mx\/?p=9350"},"modified":"2025-03-11T17:51:04","modified_gmt":"2025-03-11T23:51:04","slug":"livier-la-fotografia-como-sanacion-y-arte","status":"publish","type":"post","link":"https:\/\/www.gridmag.com.mx\/index.php\/2025\/03\/12\/livier-la-fotografia-como-sanacion-y-arte\/","title":{"rendered":"Livier | La fotograf\u00eda como sanaci\u00f3n y arte"},"content":{"rendered":"\n\n\n<p>Livier descubri\u00f3 la fotograf\u00eda de manera autodidacta. Todo comenz\u00f3 cuando su hermano le prest\u00f3 una c\u00e1mara Canon T3i. Con ella, experiment\u00f3 y captur\u00f3 todo lo que la rodeaba. Lo que inici\u00f3 como un pasatiempo se convirti\u00f3 en una forma de expresar sus emociones y sanar. &#8220;La fotograf\u00eda me dio voz&#8221;, afirma. Desde los 12 a\u00f1os, esta disciplina se convirti\u00f3 en una parte esencial de su vida.<\/p>\n\n\n\n<figure class=\"wp-block-image size-large\"><img decoding=\"async\" width=\"1024\" height=\"683\" src=\"https:\/\/www.gridmag.com.mx\/wp-content\/uploads\/2025\/03\/CARLOTAPALACIO\u00a9LIVIERMIROSLAVA-11-1024x683.jpg\" alt=\"\" class=\"wp-image-9352\" srcset=\"https:\/\/www.gridmag.com.mx\/wp-content\/uploads\/2025\/03\/CARLOTAPALACIO\u00a9LIVIERMIROSLAVA-11-1024x683.jpg 1024w, https:\/\/www.gridmag.com.mx\/wp-content\/uploads\/2025\/03\/CARLOTAPALACIO\u00a9LIVIERMIROSLAVA-11-300x200.jpg 300w, https:\/\/www.gridmag.com.mx\/wp-content\/uploads\/2025\/03\/CARLOTAPALACIO\u00a9LIVIERMIROSLAVA-11-768x512.jpg 768w, https:\/\/www.gridmag.com.mx\/wp-content\/uploads\/2025\/03\/CARLOTAPALACIO\u00a9LIVIERMIROSLAVA-11-1536x1024.jpg 1536w, https:\/\/www.gridmag.com.mx\/wp-content\/uploads\/2025\/03\/CARLOTAPALACIO\u00a9LIVIERMIROSLAVA-11-360x240.jpg 360w, https:\/\/www.gridmag.com.mx\/wp-content\/uploads\/2025\/03\/CARLOTAPALACIO\u00a9LIVIERMIROSLAVA-11-720x480.jpg 720w, https:\/\/www.gridmag.com.mx\/wp-content\/uploads\/2025\/03\/CARLOTAPALACIO\u00a9LIVIERMIROSLAVA-11-770x513.jpg 770w, https:\/\/www.gridmag.com.mx\/wp-content\/uploads\/2025\/03\/CARLOTAPALACIO\u00a9LIVIERMIROSLAVA-11-1400x933.jpg 1400w, https:\/\/www.gridmag.com.mx\/wp-content\/uploads\/2025\/03\/CARLOTAPALACIO\u00a9LIVIERMIROSLAVA-11.jpg 2048w\" sizes=\"(max-width: 1024px) 100vw, 1024px\" \/><\/figure>\n\n\n\n<h2 class=\"wp-block-heading\"><strong>El ojo de Livier | Atenci\u00f3n a los detalles<\/strong><\/h2>\n\n\n\n<p>Su estilo fotogr\u00e1fico se distingue por la autenticidad y la comodidad de sus modelos. &#8220;No se trata de posar, sino de ser y fluir&#8221;, explica. Para ella, la clave es captar lo que otros pueden pasar por alto, dej\u00e1ndose llevar por la atm\u00f3sfera y la emoci\u00f3n del momento.<\/p>\n\n\n\n<figure class=\"wp-block-image size-large\"><img decoding=\"async\" width=\"1024\" height=\"683\" src=\"https:\/\/www.gridmag.com.mx\/wp-content\/uploads\/2025\/03\/DANIELLECUMPLEANOS\u00a9LIVIERMIROSLAVA-57-1024x683.jpg\" alt=\"\" class=\"wp-image-9353\" srcset=\"https:\/\/www.gridmag.com.mx\/wp-content\/uploads\/2025\/03\/DANIELLECUMPLEANOS\u00a9LIVIERMIROSLAVA-57-1024x683.jpg 1024w, https:\/\/www.gridmag.com.mx\/wp-content\/uploads\/2025\/03\/DANIELLECUMPLEANOS\u00a9LIVIERMIROSLAVA-57-300x200.jpg 300w, https:\/\/www.gridmag.com.mx\/wp-content\/uploads\/2025\/03\/DANIELLECUMPLEANOS\u00a9LIVIERMIROSLAVA-57-768x512.jpg 768w, https:\/\/www.gridmag.com.mx\/wp-content\/uploads\/2025\/03\/DANIELLECUMPLEANOS\u00a9LIVIERMIROSLAVA-57-1536x1024.jpg 1536w, https:\/\/www.gridmag.com.mx\/wp-content\/uploads\/2025\/03\/DANIELLECUMPLEANOS\u00a9LIVIERMIROSLAVA-57-360x240.jpg 360w, https:\/\/www.gridmag.com.mx\/wp-content\/uploads\/2025\/03\/DANIELLECUMPLEANOS\u00a9LIVIERMIROSLAVA-57-720x480.jpg 720w, https:\/\/www.gridmag.com.mx\/wp-content\/uploads\/2025\/03\/DANIELLECUMPLEANOS\u00a9LIVIERMIROSLAVA-57-770x513.jpg 770w, https:\/\/www.gridmag.com.mx\/wp-content\/uploads\/2025\/03\/DANIELLECUMPLEANOS\u00a9LIVIERMIROSLAVA-57-1400x933.jpg 1400w, https:\/\/www.gridmag.com.mx\/wp-content\/uploads\/2025\/03\/DANIELLECUMPLEANOS\u00a9LIVIERMIROSLAVA-57.jpg 2048w\" sizes=\"(max-width: 1024px) 100vw, 1024px\" \/><\/figure>\n\n\n\n<h2 class=\"wp-block-heading\"><strong>Inspiraci\u00f3n y selecci\u00f3n de escenarios<\/strong><\/h2>\n\n\n\n<p>Livier encuentra inspiraci\u00f3n en la necesidad de crear y en los lugares que descubre. &#8220;Las locaciones se eligen solas&#8221;, comenta. Ya sea un rinc\u00f3n abandonado o unas flores en medio de la ciudad, cada espacio le habla y se convierte en el escenario perfecto para sus sesiones.<\/p>\n\n\n\n<figure class=\"wp-block-image size-large\"><img decoding=\"async\" width=\"1024\" height=\"683\" src=\"https:\/\/www.gridmag.com.mx\/wp-content\/uploads\/2025\/03\/IMG_5212-1024x683.jpg\" alt=\"\" class=\"wp-image-9354\" srcset=\"https:\/\/www.gridmag.com.mx\/wp-content\/uploads\/2025\/03\/IMG_5212-1024x683.jpg 1024w, https:\/\/www.gridmag.com.mx\/wp-content\/uploads\/2025\/03\/IMG_5212-300x200.jpg 300w, https:\/\/www.gridmag.com.mx\/wp-content\/uploads\/2025\/03\/IMG_5212-768x512.jpg 768w, https:\/\/www.gridmag.com.mx\/wp-content\/uploads\/2025\/03\/IMG_5212-1536x1024.jpg 1536w, https:\/\/www.gridmag.com.mx\/wp-content\/uploads\/2025\/03\/IMG_5212-360x240.jpg 360w, https:\/\/www.gridmag.com.mx\/wp-content\/uploads\/2025\/03\/IMG_5212-720x480.jpg 720w, https:\/\/www.gridmag.com.mx\/wp-content\/uploads\/2025\/03\/IMG_5212-770x513.jpg 770w, https:\/\/www.gridmag.com.mx\/wp-content\/uploads\/2025\/03\/IMG_5212-1400x933.jpg 1400w, https:\/\/www.gridmag.com.mx\/wp-content\/uploads\/2025\/03\/IMG_5212.jpg 2048w\" sizes=\"(max-width: 1024px) 100vw, 1024px\" \/><\/figure>\n\n\n\n<h2 class=\"wp-block-heading\"><strong>Creatividad vs. expectativas del cliente<\/strong><\/h2>\n\n\n\n<p>Enfrentar la incertidumbre de si su trabajo gustar\u00e1 a los clientes es un reto constante. Sin embargo, Livier conf\u00eda en su visi\u00f3n y en la confianza que depositan en ella quienes la eligen. &#8220;Si llegaron a m\u00ed es porque les gusta lo que hago&#8221;, dice con seguridad.<\/p>\n\n\n\n<h2 class=\"wp-block-heading\"><strong>Fotograf\u00eda de moda y retrato | Dos mundos distintos<\/strong><\/h2>\n\n\n\n<p>Si bien el retrato le permite conectar \u00edntimamente con sus sujetos, la fotograf\u00eda de moda implica un trabajo en equipo donde cada detalle debe ser preciso. &#8220;En retrato, los errores pueden ser aciertos, pero en moda no hay margen de error&#8221;, explica.<\/p>\n\n\n\n<div class=\"wp-block-columns is-layout-flex wp-container-core-columns-is-layout-9d6595d7 wp-block-columns-is-layout-flex\">\n<div class=\"wp-block-column is-layout-flow wp-block-column-is-layout-flow\">\n<figure class=\"wp-block-image size-large\"><img decoding=\"async\" width=\"683\" height=\"1024\" src=\"https:\/\/www.gridmag.com.mx\/wp-content\/uploads\/2025\/03\/MARIANAGARIBAY\u00a9LIVIERMIROSLAVA-54-683x1024.jpg\" alt=\"\" class=\"wp-image-9355\" srcset=\"https:\/\/www.gridmag.com.mx\/wp-content\/uploads\/2025\/03\/MARIANAGARIBAY\u00a9LIVIERMIROSLAVA-54-683x1024.jpg 683w, https:\/\/www.gridmag.com.mx\/wp-content\/uploads\/2025\/03\/MARIANAGARIBAY\u00a9LIVIERMIROSLAVA-54-200x300.jpg 200w, https:\/\/www.gridmag.com.mx\/wp-content\/uploads\/2025\/03\/MARIANAGARIBAY\u00a9LIVIERMIROSLAVA-54-768x1152.jpg 768w, https:\/\/www.gridmag.com.mx\/wp-content\/uploads\/2025\/03\/MARIANAGARIBAY\u00a9LIVIERMIROSLAVA-54-1024x1536.jpg 1024w, https:\/\/www.gridmag.com.mx\/wp-content\/uploads\/2025\/03\/MARIANAGARIBAY\u00a9LIVIERMIROSLAVA-54-1365x2048.jpg 1365w, https:\/\/www.gridmag.com.mx\/wp-content\/uploads\/2025\/03\/MARIANAGARIBAY\u00a9LIVIERMIROSLAVA-54-770x1155.jpg 770w, https:\/\/www.gridmag.com.mx\/wp-content\/uploads\/2025\/03\/MARIANAGARIBAY\u00a9LIVIERMIROSLAVA-54-1400x2100.jpg 1400w, https:\/\/www.gridmag.com.mx\/wp-content\/uploads\/2025\/03\/MARIANAGARIBAY\u00a9LIVIERMIROSLAVA-54-scaled.jpg 1707w\" sizes=\"(max-width: 683px) 100vw, 683px\" \/><\/figure>\n<\/div>\n\n\n\n<div class=\"wp-block-column is-layout-flow wp-block-column-is-layout-flow\">\n<figure class=\"wp-block-image size-large\"><img decoding=\"async\" width=\"683\" height=\"1024\" src=\"https:\/\/www.gridmag.com.mx\/wp-content\/uploads\/2025\/03\/MARIANAPUENTE\u00a9LIVIERMIROSLAVA-73-683x1024.jpg\" alt=\"\" class=\"wp-image-9356\" srcset=\"https:\/\/www.gridmag.com.mx\/wp-content\/uploads\/2025\/03\/MARIANAPUENTE\u00a9LIVIERMIROSLAVA-73-683x1024.jpg 683w, https:\/\/www.gridmag.com.mx\/wp-content\/uploads\/2025\/03\/MARIANAPUENTE\u00a9LIVIERMIROSLAVA-73-200x300.jpg 200w, https:\/\/www.gridmag.com.mx\/wp-content\/uploads\/2025\/03\/MARIANAPUENTE\u00a9LIVIERMIROSLAVA-73-768x1152.jpg 768w, https:\/\/www.gridmag.com.mx\/wp-content\/uploads\/2025\/03\/MARIANAPUENTE\u00a9LIVIERMIROSLAVA-73-1024x1536.jpg 1024w, https:\/\/www.gridmag.com.mx\/wp-content\/uploads\/2025\/03\/MARIANAPUENTE\u00a9LIVIERMIROSLAVA-73-1365x2048.jpg 1365w, https:\/\/www.gridmag.com.mx\/wp-content\/uploads\/2025\/03\/MARIANAPUENTE\u00a9LIVIERMIROSLAVA-73-770x1155.jpg 770w, https:\/\/www.gridmag.com.mx\/wp-content\/uploads\/2025\/03\/MARIANAPUENTE\u00a9LIVIERMIROSLAVA-73-1400x2100.jpg 1400w, https:\/\/www.gridmag.com.mx\/wp-content\/uploads\/2025\/03\/MARIANAPUENTE\u00a9LIVIERMIROSLAVA-73-scaled.jpg 1707w\" sizes=\"(max-width: 683px) 100vw, 683px\" \/><\/figure>\n<\/div>\n<\/div>\n\n\n\n<h2 class=\"wp-block-heading\"><strong>El desaf\u00edo de ser mujer en la industria fotogr\u00e1fica<\/strong><\/h2>\n\n\n\n<p>Ser mujer en la fotograf\u00eda implica desaf\u00edos, especialmente en un sector donde los hombres suelen tener m\u00e1s oportunidades. Sin embargo, Livier ha encontrado ventajas, como la confianza que algunas mujeres sienten al ser retratadas por otra mujer. A pesar de los obst\u00e1culos, ha construido una carrera s\u00f3lida basada en su talento y persistencia.<\/p>\n\n\n\n<h2 class=\"wp-block-heading\"><strong>La importancia de la luz en el trabajo<\/strong> de Livier<\/h2>\n\n\n\n<p>Prefiere la luz natural y disfruta la libertad que le brinda el sol. Tiene horarios espec\u00edficos para fotografiar, pero tambi\u00e9n se reta a jugar con la luz en distintos momentos del d\u00eda. &#8220;No hay reglas en la luz, solo experimentar&#8221;, afirma.<\/p>\n\n\n\n<div class=\"wp-block-columns is-layout-flex wp-container-core-columns-is-layout-9d6595d7 wp-block-columns-is-layout-flex\">\n<div class=\"wp-block-column is-layout-flow wp-block-column-is-layout-flow\">\n<figure class=\"wp-block-image size-large\"><img decoding=\"async\" width=\"683\" height=\"1024\" src=\"https:\/\/www.gridmag.com.mx\/wp-content\/uploads\/2025\/03\/DIANAYOUNG\u00a9LIVIERMIROSLAVA-21-683x1024.jpg\" alt=\"\" class=\"wp-image-9357\" srcset=\"https:\/\/www.gridmag.com.mx\/wp-content\/uploads\/2025\/03\/DIANAYOUNG\u00a9LIVIERMIROSLAVA-21-683x1024.jpg 683w, https:\/\/www.gridmag.com.mx\/wp-content\/uploads\/2025\/03\/DIANAYOUNG\u00a9LIVIERMIROSLAVA-21-200x300.jpg 200w, https:\/\/www.gridmag.com.mx\/wp-content\/uploads\/2025\/03\/DIANAYOUNG\u00a9LIVIERMIROSLAVA-21-768x1152.jpg 768w, https:\/\/www.gridmag.com.mx\/wp-content\/uploads\/2025\/03\/DIANAYOUNG\u00a9LIVIERMIROSLAVA-21-1024x1536.jpg 1024w, https:\/\/www.gridmag.com.mx\/wp-content\/uploads\/2025\/03\/DIANAYOUNG\u00a9LIVIERMIROSLAVA-21-1365x2048.jpg 1365w, https:\/\/www.gridmag.com.mx\/wp-content\/uploads\/2025\/03\/DIANAYOUNG\u00a9LIVIERMIROSLAVA-21-770x1155.jpg 770w, https:\/\/www.gridmag.com.mx\/wp-content\/uploads\/2025\/03\/DIANAYOUNG\u00a9LIVIERMIROSLAVA-21-1400x2100.jpg 1400w, https:\/\/www.gridmag.com.mx\/wp-content\/uploads\/2025\/03\/DIANAYOUNG\u00a9LIVIERMIROSLAVA-21-scaled.jpg 1707w\" sizes=\"(max-width: 683px) 100vw, 683px\" \/><\/figure>\n<\/div>\n\n\n\n<div class=\"wp-block-column is-layout-flow wp-block-column-is-layout-flow\">\n<figure class=\"wp-block-image size-large\"><img decoding=\"async\" width=\"683\" height=\"1024\" src=\"https:\/\/www.gridmag.com.mx\/wp-content\/uploads\/2025\/03\/MARIANAPUENTE\u00a9LIVIERMIROSLAVA-73-1-683x1024.jpg\" alt=\"\" class=\"wp-image-9358\" srcset=\"https:\/\/www.gridmag.com.mx\/wp-content\/uploads\/2025\/03\/MARIANAPUENTE\u00a9LIVIERMIROSLAVA-73-1-683x1024.jpg 683w, https:\/\/www.gridmag.com.mx\/wp-content\/uploads\/2025\/03\/MARIANAPUENTE\u00a9LIVIERMIROSLAVA-73-1-200x300.jpg 200w, https:\/\/www.gridmag.com.mx\/wp-content\/uploads\/2025\/03\/MARIANAPUENTE\u00a9LIVIERMIROSLAVA-73-1-768x1152.jpg 768w, https:\/\/www.gridmag.com.mx\/wp-content\/uploads\/2025\/03\/MARIANAPUENTE\u00a9LIVIERMIROSLAVA-73-1-1024x1536.jpg 1024w, https:\/\/www.gridmag.com.mx\/wp-content\/uploads\/2025\/03\/MARIANAPUENTE\u00a9LIVIERMIROSLAVA-73-1-1365x2048.jpg 1365w, https:\/\/www.gridmag.com.mx\/wp-content\/uploads\/2025\/03\/MARIANAPUENTE\u00a9LIVIERMIROSLAVA-73-1-770x1155.jpg 770w, https:\/\/www.gridmag.com.mx\/wp-content\/uploads\/2025\/03\/MARIANAPUENTE\u00a9LIVIERMIROSLAVA-73-1-1400x2100.jpg 1400w, https:\/\/www.gridmag.com.mx\/wp-content\/uploads\/2025\/03\/MARIANAPUENTE\u00a9LIVIERMIROSLAVA-73-1-scaled.jpg 1707w\" sizes=\"(max-width: 683px) 100vw, 683px\" \/><\/figure>\n<\/div>\n<\/div>\n\n\n\n<h2 class=\"wp-block-heading\"><strong>El futuro de la fotograf\u00eda en la era digital<\/strong> seg\u00fan Livier<\/h2>\n\n\n\n<p>Las redes sociales y la tecnolog\u00eda han transformado la fotograf\u00eda en un arma de doble filo. &#8220;Puedes volverte viral, pero si no mantienes el inter\u00e9s del p\u00fablico, la atenci\u00f3n se desvanece&#8221;, comenta. Para ella, la clave es la constancia y el equilibrio entre la creaci\u00f3n y el disfrute del proceso.<\/p>\n\n\n\n<h2 class=\"wp-block-heading\"><strong>Consejo para futuras generaciones de fot\u00f3grafas<\/strong><\/h2>\n\n\n\n<p>Para las mujeres que sue\u00f1an con una carrera en fotograf\u00eda, Livier tiene un mensaje claro: &#8220;No se dejen intimidar. Conf\u00eden en su talento y trabajen con constancia. El camino es largo, pero las oportunidades llegan con esfuerzo y pasi\u00f3n&#8221;.<\/p>\n\n\n\n<p>IG: @<a href=\"https:\/\/www.instagram.com\/liviermiroslav\/?hl=es#\">liviermiroslav<\/a><\/p>\n\n\n\n<p><\/p>\n","protected":false},"excerpt":{"rendered":"<p>Livier descubri\u00f3 la fotograf\u00eda de manera autodidacta. Todo comenz\u00f3 cuando su hermano le prest\u00f3 una c\u00e1mara Canon T3i. Con ella, experiment\u00f3 y captur\u00f3 todo lo que la rodeaba. Lo que inici\u00f3 como un pasatiempo se convirti\u00f3 en una forma de expresar sus emociones y sanar. &#8220;La fotograf\u00eda me dio voz&#8221;, afirma. Desde los 12 a\u00f1os, esta disciplina se convirti\u00f3 en una parte esencial de su vida. El ojo de Livier | Atenci\u00f3n a los detalles Su estilo fotogr\u00e1fico se distingue [&hellip;]<\/p>\n","protected":false},"author":1,"featured_media":9351,"comment_status":"open","ping_status":"open","sticky":false,"template":"","format":"standard","meta":{"footnotes":""},"categories":[53],"tags":[],"class_list":["post-9350","post","type-post","status-publish","format-standard","has-post-thumbnail","hentry","category-arte"],"yoast_head":"<!-- This site is optimized with the Yoast SEO plugin v27.0 - https:\/\/yoast.com\/product\/yoast-seo-wordpress\/ -->\n<title>Livier | La fotograf\u00eda como sanaci\u00f3n y arte | Grid Magazine<\/title>\n<meta name=\"robots\" content=\"index, follow, max-snippet:-1, max-image-preview:large, max-video-preview:-1\" \/>\n<link rel=\"canonical\" href=\"https:\/\/www.gridmag.com.mx\/index.php\/2025\/03\/12\/livier-la-fotografia-como-sanacion-y-arte\/\" \/>\n<meta property=\"og:locale\" content=\"es_MX\" \/>\n<meta property=\"og:type\" content=\"article\" \/>\n<meta property=\"og:title\" content=\"Livier | La fotograf\u00eda como sanaci\u00f3n y arte | Grid Magazine\" \/>\n<meta property=\"og:description\" content=\"Livier descubri\u00f3 la fotograf\u00eda de manera autodidacta. Todo comenz\u00f3 cuando su hermano le prest\u00f3 una c\u00e1mara Canon T3i. Con ella, experiment\u00f3 y captur\u00f3 todo lo que la rodeaba. Lo que inici\u00f3 como un pasatiempo se convirti\u00f3 en una forma de expresar sus emociones y sanar. &#8220;La fotograf\u00eda me dio voz&#8221;, afirma. Desde los 12 a\u00f1os, esta disciplina se convirti\u00f3 en una parte esencial de su vida. El ojo de Livier | Atenci\u00f3n a los detalles Su estilo fotogr\u00e1fico se distingue [&hellip;]\" \/>\n<meta property=\"og:url\" content=\"https:\/\/www.gridmag.com.mx\/index.php\/2025\/03\/12\/livier-la-fotografia-como-sanacion-y-arte\/\" \/>\n<meta property=\"og:site_name\" content=\"Grid Magazine\" \/>\n<meta property=\"article:publisher\" content=\"https:\/\/www.facebook.com\/gridmagazine.mx\" \/>\n<meta property=\"article:published_time\" content=\"2025-03-12T15:00:00+00:00\" \/>\n<meta property=\"og:image\" content=\"https:\/\/www.gridmag.com.mx\/wp-content\/uploads\/2025\/03\/MALENA\u00a9LIVIERMIROSLAVA-50.jpg\" \/>\n\t<meta property=\"og:image:width\" content=\"2048\" \/>\n\t<meta property=\"og:image:height\" content=\"1365\" \/>\n\t<meta property=\"og:image:type\" content=\"image\/jpeg\" \/>\n<meta name=\"author\" content=\"Grid Magazine\" \/>\n<meta name=\"twitter:card\" content=\"summary_large_image\" \/>\n<meta name=\"twitter:label1\" content=\"Escrito por\" \/>\n\t<meta name=\"twitter:data1\" content=\"Grid Magazine\" \/>\n\t<meta name=\"twitter:label2\" content=\"Tiempo de lectura\" \/>\n\t<meta name=\"twitter:data2\" content=\"4 minutos\" \/>\n<script type=\"application\/ld+json\" class=\"yoast-schema-graph\">{\"@context\":\"https:\/\/schema.org\",\"@graph\":[{\"@type\":\"Article\",\"@id\":\"https:\/\/www.gridmag.com.mx\/index.php\/2025\/03\/12\/livier-la-fotografia-como-sanacion-y-arte\/#article\",\"isPartOf\":{\"@id\":\"https:\/\/www.gridmag.com.mx\/index.php\/2025\/03\/12\/livier-la-fotografia-como-sanacion-y-arte\/\"},\"author\":{\"name\":\"Grid Magazine\",\"@id\":\"https:\/\/www.gridmag.com.mx\/#\/schema\/person\/d54cddc75e2ecfe4a55e39c0336ae932\"},\"headline\":\"Livier | La fotograf\u00eda como sanaci\u00f3n y arte\",\"datePublished\":\"2025-03-12T15:00:00+00:00\",\"mainEntityOfPage\":{\"@id\":\"https:\/\/www.gridmag.com.mx\/index.php\/2025\/03\/12\/livier-la-fotografia-como-sanacion-y-arte\/\"},\"wordCount\":546,\"commentCount\":0,\"publisher\":{\"@id\":\"https:\/\/www.gridmag.com.mx\/#organization\"},\"image\":{\"@id\":\"https:\/\/www.gridmag.com.mx\/index.php\/2025\/03\/12\/livier-la-fotografia-como-sanacion-y-arte\/#primaryimage\"},\"thumbnailUrl\":\"https:\/\/www.gridmag.com.mx\/wp-content\/uploads\/2025\/03\/MALENA\u00a9LIVIERMIROSLAVA-50.jpg\",\"articleSection\":[\"Arte\"],\"inLanguage\":\"es\",\"potentialAction\":[{\"@type\":\"CommentAction\",\"name\":\"Comment\",\"target\":[\"https:\/\/www.gridmag.com.mx\/index.php\/2025\/03\/12\/livier-la-fotografia-como-sanacion-y-arte\/#respond\"]}]},{\"@type\":\"WebPage\",\"@id\":\"https:\/\/www.gridmag.com.mx\/index.php\/2025\/03\/12\/livier-la-fotografia-como-sanacion-y-arte\/\",\"url\":\"https:\/\/www.gridmag.com.mx\/index.php\/2025\/03\/12\/livier-la-fotografia-como-sanacion-y-arte\/\",\"name\":\"Livier | La fotograf\u00eda como sanaci\u00f3n y arte | Grid Magazine\",\"isPartOf\":{\"@id\":\"https:\/\/www.gridmag.com.mx\/#website\"},\"primaryImageOfPage\":{\"@id\":\"https:\/\/www.gridmag.com.mx\/index.php\/2025\/03\/12\/livier-la-fotografia-como-sanacion-y-arte\/#primaryimage\"},\"image\":{\"@id\":\"https:\/\/www.gridmag.com.mx\/index.php\/2025\/03\/12\/livier-la-fotografia-como-sanacion-y-arte\/#primaryimage\"},\"thumbnailUrl\":\"https:\/\/www.gridmag.com.mx\/wp-content\/uploads\/2025\/03\/MALENA\u00a9LIVIERMIROSLAVA-50.jpg\",\"datePublished\":\"2025-03-12T15:00:00+00:00\",\"breadcrumb\":{\"@id\":\"https:\/\/www.gridmag.com.mx\/index.php\/2025\/03\/12\/livier-la-fotografia-como-sanacion-y-arte\/#breadcrumb\"},\"inLanguage\":\"es\",\"potentialAction\":[{\"@type\":\"ReadAction\",\"target\":[\"https:\/\/www.gridmag.com.mx\/index.php\/2025\/03\/12\/livier-la-fotografia-como-sanacion-y-arte\/\"]}]},{\"@type\":\"ImageObject\",\"inLanguage\":\"es\",\"@id\":\"https:\/\/www.gridmag.com.mx\/index.php\/2025\/03\/12\/livier-la-fotografia-como-sanacion-y-arte\/#primaryimage\",\"url\":\"https:\/\/www.gridmag.com.mx\/wp-content\/uploads\/2025\/03\/MALENA\u00a9LIVIERMIROSLAVA-50.jpg\",\"contentUrl\":\"https:\/\/www.gridmag.com.mx\/wp-content\/uploads\/2025\/03\/MALENA\u00a9LIVIERMIROSLAVA-50.jpg\",\"width\":2048,\"height\":1365},{\"@type\":\"BreadcrumbList\",\"@id\":\"https:\/\/www.gridmag.com.mx\/index.php\/2025\/03\/12\/livier-la-fotografia-como-sanacion-y-arte\/#breadcrumb\",\"itemListElement\":[{\"@type\":\"ListItem\",\"position\":1,\"name\":\"Inicio\",\"item\":\"https:\/\/www.gridmag.com.mx\/\"},{\"@type\":\"ListItem\",\"position\":2,\"name\":\"Livier | La fotograf\u00eda como sanaci\u00f3n y arte\"}]},{\"@type\":\"WebSite\",\"@id\":\"https:\/\/www.gridmag.com.mx\/#website\",\"url\":\"https:\/\/www.gridmag.com.mx\/\",\"name\":\"Grid Magazine\",\"description\":\"Compartiendo lo mejor de la arquitectura y dise\u00f1o mexicano.\",\"publisher\":{\"@id\":\"https:\/\/www.gridmag.com.mx\/#organization\"},\"potentialAction\":[{\"@type\":\"SearchAction\",\"target\":{\"@type\":\"EntryPoint\",\"urlTemplate\":\"https:\/\/www.gridmag.com.mx\/?s={search_term_string}\"},\"query-input\":{\"@type\":\"PropertyValueSpecification\",\"valueRequired\":true,\"valueName\":\"search_term_string\"}}],\"inLanguage\":\"es\"},{\"@type\":\"Organization\",\"@id\":\"https:\/\/www.gridmag.com.mx\/#organization\",\"name\":\"Grid Magazine\",\"url\":\"https:\/\/www.gridmag.com.mx\/\",\"logo\":{\"@type\":\"ImageObject\",\"inLanguage\":\"es\",\"@id\":\"https:\/\/www.gridmag.com.mx\/#\/schema\/logo\/image\/\",\"url\":\"\",\"contentUrl\":\"\",\"caption\":\"Grid Magazine\"},\"image\":{\"@id\":\"https:\/\/www.gridmag.com.mx\/#\/schema\/logo\/image\/\"},\"sameAs\":[\"https:\/\/www.facebook.com\/gridmagazine.mx\",\"https:\/\/www.instagram.com\/gridmagazine_mx\/\",\"https:\/\/www.tiktok.com\/@gridmagazine.mx?_t=8gl2kVR2Aq6&_r=1\",\"https:\/\/www.linkedin.com\/company\/grid-magazine-mx\/\"]},{\"@type\":\"Person\",\"@id\":\"https:\/\/www.gridmag.com.mx\/#\/schema\/person\/d54cddc75e2ecfe4a55e39c0336ae932\",\"name\":\"Grid Magazine\",\"image\":{\"@type\":\"ImageObject\",\"inLanguage\":\"es\",\"@id\":\"https:\/\/www.gridmag.com.mx\/#\/schema\/person\/image\/\",\"url\":\"https:\/\/secure.gravatar.com\/avatar\/8e4bd50943002dd6ee9db30e5af749244f3e21206a99c4fb42429117eaacfc83?s=96&d=mm&r=g\",\"contentUrl\":\"https:\/\/secure.gravatar.com\/avatar\/8e4bd50943002dd6ee9db30e5af749244f3e21206a99c4fb42429117eaacfc83?s=96&d=mm&r=g\",\"caption\":\"Grid Magazine\"},\"sameAs\":[\"https:\/\/www.gridmag.com.mx\"],\"url\":\"https:\/\/www.gridmag.com.mx\/index.php\/author\/grid-magazine-arq\/\"}]}<\/script>\n<!-- \/ Yoast SEO plugin. -->","yoast_head_json":{"title":"Livier | La fotograf\u00eda como sanaci\u00f3n y arte | Grid Magazine","robots":{"index":"index","follow":"follow","max-snippet":"max-snippet:-1","max-image-preview":"max-image-preview:large","max-video-preview":"max-video-preview:-1"},"canonical":"https:\/\/www.gridmag.com.mx\/index.php\/2025\/03\/12\/livier-la-fotografia-como-sanacion-y-arte\/","og_locale":"es_MX","og_type":"article","og_title":"Livier | La fotograf\u00eda como sanaci\u00f3n y arte | Grid Magazine","og_description":"Livier descubri\u00f3 la fotograf\u00eda de manera autodidacta. Todo comenz\u00f3 cuando su hermano le prest\u00f3 una c\u00e1mara Canon T3i. Con ella, experiment\u00f3 y captur\u00f3 todo lo que la rodeaba. Lo que inici\u00f3 como un pasatiempo se convirti\u00f3 en una forma de expresar sus emociones y sanar. &#8220;La fotograf\u00eda me dio voz&#8221;, afirma. Desde los 12 a\u00f1os, esta disciplina se convirti\u00f3 en una parte esencial de su vida. El ojo de Livier | Atenci\u00f3n a los detalles Su estilo fotogr\u00e1fico se distingue [&hellip;]","og_url":"https:\/\/www.gridmag.com.mx\/index.php\/2025\/03\/12\/livier-la-fotografia-como-sanacion-y-arte\/","og_site_name":"Grid Magazine","article_publisher":"https:\/\/www.facebook.com\/gridmagazine.mx","article_published_time":"2025-03-12T15:00:00+00:00","og_image":[{"width":2048,"height":1365,"url":"https:\/\/www.gridmag.com.mx\/wp-content\/uploads\/2025\/03\/MALENA\u00a9LIVIERMIROSLAVA-50.jpg","type":"image\/jpeg"}],"author":"Grid Magazine","twitter_card":"summary_large_image","twitter_misc":{"Escrito por":"Grid Magazine","Tiempo de lectura":"4 minutos"},"schema":{"@context":"https:\/\/schema.org","@graph":[{"@type":"Article","@id":"https:\/\/www.gridmag.com.mx\/index.php\/2025\/03\/12\/livier-la-fotografia-como-sanacion-y-arte\/#article","isPartOf":{"@id":"https:\/\/www.gridmag.com.mx\/index.php\/2025\/03\/12\/livier-la-fotografia-como-sanacion-y-arte\/"},"author":{"name":"Grid Magazine","@id":"https:\/\/www.gridmag.com.mx\/#\/schema\/person\/d54cddc75e2ecfe4a55e39c0336ae932"},"headline":"Livier | La fotograf\u00eda como sanaci\u00f3n y arte","datePublished":"2025-03-12T15:00:00+00:00","mainEntityOfPage":{"@id":"https:\/\/www.gridmag.com.mx\/index.php\/2025\/03\/12\/livier-la-fotografia-como-sanacion-y-arte\/"},"wordCount":546,"commentCount":0,"publisher":{"@id":"https:\/\/www.gridmag.com.mx\/#organization"},"image":{"@id":"https:\/\/www.gridmag.com.mx\/index.php\/2025\/03\/12\/livier-la-fotografia-como-sanacion-y-arte\/#primaryimage"},"thumbnailUrl":"https:\/\/www.gridmag.com.mx\/wp-content\/uploads\/2025\/03\/MALENA\u00a9LIVIERMIROSLAVA-50.jpg","articleSection":["Arte"],"inLanguage":"es","potentialAction":[{"@type":"CommentAction","name":"Comment","target":["https:\/\/www.gridmag.com.mx\/index.php\/2025\/03\/12\/livier-la-fotografia-como-sanacion-y-arte\/#respond"]}]},{"@type":"WebPage","@id":"https:\/\/www.gridmag.com.mx\/index.php\/2025\/03\/12\/livier-la-fotografia-como-sanacion-y-arte\/","url":"https:\/\/www.gridmag.com.mx\/index.php\/2025\/03\/12\/livier-la-fotografia-como-sanacion-y-arte\/","name":"Livier | La fotograf\u00eda como sanaci\u00f3n y arte | Grid Magazine","isPartOf":{"@id":"https:\/\/www.gridmag.com.mx\/#website"},"primaryImageOfPage":{"@id":"https:\/\/www.gridmag.com.mx\/index.php\/2025\/03\/12\/livier-la-fotografia-como-sanacion-y-arte\/#primaryimage"},"image":{"@id":"https:\/\/www.gridmag.com.mx\/index.php\/2025\/03\/12\/livier-la-fotografia-como-sanacion-y-arte\/#primaryimage"},"thumbnailUrl":"https:\/\/www.gridmag.com.mx\/wp-content\/uploads\/2025\/03\/MALENA\u00a9LIVIERMIROSLAVA-50.jpg","datePublished":"2025-03-12T15:00:00+00:00","breadcrumb":{"@id":"https:\/\/www.gridmag.com.mx\/index.php\/2025\/03\/12\/livier-la-fotografia-como-sanacion-y-arte\/#breadcrumb"},"inLanguage":"es","potentialAction":[{"@type":"ReadAction","target":["https:\/\/www.gridmag.com.mx\/index.php\/2025\/03\/12\/livier-la-fotografia-como-sanacion-y-arte\/"]}]},{"@type":"ImageObject","inLanguage":"es","@id":"https:\/\/www.gridmag.com.mx\/index.php\/2025\/03\/12\/livier-la-fotografia-como-sanacion-y-arte\/#primaryimage","url":"https:\/\/www.gridmag.com.mx\/wp-content\/uploads\/2025\/03\/MALENA\u00a9LIVIERMIROSLAVA-50.jpg","contentUrl":"https:\/\/www.gridmag.com.mx\/wp-content\/uploads\/2025\/03\/MALENA\u00a9LIVIERMIROSLAVA-50.jpg","width":2048,"height":1365},{"@type":"BreadcrumbList","@id":"https:\/\/www.gridmag.com.mx\/index.php\/2025\/03\/12\/livier-la-fotografia-como-sanacion-y-arte\/#breadcrumb","itemListElement":[{"@type":"ListItem","position":1,"name":"Inicio","item":"https:\/\/www.gridmag.com.mx\/"},{"@type":"ListItem","position":2,"name":"Livier | La fotograf\u00eda como sanaci\u00f3n y arte"}]},{"@type":"WebSite","@id":"https:\/\/www.gridmag.com.mx\/#website","url":"https:\/\/www.gridmag.com.mx\/","name":"Grid Magazine","description":"Compartiendo lo mejor de la arquitectura y dise\u00f1o mexicano.","publisher":{"@id":"https:\/\/www.gridmag.com.mx\/#organization"},"potentialAction":[{"@type":"SearchAction","target":{"@type":"EntryPoint","urlTemplate":"https:\/\/www.gridmag.com.mx\/?s={search_term_string}"},"query-input":{"@type":"PropertyValueSpecification","valueRequired":true,"valueName":"search_term_string"}}],"inLanguage":"es"},{"@type":"Organization","@id":"https:\/\/www.gridmag.com.mx\/#organization","name":"Grid Magazine","url":"https:\/\/www.gridmag.com.mx\/","logo":{"@type":"ImageObject","inLanguage":"es","@id":"https:\/\/www.gridmag.com.mx\/#\/schema\/logo\/image\/","url":"","contentUrl":"","caption":"Grid Magazine"},"image":{"@id":"https:\/\/www.gridmag.com.mx\/#\/schema\/logo\/image\/"},"sameAs":["https:\/\/www.facebook.com\/gridmagazine.mx","https:\/\/www.instagram.com\/gridmagazine_mx\/","https:\/\/www.tiktok.com\/@gridmagazine.mx?_t=8gl2kVR2Aq6&_r=1","https:\/\/www.linkedin.com\/company\/grid-magazine-mx\/"]},{"@type":"Person","@id":"https:\/\/www.gridmag.com.mx\/#\/schema\/person\/d54cddc75e2ecfe4a55e39c0336ae932","name":"Grid Magazine","image":{"@type":"ImageObject","inLanguage":"es","@id":"https:\/\/www.gridmag.com.mx\/#\/schema\/person\/image\/","url":"https:\/\/secure.gravatar.com\/avatar\/8e4bd50943002dd6ee9db30e5af749244f3e21206a99c4fb42429117eaacfc83?s=96&d=mm&r=g","contentUrl":"https:\/\/secure.gravatar.com\/avatar\/8e4bd50943002dd6ee9db30e5af749244f3e21206a99c4fb42429117eaacfc83?s=96&d=mm&r=g","caption":"Grid Magazine"},"sameAs":["https:\/\/www.gridmag.com.mx"],"url":"https:\/\/www.gridmag.com.mx\/index.php\/author\/grid-magazine-arq\/"}]}},"_links":{"self":[{"href":"https:\/\/www.gridmag.com.mx\/index.php\/wp-json\/wp\/v2\/posts\/9350","targetHints":{"allow":["GET"]}}],"collection":[{"href":"https:\/\/www.gridmag.com.mx\/index.php\/wp-json\/wp\/v2\/posts"}],"about":[{"href":"https:\/\/www.gridmag.com.mx\/index.php\/wp-json\/wp\/v2\/types\/post"}],"author":[{"embeddable":true,"href":"https:\/\/www.gridmag.com.mx\/index.php\/wp-json\/wp\/v2\/users\/1"}],"replies":[{"embeddable":true,"href":"https:\/\/www.gridmag.com.mx\/index.php\/wp-json\/wp\/v2\/comments?post=9350"}],"version-history":[{"count":1,"href":"https:\/\/www.gridmag.com.mx\/index.php\/wp-json\/wp\/v2\/posts\/9350\/revisions"}],"predecessor-version":[{"id":9359,"href":"https:\/\/www.gridmag.com.mx\/index.php\/wp-json\/wp\/v2\/posts\/9350\/revisions\/9359"}],"wp:featuredmedia":[{"embeddable":true,"href":"https:\/\/www.gridmag.com.mx\/index.php\/wp-json\/wp\/v2\/media\/9351"}],"wp:attachment":[{"href":"https:\/\/www.gridmag.com.mx\/index.php\/wp-json\/wp\/v2\/media?parent=9350"}],"wp:term":[{"taxonomy":"category","embeddable":true,"href":"https:\/\/www.gridmag.com.mx\/index.php\/wp-json\/wp\/v2\/categories?post=9350"},{"taxonomy":"post_tag","embeddable":true,"href":"https:\/\/www.gridmag.com.mx\/index.php\/wp-json\/wp\/v2\/tags?post=9350"}],"curies":[{"name":"wp","href":"https:\/\/api.w.org\/{rel}","templated":true}]}}