{"id":9413,"date":"2025-03-19T09:00:00","date_gmt":"2025-03-19T15:00:00","guid":{"rendered":"https:\/\/www.gridmag.com.mx\/?p=9413"},"modified":"2025-03-18T20:50:35","modified_gmt":"2025-03-19T02:50:35","slug":"mariana-achach-fotografia-entre-arte-diseno-y-arquitectura","status":"publish","type":"post","link":"https:\/\/www.gridmag.com.mx\/index.php\/2025\/03\/19\/mariana-achach-fotografia-entre-arte-diseno-y-arquitectura\/","title":{"rendered":"Mariana Achach | Fotograf\u00eda entre arte,\u00a0 dise\u00f1o y arquitectura"},"content":{"rendered":"\n\n\n<p>La fotograf\u00eda no solo documenta, tambi\u00e9n narra historias y da identidad a los objetos y espacios. Mariana Achach, fot\u00f3grafa y dise\u00f1adora, ha hecho de esta premisa el eje central de su trabajo. A trav\u00e9s de su estudio, Achach Fotograf\u00eda, ha colaborado con dise\u00f1adores, arquitectos y artistas para transformar lo cotidiano en arte mediante la luz, el color y la composici\u00f3n.<\/p>\n\n\n\n<div class=\"wp-block-columns is-layout-flex wp-container-core-columns-is-layout-9d6595d7 wp-block-columns-is-layout-flex\">\n<div class=\"wp-block-column is-layout-flow wp-block-column-is-layout-flow\">\n<figure class=\"wp-block-image size-large\"><img decoding=\"async\" width=\"683\" height=\"1024\" src=\"https:\/\/www.gridmag.com.mx\/wp-content\/uploads\/2025\/03\/Mariana-Achach-683x1024.jpg\" alt=\"\" class=\"wp-image-9416\" srcset=\"https:\/\/www.gridmag.com.mx\/wp-content\/uploads\/2025\/03\/Mariana-Achach-683x1024.jpg 683w, https:\/\/www.gridmag.com.mx\/wp-content\/uploads\/2025\/03\/Mariana-Achach-200x300.jpg 200w, https:\/\/www.gridmag.com.mx\/wp-content\/uploads\/2025\/03\/Mariana-Achach-768x1152.jpg 768w, https:\/\/www.gridmag.com.mx\/wp-content\/uploads\/2025\/03\/Mariana-Achach-1024x1536.jpg 1024w, https:\/\/www.gridmag.com.mx\/wp-content\/uploads\/2025\/03\/Mariana-Achach-1366x2048.jpg 1366w, https:\/\/www.gridmag.com.mx\/wp-content\/uploads\/2025\/03\/Mariana-Achach-770x1155.jpg 770w, https:\/\/www.gridmag.com.mx\/wp-content\/uploads\/2025\/03\/Mariana-Achach-1400x2100.jpg 1400w, https:\/\/www.gridmag.com.mx\/wp-content\/uploads\/2025\/03\/Mariana-Achach.jpg 1559w\" sizes=\"(max-width: 683px) 100vw, 683px\" \/><\/figure>\n<\/div>\n\n\n\n<div class=\"wp-block-column is-layout-flow wp-block-column-is-layout-flow\">\n<figure class=\"wp-block-image size-large\"><img decoding=\"async\" width=\"683\" height=\"1024\" src=\"https:\/\/www.gridmag.com.mx\/wp-content\/uploads\/2025\/03\/MARIANA-ACHACH-Coleccion-Estudio-\u2014-Fibra-\u2014-13-683x1024.jpg\" alt=\"Mariana Achach\" class=\"wp-image-9417\" srcset=\"https:\/\/www.gridmag.com.mx\/wp-content\/uploads\/2025\/03\/MARIANA-ACHACH-Coleccion-Estudio-\u2014-Fibra-\u2014-13-683x1024.jpg 683w, https:\/\/www.gridmag.com.mx\/wp-content\/uploads\/2025\/03\/MARIANA-ACHACH-Coleccion-Estudio-\u2014-Fibra-\u2014-13-200x300.jpg 200w, https:\/\/www.gridmag.com.mx\/wp-content\/uploads\/2025\/03\/MARIANA-ACHACH-Coleccion-Estudio-\u2014-Fibra-\u2014-13-768x1152.jpg 768w, https:\/\/www.gridmag.com.mx\/wp-content\/uploads\/2025\/03\/MARIANA-ACHACH-Coleccion-Estudio-\u2014-Fibra-\u2014-13-1024x1536.jpg 1024w, https:\/\/www.gridmag.com.mx\/wp-content\/uploads\/2025\/03\/MARIANA-ACHACH-Coleccion-Estudio-\u2014-Fibra-\u2014-13-1365x2048.jpg 1365w, https:\/\/www.gridmag.com.mx\/wp-content\/uploads\/2025\/03\/MARIANA-ACHACH-Coleccion-Estudio-\u2014-Fibra-\u2014-13-770x1155.jpg 770w, https:\/\/www.gridmag.com.mx\/wp-content\/uploads\/2025\/03\/MARIANA-ACHACH-Coleccion-Estudio-\u2014-Fibra-\u2014-13-1400x2100.jpg 1400w, https:\/\/www.gridmag.com.mx\/wp-content\/uploads\/2025\/03\/MARIANA-ACHACH-Coleccion-Estudio-\u2014-Fibra-\u2014-13-scaled.jpg 1707w\" sizes=\"(max-width: 683px) 100vw, 683px\" \/><\/figure>\n<\/div>\n<\/div>\n\n\n\n<h2 class=\"wp-block-heading\">Dise\u00f1o y fotograf\u00eda | Una Convergencia Natural<\/h2>\n\n\n\n<p>Para Mariana, el dise\u00f1o y la fotograf\u00eda siempre han ido de la mano. Aunque inicialmente vio la fotograf\u00eda como un pasatiempo, fue durante sus estudios en dise\u00f1o industrial cuando descubri\u00f3 que su verdadera pasi\u00f3n no era crear objetos, sino capturarlos y entender su esencia. &#8220;Me di cuenta de que pod\u00eda documentar dise\u00f1o y arquitectura y as\u00ed seguir rode\u00e1ndome de lo que me inspiraba&#8221;, comenta.<\/p>\n\n\n\n<h2 class=\"wp-block-heading\">La Luz, el color y la composici\u00f3n como herramientas narrativas para Mariana Achach<\/h2>\n\n\n\n<p>Para Mariana, cada imagen cuenta una historia. La luz define la atm\u00f3sfera, el color comunica emociones y la composici\u00f3n da estructura y significado a la escena. &#8220;Podemos moldear la foto para reflejar la identidad del cliente, enfatizar lo m\u00e1s importante y transmitir la sensaci\u00f3n correcta&#8221;, explica.<\/p>\n\n\n\n<div class=\"wp-block-columns is-layout-flex wp-container-core-columns-is-layout-9d6595d7 wp-block-columns-is-layout-flex\">\n<div class=\"wp-block-column is-layout-flow wp-block-column-is-layout-flow\">\n<figure class=\"wp-block-image size-large\"><img decoding=\"async\" width=\"683\" height=\"1024\" src=\"https:\/\/www.gridmag.com.mx\/wp-content\/uploads\/2025\/03\/MARIANA-ACHACH-Movil-Oseo-\u2014-02-683x1024.jpg\" alt=\"\" class=\"wp-image-9418\" srcset=\"https:\/\/www.gridmag.com.mx\/wp-content\/uploads\/2025\/03\/MARIANA-ACHACH-Movil-Oseo-\u2014-02-683x1024.jpg 683w, https:\/\/www.gridmag.com.mx\/wp-content\/uploads\/2025\/03\/MARIANA-ACHACH-Movil-Oseo-\u2014-02-200x300.jpg 200w, https:\/\/www.gridmag.com.mx\/wp-content\/uploads\/2025\/03\/MARIANA-ACHACH-Movil-Oseo-\u2014-02-768x1152.jpg 768w, https:\/\/www.gridmag.com.mx\/wp-content\/uploads\/2025\/03\/MARIANA-ACHACH-Movil-Oseo-\u2014-02-1024x1536.jpg 1024w, https:\/\/www.gridmag.com.mx\/wp-content\/uploads\/2025\/03\/MARIANA-ACHACH-Movil-Oseo-\u2014-02-1365x2048.jpg 1365w, https:\/\/www.gridmag.com.mx\/wp-content\/uploads\/2025\/03\/MARIANA-ACHACH-Movil-Oseo-\u2014-02-770x1155.jpg 770w, https:\/\/www.gridmag.com.mx\/wp-content\/uploads\/2025\/03\/MARIANA-ACHACH-Movil-Oseo-\u2014-02-1400x2100.jpg 1400w, https:\/\/www.gridmag.com.mx\/wp-content\/uploads\/2025\/03\/MARIANA-ACHACH-Movil-Oseo-\u2014-02.jpg 1701w\" sizes=\"(max-width: 683px) 100vw, 683px\" \/><\/figure>\n<\/div>\n\n\n\n<div class=\"wp-block-column is-layout-flow wp-block-column-is-layout-flow\">\n<figure class=\"wp-block-image size-large\"><img decoding=\"async\" width=\"683\" height=\"1024\" src=\"https:\/\/www.gridmag.com.mx\/wp-content\/uploads\/2025\/03\/MARIANA-ACHACH-Bandido-_-Viadora-\u2014-13-683x1024.jpg\" alt=\"Mariana Achach\" class=\"wp-image-9419\" srcset=\"https:\/\/www.gridmag.com.mx\/wp-content\/uploads\/2025\/03\/MARIANA-ACHACH-Bandido-_-Viadora-\u2014-13-683x1024.jpg 683w, https:\/\/www.gridmag.com.mx\/wp-content\/uploads\/2025\/03\/MARIANA-ACHACH-Bandido-_-Viadora-\u2014-13-200x300.jpg 200w, https:\/\/www.gridmag.com.mx\/wp-content\/uploads\/2025\/03\/MARIANA-ACHACH-Bandido-_-Viadora-\u2014-13-768x1152.jpg 768w, https:\/\/www.gridmag.com.mx\/wp-content\/uploads\/2025\/03\/MARIANA-ACHACH-Bandido-_-Viadora-\u2014-13-1024x1536.jpg 1024w, https:\/\/www.gridmag.com.mx\/wp-content\/uploads\/2025\/03\/MARIANA-ACHACH-Bandido-_-Viadora-\u2014-13-770x1155.jpg 770w, https:\/\/www.gridmag.com.mx\/wp-content\/uploads\/2025\/03\/MARIANA-ACHACH-Bandido-_-Viadora-\u2014-13.jpg 1191w\" sizes=\"(max-width: 683px) 100vw, 683px\" \/><\/figure>\n<\/div>\n<\/div>\n\n\n\n<h2 class=\"wp-block-heading\">Autenticidad en la colaboraci\u00f3n con artistas y marcas<\/h2>\n\n\n\n<p>Trabajar con diversos creativos implica encontrar un balance entre su visi\u00f3n y el estilo propio del fot\u00f3grafo. Mariana enfatiza la importancia de escuchar: &#8220;Antes de cualquier proyecto, me tomo el tiempo de entender la visi\u00f3n de mis clientes. Busco un punto en el que nuestras ideas se complementen y convivan de manera natural&#8221;.<\/p>\n\n\n\n<h2 class=\"wp-block-heading\">Retos y aprendizajes en la fotograf\u00eda de arquitectura<\/h2>\n\n\n\n<p>M\u00e1s all\u00e1 de los desaf\u00edos t\u00e9cnicos, Mariana destaca que el reto m\u00e1s interesante es el humano. &#8220;Cada cliente tiene una visi\u00f3n diferente, y encontrar un punto de equilibrio puede generar resultados inesperados e interesantes&#8221;. En la fotograf\u00eda de arquitectura, su enfoque va m\u00e1s all\u00e1 de la estructura; busca capturar la esencia de los espacios y transmitir sus emociones.<\/p>\n\n\n\n<figure class=\"wp-block-image size-large\"><img decoding=\"async\" width=\"1024\" height=\"683\" src=\"https:\/\/www.gridmag.com.mx\/wp-content\/uploads\/2025\/03\/MARIANA-ACHACH-CPMX-\u2014-Troncones-\u2014-09-1024x683.jpg\" alt=\"\" class=\"wp-image-9420\" srcset=\"https:\/\/www.gridmag.com.mx\/wp-content\/uploads\/2025\/03\/MARIANA-ACHACH-CPMX-\u2014-Troncones-\u2014-09-1024x683.jpg 1024w, https:\/\/www.gridmag.com.mx\/wp-content\/uploads\/2025\/03\/MARIANA-ACHACH-CPMX-\u2014-Troncones-\u2014-09-300x200.jpg 300w, https:\/\/www.gridmag.com.mx\/wp-content\/uploads\/2025\/03\/MARIANA-ACHACH-CPMX-\u2014-Troncones-\u2014-09-768x512.jpg 768w, https:\/\/www.gridmag.com.mx\/wp-content\/uploads\/2025\/03\/MARIANA-ACHACH-CPMX-\u2014-Troncones-\u2014-09-1536x1024.jpg 1536w, https:\/\/www.gridmag.com.mx\/wp-content\/uploads\/2025\/03\/MARIANA-ACHACH-CPMX-\u2014-Troncones-\u2014-09-2048x1365.jpg 2048w, https:\/\/www.gridmag.com.mx\/wp-content\/uploads\/2025\/03\/MARIANA-ACHACH-CPMX-\u2014-Troncones-\u2014-09-360x240.jpg 360w, https:\/\/www.gridmag.com.mx\/wp-content\/uploads\/2025\/03\/MARIANA-ACHACH-CPMX-\u2014-Troncones-\u2014-09-720x480.jpg 720w, https:\/\/www.gridmag.com.mx\/wp-content\/uploads\/2025\/03\/MARIANA-ACHACH-CPMX-\u2014-Troncones-\u2014-09-770x513.jpg 770w, https:\/\/www.gridmag.com.mx\/wp-content\/uploads\/2025\/03\/MARIANA-ACHACH-CPMX-\u2014-Troncones-\u2014-09-1400x933.jpg 1400w\" sizes=\"(max-width: 1024px) 100vw, 1024px\" \/><\/figure>\n\n\n\n<h2 class=\"wp-block-heading\">La fotograf\u00eda como difusi\u00f3n del arte y el dise\u00f1o para Mariana Achach<\/h2>\n\n\n\n<p>&#8220;La mayor\u00eda de las personas ver\u00e1n proyectos arquitect\u00f3nicos y de dise\u00f1o solo a trav\u00e9s de im\u00e1genes&#8221;, afirma Mariana. En este sentido, la fotograf\u00eda no solo promueve el trabajo de los dise\u00f1adores y arquitectos, sino que tambi\u00e9n inmortaliza el arte y la arquitectura de nuestra \u00e9poca.<\/p>\n\n\n\n<figure class=\"wp-block-image size-large\"><img decoding=\"async\" width=\"1024\" height=\"682\" src=\"https:\/\/www.gridmag.com.mx\/wp-content\/uploads\/2025\/03\/MARIANA-ACHACH-Simon-Hamui-\u2014-Gore-Suite-\u2014-12-1024x682.jpg\" alt=\"Mariana Achach\" class=\"wp-image-9421\" srcset=\"https:\/\/www.gridmag.com.mx\/wp-content\/uploads\/2025\/03\/MARIANA-ACHACH-Simon-Hamui-\u2014-Gore-Suite-\u2014-12-1024x682.jpg 1024w, https:\/\/www.gridmag.com.mx\/wp-content\/uploads\/2025\/03\/MARIANA-ACHACH-Simon-Hamui-\u2014-Gore-Suite-\u2014-12-300x200.jpg 300w, https:\/\/www.gridmag.com.mx\/wp-content\/uploads\/2025\/03\/MARIANA-ACHACH-Simon-Hamui-\u2014-Gore-Suite-\u2014-12-768x512.jpg 768w, https:\/\/www.gridmag.com.mx\/wp-content\/uploads\/2025\/03\/MARIANA-ACHACH-Simon-Hamui-\u2014-Gore-Suite-\u2014-12-1536x1024.jpg 1536w, https:\/\/www.gridmag.com.mx\/wp-content\/uploads\/2025\/03\/MARIANA-ACHACH-Simon-Hamui-\u2014-Gore-Suite-\u2014-12-360x240.jpg 360w, https:\/\/www.gridmag.com.mx\/wp-content\/uploads\/2025\/03\/MARIANA-ACHACH-Simon-Hamui-\u2014-Gore-Suite-\u2014-12-720x480.jpg 720w, https:\/\/www.gridmag.com.mx\/wp-content\/uploads\/2025\/03\/MARIANA-ACHACH-Simon-Hamui-\u2014-Gore-Suite-\u2014-12-770x513.jpg 770w, https:\/\/www.gridmag.com.mx\/wp-content\/uploads\/2025\/03\/MARIANA-ACHACH-Simon-Hamui-\u2014-Gore-Suite-\u2014-12-1400x933.jpg 1400w, https:\/\/www.gridmag.com.mx\/wp-content\/uploads\/2025\/03\/MARIANA-ACHACH-Simon-Hamui-\u2014-Gore-Suite-\u2014-12.jpg 1928w\" sizes=\"(max-width: 1024px) 100vw, 1024px\" \/><\/figure>\n\n\n\n<h2 class=\"wp-block-heading\">Mariana Achach nos da consejos para mujeres en la fotograf\u00eda profesional<\/h2>\n\n\n\n<p>Mariana invita a las mujeres a no desmotivarse y a confiar en su talento. &#8220;Al inicio de mi carrera, me dijeron que &#8216;no la armaba como fot\u00f3grafa&#8217;. Us\u00e9 eso como impulso para seguir aprendiendo&#8221;, recuerda. Recomienda desarrollar un ojo propio, profesionalizarse y rodearse de una red de apoyo para sobresalir en la industria.<\/p>\n\n\n\n<h2 class=\"wp-block-heading\">Futuro y exploraci\u00f3n fotogr\u00e1fica<\/h2>\n\n\n\n<p>Con una visi\u00f3n enfocada en la intersecci\u00f3n entre fotograf\u00eda, dise\u00f1o y arquitectura, Mariana busca seguir creciendo y creando im\u00e1genes que inspiren y cuenten historias. &#8220;La fotograf\u00eda es un campo en constante evoluci\u00f3n, y mi objetivo es seguir aprendiendo y explorando nuevas maneras de documentar el mundo que nos rodea&#8221;, concluye.<\/p>\n\n\n\n<p>IG: @<a href=\"https:\/\/www.instagram.com\/achachmariana\/?hl=es#\">achachmariana<\/a><\/p>\n\n\n\n<p><\/p>\n","protected":false},"excerpt":{"rendered":"<p>La fotograf\u00eda no solo documenta, tambi\u00e9n narra historias y da identidad a los objetos y espacios. Mariana Achach, fot\u00f3grafa y dise\u00f1adora, ha hecho de esta premisa el eje central de su trabajo. A trav\u00e9s de su estudio, Achach Fotograf\u00eda, ha colaborado con dise\u00f1adores, arquitectos y artistas para transformar lo cotidiano en arte mediante la luz, el color y la composici\u00f3n. Dise\u00f1o y fotograf\u00eda | Una Convergencia Natural Para Mariana, el dise\u00f1o y la fotograf\u00eda siempre han ido de la mano. [&hellip;]<\/p>\n","protected":false},"author":1,"featured_media":9414,"comment_status":"open","ping_status":"open","sticky":false,"template":"","format":"standard","meta":{"footnotes":""},"categories":[49,55,52],"tags":[],"class_list":["post-9413","post","type-post","status-publish","format-standard","has-post-thumbnail","hentry","category-arquitectura","category-creativos","category-diseno"],"yoast_head":"<!-- This site is optimized with the Yoast SEO plugin v27.0 - https:\/\/yoast.com\/product\/yoast-seo-wordpress\/ -->\n<title>Mariana Achach | Fotograf\u00eda entre arte,\u00a0 dise\u00f1o y arquitectura | Grid Magazine<\/title>\n<meta name=\"description\" content=\"Mariana Achach, fot\u00f3grafa de interiores, arquitectura y producto, que fusiona dise\u00f1o e imagen para capturar la esencia de espacios y objetos.\" \/>\n<meta name=\"robots\" content=\"index, follow, max-snippet:-1, max-image-preview:large, max-video-preview:-1\" \/>\n<link rel=\"canonical\" href=\"https:\/\/www.gridmag.com.mx\/index.php\/2025\/03\/19\/mariana-achach-fotografia-entre-arte-diseno-y-arquitectura\/\" \/>\n<meta property=\"og:locale\" content=\"es_MX\" \/>\n<meta property=\"og:type\" content=\"article\" \/>\n<meta property=\"og:title\" content=\"Mariana Achach | Fotograf\u00eda entre arte,\u00a0 dise\u00f1o y arquitectura | Grid Magazine\" \/>\n<meta property=\"og:description\" content=\"Mariana Achach, fot\u00f3grafa de interiores, arquitectura y producto, que fusiona dise\u00f1o e imagen para capturar la esencia de espacios y objetos.\" \/>\n<meta property=\"og:url\" content=\"https:\/\/www.gridmag.com.mx\/index.php\/2025\/03\/19\/mariana-achach-fotografia-entre-arte-diseno-y-arquitectura\/\" \/>\n<meta property=\"og:site_name\" content=\"Grid Magazine\" \/>\n<meta property=\"article:publisher\" content=\"https:\/\/www.facebook.com\/gridmagazine.mx\" \/>\n<meta property=\"article:published_time\" content=\"2025-03-19T15:00:00+00:00\" \/>\n<meta property=\"og:image\" content=\"https:\/\/www.gridmag.com.mx\/wp-content\/uploads\/2025\/03\/MARIANA-ACHACH-Galerie-Philia-FEB-2024-\u2014-04.jpg\" \/>\n\t<meta property=\"og:image:width\" content=\"2268\" \/>\n\t<meta property=\"og:image:height\" content=\"1512\" \/>\n\t<meta property=\"og:image:type\" content=\"image\/jpeg\" \/>\n<meta name=\"author\" content=\"Grid Magazine\" \/>\n<meta name=\"twitter:card\" content=\"summary_large_image\" \/>\n<meta name=\"twitter:label1\" content=\"Escrito por\" \/>\n\t<meta name=\"twitter:data1\" content=\"Grid Magazine\" \/>\n\t<meta name=\"twitter:label2\" content=\"Tiempo de lectura\" \/>\n\t<meta name=\"twitter:data2\" content=\"4 minutos\" \/>\n<script type=\"application\/ld+json\" class=\"yoast-schema-graph\">{\"@context\":\"https:\/\/schema.org\",\"@graph\":[{\"@type\":\"Article\",\"@id\":\"https:\/\/www.gridmag.com.mx\/index.php\/2025\/03\/19\/mariana-achach-fotografia-entre-arte-diseno-y-arquitectura\/#article\",\"isPartOf\":{\"@id\":\"https:\/\/www.gridmag.com.mx\/index.php\/2025\/03\/19\/mariana-achach-fotografia-entre-arte-diseno-y-arquitectura\/\"},\"author\":{\"name\":\"Grid Magazine\",\"@id\":\"https:\/\/www.gridmag.com.mx\/#\/schema\/person\/d54cddc75e2ecfe4a55e39c0336ae932\"},\"headline\":\"Mariana Achach | Fotograf\u00eda entre arte,\u00a0 dise\u00f1o y arquitectura\",\"datePublished\":\"2025-03-19T15:00:00+00:00\",\"mainEntityOfPage\":{\"@id\":\"https:\/\/www.gridmag.com.mx\/index.php\/2025\/03\/19\/mariana-achach-fotografia-entre-arte-diseno-y-arquitectura\/\"},\"wordCount\":561,\"commentCount\":0,\"publisher\":{\"@id\":\"https:\/\/www.gridmag.com.mx\/#organization\"},\"image\":{\"@id\":\"https:\/\/www.gridmag.com.mx\/index.php\/2025\/03\/19\/mariana-achach-fotografia-entre-arte-diseno-y-arquitectura\/#primaryimage\"},\"thumbnailUrl\":\"https:\/\/www.gridmag.com.mx\/wp-content\/uploads\/2025\/03\/MARIANA-ACHACH-Galerie-Philia-FEB-2024-\u2014-04.jpg\",\"articleSection\":[\"Arquitectura\",\"Creativos\",\"Dise\u00f1o\"],\"inLanguage\":\"es\",\"potentialAction\":[{\"@type\":\"CommentAction\",\"name\":\"Comment\",\"target\":[\"https:\/\/www.gridmag.com.mx\/index.php\/2025\/03\/19\/mariana-achach-fotografia-entre-arte-diseno-y-arquitectura\/#respond\"]}]},{\"@type\":\"WebPage\",\"@id\":\"https:\/\/www.gridmag.com.mx\/index.php\/2025\/03\/19\/mariana-achach-fotografia-entre-arte-diseno-y-arquitectura\/\",\"url\":\"https:\/\/www.gridmag.com.mx\/index.php\/2025\/03\/19\/mariana-achach-fotografia-entre-arte-diseno-y-arquitectura\/\",\"name\":\"Mariana Achach | Fotograf\u00eda entre arte,\u00a0 dise\u00f1o y arquitectura | Grid Magazine\",\"isPartOf\":{\"@id\":\"https:\/\/www.gridmag.com.mx\/#website\"},\"primaryImageOfPage\":{\"@id\":\"https:\/\/www.gridmag.com.mx\/index.php\/2025\/03\/19\/mariana-achach-fotografia-entre-arte-diseno-y-arquitectura\/#primaryimage\"},\"image\":{\"@id\":\"https:\/\/www.gridmag.com.mx\/index.php\/2025\/03\/19\/mariana-achach-fotografia-entre-arte-diseno-y-arquitectura\/#primaryimage\"},\"thumbnailUrl\":\"https:\/\/www.gridmag.com.mx\/wp-content\/uploads\/2025\/03\/MARIANA-ACHACH-Galerie-Philia-FEB-2024-\u2014-04.jpg\",\"datePublished\":\"2025-03-19T15:00:00+00:00\",\"description\":\"Mariana Achach, fot\u00f3grafa de interiores, arquitectura y producto, que fusiona dise\u00f1o e imagen para capturar la esencia de espacios y objetos.\",\"breadcrumb\":{\"@id\":\"https:\/\/www.gridmag.com.mx\/index.php\/2025\/03\/19\/mariana-achach-fotografia-entre-arte-diseno-y-arquitectura\/#breadcrumb\"},\"inLanguage\":\"es\",\"potentialAction\":[{\"@type\":\"ReadAction\",\"target\":[\"https:\/\/www.gridmag.com.mx\/index.php\/2025\/03\/19\/mariana-achach-fotografia-entre-arte-diseno-y-arquitectura\/\"]}]},{\"@type\":\"ImageObject\",\"inLanguage\":\"es\",\"@id\":\"https:\/\/www.gridmag.com.mx\/index.php\/2025\/03\/19\/mariana-achach-fotografia-entre-arte-diseno-y-arquitectura\/#primaryimage\",\"url\":\"https:\/\/www.gridmag.com.mx\/wp-content\/uploads\/2025\/03\/MARIANA-ACHACH-Galerie-Philia-FEB-2024-\u2014-04.jpg\",\"contentUrl\":\"https:\/\/www.gridmag.com.mx\/wp-content\/uploads\/2025\/03\/MARIANA-ACHACH-Galerie-Philia-FEB-2024-\u2014-04.jpg\",\"width\":2268,\"height\":1512},{\"@type\":\"BreadcrumbList\",\"@id\":\"https:\/\/www.gridmag.com.mx\/index.php\/2025\/03\/19\/mariana-achach-fotografia-entre-arte-diseno-y-arquitectura\/#breadcrumb\",\"itemListElement\":[{\"@type\":\"ListItem\",\"position\":1,\"name\":\"Inicio\",\"item\":\"https:\/\/www.gridmag.com.mx\/\"},{\"@type\":\"ListItem\",\"position\":2,\"name\":\"Mariana Achach | Fotograf\u00eda entre arte,\u00a0 dise\u00f1o y arquitectura\"}]},{\"@type\":\"WebSite\",\"@id\":\"https:\/\/www.gridmag.com.mx\/#website\",\"url\":\"https:\/\/www.gridmag.com.mx\/\",\"name\":\"Grid Magazine\",\"description\":\"Compartiendo lo mejor de la arquitectura y dise\u00f1o mexicano.\",\"publisher\":{\"@id\":\"https:\/\/www.gridmag.com.mx\/#organization\"},\"potentialAction\":[{\"@type\":\"SearchAction\",\"target\":{\"@type\":\"EntryPoint\",\"urlTemplate\":\"https:\/\/www.gridmag.com.mx\/?s={search_term_string}\"},\"query-input\":{\"@type\":\"PropertyValueSpecification\",\"valueRequired\":true,\"valueName\":\"search_term_string\"}}],\"inLanguage\":\"es\"},{\"@type\":\"Organization\",\"@id\":\"https:\/\/www.gridmag.com.mx\/#organization\",\"name\":\"Grid Magazine\",\"url\":\"https:\/\/www.gridmag.com.mx\/\",\"logo\":{\"@type\":\"ImageObject\",\"inLanguage\":\"es\",\"@id\":\"https:\/\/www.gridmag.com.mx\/#\/schema\/logo\/image\/\",\"url\":\"\",\"contentUrl\":\"\",\"caption\":\"Grid Magazine\"},\"image\":{\"@id\":\"https:\/\/www.gridmag.com.mx\/#\/schema\/logo\/image\/\"},\"sameAs\":[\"https:\/\/www.facebook.com\/gridmagazine.mx\",\"https:\/\/www.instagram.com\/gridmagazine_mx\/\",\"https:\/\/www.tiktok.com\/@gridmagazine.mx?_t=8gl2kVR2Aq6&_r=1\",\"https:\/\/www.linkedin.com\/company\/grid-magazine-mx\/\"]},{\"@type\":\"Person\",\"@id\":\"https:\/\/www.gridmag.com.mx\/#\/schema\/person\/d54cddc75e2ecfe4a55e39c0336ae932\",\"name\":\"Grid Magazine\",\"image\":{\"@type\":\"ImageObject\",\"inLanguage\":\"es\",\"@id\":\"https:\/\/www.gridmag.com.mx\/#\/schema\/person\/image\/\",\"url\":\"https:\/\/secure.gravatar.com\/avatar\/8e4bd50943002dd6ee9db30e5af749244f3e21206a99c4fb42429117eaacfc83?s=96&d=mm&r=g\",\"contentUrl\":\"https:\/\/secure.gravatar.com\/avatar\/8e4bd50943002dd6ee9db30e5af749244f3e21206a99c4fb42429117eaacfc83?s=96&d=mm&r=g\",\"caption\":\"Grid Magazine\"},\"sameAs\":[\"https:\/\/www.gridmag.com.mx\"],\"url\":\"https:\/\/www.gridmag.com.mx\/index.php\/author\/grid-magazine-arq\/\"}]}<\/script>\n<!-- \/ Yoast SEO plugin. -->","yoast_head_json":{"title":"Mariana Achach | Fotograf\u00eda entre arte,\u00a0 dise\u00f1o y arquitectura | Grid Magazine","description":"Mariana Achach, fot\u00f3grafa de interiores, arquitectura y producto, que fusiona dise\u00f1o e imagen para capturar la esencia de espacios y objetos.","robots":{"index":"index","follow":"follow","max-snippet":"max-snippet:-1","max-image-preview":"max-image-preview:large","max-video-preview":"max-video-preview:-1"},"canonical":"https:\/\/www.gridmag.com.mx\/index.php\/2025\/03\/19\/mariana-achach-fotografia-entre-arte-diseno-y-arquitectura\/","og_locale":"es_MX","og_type":"article","og_title":"Mariana Achach | Fotograf\u00eda entre arte,\u00a0 dise\u00f1o y arquitectura | Grid Magazine","og_description":"Mariana Achach, fot\u00f3grafa de interiores, arquitectura y producto, que fusiona dise\u00f1o e imagen para capturar la esencia de espacios y objetos.","og_url":"https:\/\/www.gridmag.com.mx\/index.php\/2025\/03\/19\/mariana-achach-fotografia-entre-arte-diseno-y-arquitectura\/","og_site_name":"Grid Magazine","article_publisher":"https:\/\/www.facebook.com\/gridmagazine.mx","article_published_time":"2025-03-19T15:00:00+00:00","og_image":[{"width":2268,"height":1512,"url":"https:\/\/www.gridmag.com.mx\/wp-content\/uploads\/2025\/03\/MARIANA-ACHACH-Galerie-Philia-FEB-2024-\u2014-04.jpg","type":"image\/jpeg"}],"author":"Grid Magazine","twitter_card":"summary_large_image","twitter_misc":{"Escrito por":"Grid Magazine","Tiempo de lectura":"4 minutos"},"schema":{"@context":"https:\/\/schema.org","@graph":[{"@type":"Article","@id":"https:\/\/www.gridmag.com.mx\/index.php\/2025\/03\/19\/mariana-achach-fotografia-entre-arte-diseno-y-arquitectura\/#article","isPartOf":{"@id":"https:\/\/www.gridmag.com.mx\/index.php\/2025\/03\/19\/mariana-achach-fotografia-entre-arte-diseno-y-arquitectura\/"},"author":{"name":"Grid Magazine","@id":"https:\/\/www.gridmag.com.mx\/#\/schema\/person\/d54cddc75e2ecfe4a55e39c0336ae932"},"headline":"Mariana Achach | Fotograf\u00eda entre arte,\u00a0 dise\u00f1o y arquitectura","datePublished":"2025-03-19T15:00:00+00:00","mainEntityOfPage":{"@id":"https:\/\/www.gridmag.com.mx\/index.php\/2025\/03\/19\/mariana-achach-fotografia-entre-arte-diseno-y-arquitectura\/"},"wordCount":561,"commentCount":0,"publisher":{"@id":"https:\/\/www.gridmag.com.mx\/#organization"},"image":{"@id":"https:\/\/www.gridmag.com.mx\/index.php\/2025\/03\/19\/mariana-achach-fotografia-entre-arte-diseno-y-arquitectura\/#primaryimage"},"thumbnailUrl":"https:\/\/www.gridmag.com.mx\/wp-content\/uploads\/2025\/03\/MARIANA-ACHACH-Galerie-Philia-FEB-2024-\u2014-04.jpg","articleSection":["Arquitectura","Creativos","Dise\u00f1o"],"inLanguage":"es","potentialAction":[{"@type":"CommentAction","name":"Comment","target":["https:\/\/www.gridmag.com.mx\/index.php\/2025\/03\/19\/mariana-achach-fotografia-entre-arte-diseno-y-arquitectura\/#respond"]}]},{"@type":"WebPage","@id":"https:\/\/www.gridmag.com.mx\/index.php\/2025\/03\/19\/mariana-achach-fotografia-entre-arte-diseno-y-arquitectura\/","url":"https:\/\/www.gridmag.com.mx\/index.php\/2025\/03\/19\/mariana-achach-fotografia-entre-arte-diseno-y-arquitectura\/","name":"Mariana Achach | Fotograf\u00eda entre arte,\u00a0 dise\u00f1o y arquitectura | Grid Magazine","isPartOf":{"@id":"https:\/\/www.gridmag.com.mx\/#website"},"primaryImageOfPage":{"@id":"https:\/\/www.gridmag.com.mx\/index.php\/2025\/03\/19\/mariana-achach-fotografia-entre-arte-diseno-y-arquitectura\/#primaryimage"},"image":{"@id":"https:\/\/www.gridmag.com.mx\/index.php\/2025\/03\/19\/mariana-achach-fotografia-entre-arte-diseno-y-arquitectura\/#primaryimage"},"thumbnailUrl":"https:\/\/www.gridmag.com.mx\/wp-content\/uploads\/2025\/03\/MARIANA-ACHACH-Galerie-Philia-FEB-2024-\u2014-04.jpg","datePublished":"2025-03-19T15:00:00+00:00","description":"Mariana Achach, fot\u00f3grafa de interiores, arquitectura y producto, que fusiona dise\u00f1o e imagen para capturar la esencia de espacios y objetos.","breadcrumb":{"@id":"https:\/\/www.gridmag.com.mx\/index.php\/2025\/03\/19\/mariana-achach-fotografia-entre-arte-diseno-y-arquitectura\/#breadcrumb"},"inLanguage":"es","potentialAction":[{"@type":"ReadAction","target":["https:\/\/www.gridmag.com.mx\/index.php\/2025\/03\/19\/mariana-achach-fotografia-entre-arte-diseno-y-arquitectura\/"]}]},{"@type":"ImageObject","inLanguage":"es","@id":"https:\/\/www.gridmag.com.mx\/index.php\/2025\/03\/19\/mariana-achach-fotografia-entre-arte-diseno-y-arquitectura\/#primaryimage","url":"https:\/\/www.gridmag.com.mx\/wp-content\/uploads\/2025\/03\/MARIANA-ACHACH-Galerie-Philia-FEB-2024-\u2014-04.jpg","contentUrl":"https:\/\/www.gridmag.com.mx\/wp-content\/uploads\/2025\/03\/MARIANA-ACHACH-Galerie-Philia-FEB-2024-\u2014-04.jpg","width":2268,"height":1512},{"@type":"BreadcrumbList","@id":"https:\/\/www.gridmag.com.mx\/index.php\/2025\/03\/19\/mariana-achach-fotografia-entre-arte-diseno-y-arquitectura\/#breadcrumb","itemListElement":[{"@type":"ListItem","position":1,"name":"Inicio","item":"https:\/\/www.gridmag.com.mx\/"},{"@type":"ListItem","position":2,"name":"Mariana Achach | Fotograf\u00eda entre arte,\u00a0 dise\u00f1o y arquitectura"}]},{"@type":"WebSite","@id":"https:\/\/www.gridmag.com.mx\/#website","url":"https:\/\/www.gridmag.com.mx\/","name":"Grid Magazine","description":"Compartiendo lo mejor de la arquitectura y dise\u00f1o mexicano.","publisher":{"@id":"https:\/\/www.gridmag.com.mx\/#organization"},"potentialAction":[{"@type":"SearchAction","target":{"@type":"EntryPoint","urlTemplate":"https:\/\/www.gridmag.com.mx\/?s={search_term_string}"},"query-input":{"@type":"PropertyValueSpecification","valueRequired":true,"valueName":"search_term_string"}}],"inLanguage":"es"},{"@type":"Organization","@id":"https:\/\/www.gridmag.com.mx\/#organization","name":"Grid Magazine","url":"https:\/\/www.gridmag.com.mx\/","logo":{"@type":"ImageObject","inLanguage":"es","@id":"https:\/\/www.gridmag.com.mx\/#\/schema\/logo\/image\/","url":"","contentUrl":"","caption":"Grid Magazine"},"image":{"@id":"https:\/\/www.gridmag.com.mx\/#\/schema\/logo\/image\/"},"sameAs":["https:\/\/www.facebook.com\/gridmagazine.mx","https:\/\/www.instagram.com\/gridmagazine_mx\/","https:\/\/www.tiktok.com\/@gridmagazine.mx?_t=8gl2kVR2Aq6&_r=1","https:\/\/www.linkedin.com\/company\/grid-magazine-mx\/"]},{"@type":"Person","@id":"https:\/\/www.gridmag.com.mx\/#\/schema\/person\/d54cddc75e2ecfe4a55e39c0336ae932","name":"Grid Magazine","image":{"@type":"ImageObject","inLanguage":"es","@id":"https:\/\/www.gridmag.com.mx\/#\/schema\/person\/image\/","url":"https:\/\/secure.gravatar.com\/avatar\/8e4bd50943002dd6ee9db30e5af749244f3e21206a99c4fb42429117eaacfc83?s=96&d=mm&r=g","contentUrl":"https:\/\/secure.gravatar.com\/avatar\/8e4bd50943002dd6ee9db30e5af749244f3e21206a99c4fb42429117eaacfc83?s=96&d=mm&r=g","caption":"Grid Magazine"},"sameAs":["https:\/\/www.gridmag.com.mx"],"url":"https:\/\/www.gridmag.com.mx\/index.php\/author\/grid-magazine-arq\/"}]}},"_links":{"self":[{"href":"https:\/\/www.gridmag.com.mx\/index.php\/wp-json\/wp\/v2\/posts\/9413","targetHints":{"allow":["GET"]}}],"collection":[{"href":"https:\/\/www.gridmag.com.mx\/index.php\/wp-json\/wp\/v2\/posts"}],"about":[{"href":"https:\/\/www.gridmag.com.mx\/index.php\/wp-json\/wp\/v2\/types\/post"}],"author":[{"embeddable":true,"href":"https:\/\/www.gridmag.com.mx\/index.php\/wp-json\/wp\/v2\/users\/1"}],"replies":[{"embeddable":true,"href":"https:\/\/www.gridmag.com.mx\/index.php\/wp-json\/wp\/v2\/comments?post=9413"}],"version-history":[{"count":3,"href":"https:\/\/www.gridmag.com.mx\/index.php\/wp-json\/wp\/v2\/posts\/9413\/revisions"}],"predecessor-version":[{"id":9423,"href":"https:\/\/www.gridmag.com.mx\/index.php\/wp-json\/wp\/v2\/posts\/9413\/revisions\/9423"}],"wp:featuredmedia":[{"embeddable":true,"href":"https:\/\/www.gridmag.com.mx\/index.php\/wp-json\/wp\/v2\/media\/9414"}],"wp:attachment":[{"href":"https:\/\/www.gridmag.com.mx\/index.php\/wp-json\/wp\/v2\/media?parent=9413"}],"wp:term":[{"taxonomy":"category","embeddable":true,"href":"https:\/\/www.gridmag.com.mx\/index.php\/wp-json\/wp\/v2\/categories?post=9413"},{"taxonomy":"post_tag","embeddable":true,"href":"https:\/\/www.gridmag.com.mx\/index.php\/wp-json\/wp\/v2\/tags?post=9413"}],"curies":[{"name":"wp","href":"https:\/\/api.w.org\/{rel}","templated":true}]}}