{"id":9498,"date":"2025-03-31T09:00:00","date_gmt":"2025-03-31T15:00:00","guid":{"rendered":"https:\/\/www.gridmag.com.mx\/?p=9498"},"modified":"2025-03-30T20:23:09","modified_gmt":"2025-03-31T02:23:09","slug":"casa-carpatos-arquitectura-en-armonia-con-el-paisaje","status":"publish","type":"post","link":"https:\/\/www.gridmag.com.mx\/index.php\/2025\/03\/31\/casa-carpatos-arquitectura-en-armonia-con-el-paisaje\/","title":{"rendered":"Casa C\u00e1rpatos | Arquitectura en armon\u00eda con el paisaje"},"content":{"rendered":"\n\n\n<p>La Casa C\u00e1rpatos, dise\u00f1ada por IUA Ignacio Urquiza Arquitectos en colaboraci\u00f3n con Vieyra Estudio, se erige en una zona residencial de baja densidad en la Ciudad de M\u00e9xico. Este proyecto arquitect\u00f3nico destaca por su <strong>enfoque en la integraci\u00f3n armoniosa con el entorno y la optimizaci\u00f3n del espacio disponible.<\/strong><\/p>\n\n\n\n<div class=\"wp-block-columns is-layout-flex wp-container-core-columns-is-layout-9d6595d7 wp-block-columns-is-layout-flex\">\n<div class=\"wp-block-column is-layout-flow wp-block-column-is-layout-flow\">\n<figure class=\"wp-block-image size-large\"><img decoding=\"async\" width=\"819\" height=\"1024\" src=\"https:\/\/www.gridmag.com.mx\/wp-content\/uploads\/2025\/03\/12-IUA-Vieyra-Estudio-08-Carpatos_Rafael-Gamo_0380-819x1024.jpg\" alt=\"\" class=\"wp-image-9500\" srcset=\"https:\/\/www.gridmag.com.mx\/wp-content\/uploads\/2025\/03\/12-IUA-Vieyra-Estudio-08-Carpatos_Rafael-Gamo_0380-819x1024.jpg 819w, https:\/\/www.gridmag.com.mx\/wp-content\/uploads\/2025\/03\/12-IUA-Vieyra-Estudio-08-Carpatos_Rafael-Gamo_0380-240x300.jpg 240w, https:\/\/www.gridmag.com.mx\/wp-content\/uploads\/2025\/03\/12-IUA-Vieyra-Estudio-08-Carpatos_Rafael-Gamo_0380-768x960.jpg 768w, https:\/\/www.gridmag.com.mx\/wp-content\/uploads\/2025\/03\/12-IUA-Vieyra-Estudio-08-Carpatos_Rafael-Gamo_0380-1228x1536.jpg 1228w, https:\/\/www.gridmag.com.mx\/wp-content\/uploads\/2025\/03\/12-IUA-Vieyra-Estudio-08-Carpatos_Rafael-Gamo_0380-1638x2048.jpg 1638w, https:\/\/www.gridmag.com.mx\/wp-content\/uploads\/2025\/03\/12-IUA-Vieyra-Estudio-08-Carpatos_Rafael-Gamo_0380-770x963.jpg 770w, https:\/\/www.gridmag.com.mx\/wp-content\/uploads\/2025\/03\/12-IUA-Vieyra-Estudio-08-Carpatos_Rafael-Gamo_0380-1400x1751.jpg 1400w, https:\/\/www.gridmag.com.mx\/wp-content\/uploads\/2025\/03\/12-IUA-Vieyra-Estudio-08-Carpatos_Rafael-Gamo_0380.jpg 1701w\" sizes=\"(max-width: 819px) 100vw, 819px\" \/><\/figure>\n<\/div>\n\n\n\n<div class=\"wp-block-column is-layout-flow wp-block-column-is-layout-flow\">\n<figure class=\"wp-block-image size-large\"><img decoding=\"async\" width=\"820\" height=\"1024\" src=\"https:\/\/www.gridmag.com.mx\/wp-content\/uploads\/2025\/03\/20-IUA-Vieyra-Estudio-08-Carpatos_Rafael-Gamo_0175-820x1024.jpg\" alt=\"Casa C\u00e1rpatos\" class=\"wp-image-9502\" srcset=\"https:\/\/www.gridmag.com.mx\/wp-content\/uploads\/2025\/03\/20-IUA-Vieyra-Estudio-08-Carpatos_Rafael-Gamo_0175-820x1024.jpg 820w, https:\/\/www.gridmag.com.mx\/wp-content\/uploads\/2025\/03\/20-IUA-Vieyra-Estudio-08-Carpatos_Rafael-Gamo_0175-240x300.jpg 240w, https:\/\/www.gridmag.com.mx\/wp-content\/uploads\/2025\/03\/20-IUA-Vieyra-Estudio-08-Carpatos_Rafael-Gamo_0175-768x960.jpg 768w, https:\/\/www.gridmag.com.mx\/wp-content\/uploads\/2025\/03\/20-IUA-Vieyra-Estudio-08-Carpatos_Rafael-Gamo_0175-1229x1536.jpg 1229w, https:\/\/www.gridmag.com.mx\/wp-content\/uploads\/2025\/03\/20-IUA-Vieyra-Estudio-08-Carpatos_Rafael-Gamo_0175-770x962.jpg 770w, https:\/\/www.gridmag.com.mx\/wp-content\/uploads\/2025\/03\/20-IUA-Vieyra-Estudio-08-Carpatos_Rafael-Gamo_0175-1400x1749.jpg 1400w, https:\/\/www.gridmag.com.mx\/wp-content\/uploads\/2025\/03\/20-IUA-Vieyra-Estudio-08-Carpatos_Rafael-Gamo_0175.jpg 1559w\" sizes=\"(max-width: 820px) 100vw, 820px\" \/><\/figure>\n<\/div>\n<\/div>\n\n\n\n<h2 class=\"wp-block-heading\">Dise\u00f1o y distribuci\u00f3n en la Casa C\u00e1rpatos<\/h2>\n\n\n\n<p>Ubicada en un terreno de 400 m\u00b2 con dimensiones de 10 metros de frente por 40 de profundidad, la casa enfrenta restricciones normativas que permiten una vivienda por cada 1,000 m\u00b2 de terreno. Las limitaciones de 5 metros en los frentes y fondos, y 3 metros en los laterales, definieron el per\u00edmetro de construcci\u00f3n. Para contrarrestar estas restricciones y lograr <strong>una sensaci\u00f3n de amplitud<\/strong>, se implement\u00f3 un jard\u00edn perimetral que rodea la estructura de acero y cristal en tres de sus lados, evocando la atm\u00f3sfera de un bosque de niebla.<\/p>\n\n\n\n<div class=\"wp-block-columns is-layout-flex wp-container-core-columns-is-layout-9d6595d7 wp-block-columns-is-layout-flex\">\n<div class=\"wp-block-column is-layout-flow wp-block-column-is-layout-flow\">\n<figure class=\"wp-block-image size-large\"><img decoding=\"async\" width=\"1024\" height=\"878\" src=\"https:\/\/www.gridmag.com.mx\/wp-content\/uploads\/2025\/03\/34-IUA-Vieyra-Estudio-08-Carpatos_Rafael-Gamo_0985-1024x878.jpg\" alt=\"Casa C\u00e1rpatos\" class=\"wp-image-9503\" srcset=\"https:\/\/www.gridmag.com.mx\/wp-content\/uploads\/2025\/03\/34-IUA-Vieyra-Estudio-08-Carpatos_Rafael-Gamo_0985-1024x878.jpg 1024w, https:\/\/www.gridmag.com.mx\/wp-content\/uploads\/2025\/03\/34-IUA-Vieyra-Estudio-08-Carpatos_Rafael-Gamo_0985-300x257.jpg 300w, https:\/\/www.gridmag.com.mx\/wp-content\/uploads\/2025\/03\/34-IUA-Vieyra-Estudio-08-Carpatos_Rafael-Gamo_0985-768x658.jpg 768w, https:\/\/www.gridmag.com.mx\/wp-content\/uploads\/2025\/03\/34-IUA-Vieyra-Estudio-08-Carpatos_Rafael-Gamo_0985-1536x1317.jpg 1536w, https:\/\/www.gridmag.com.mx\/wp-content\/uploads\/2025\/03\/34-IUA-Vieyra-Estudio-08-Carpatos_Rafael-Gamo_0985-770x660.jpg 770w, https:\/\/www.gridmag.com.mx\/wp-content\/uploads\/2025\/03\/34-IUA-Vieyra-Estudio-08-Carpatos_Rafael-Gamo_0985-1400x1200.jpg 1400w, https:\/\/www.gridmag.com.mx\/wp-content\/uploads\/2025\/03\/34-IUA-Vieyra-Estudio-08-Carpatos_Rafael-Gamo_0985.jpg 1843w\" sizes=\"(max-width: 1024px) 100vw, 1024px\" \/><\/figure>\n<\/div>\n\n\n\n<div class=\"wp-block-column is-layout-flow wp-block-column-is-layout-flow\">\n<figure class=\"wp-block-image size-large\"><img decoding=\"async\" width=\"1024\" height=\"768\" src=\"https:\/\/www.gridmag.com.mx\/wp-content\/uploads\/2025\/03\/39-IUA-Vieyra-Estudio-08-Carpatos_Rafael-Gamo_0023-1024x768.jpg\" alt=\"\" class=\"wp-image-9504\" srcset=\"https:\/\/www.gridmag.com.mx\/wp-content\/uploads\/2025\/03\/39-IUA-Vieyra-Estudio-08-Carpatos_Rafael-Gamo_0023-1024x768.jpg 1024w, https:\/\/www.gridmag.com.mx\/wp-content\/uploads\/2025\/03\/39-IUA-Vieyra-Estudio-08-Carpatos_Rafael-Gamo_0023-300x225.jpg 300w, https:\/\/www.gridmag.com.mx\/wp-content\/uploads\/2025\/03\/39-IUA-Vieyra-Estudio-08-Carpatos_Rafael-Gamo_0023-768x576.jpg 768w, https:\/\/www.gridmag.com.mx\/wp-content\/uploads\/2025\/03\/39-IUA-Vieyra-Estudio-08-Carpatos_Rafael-Gamo_0023-770x577.jpg 770w, https:\/\/www.gridmag.com.mx\/wp-content\/uploads\/2025\/03\/39-IUA-Vieyra-Estudio-08-Carpatos_Rafael-Gamo_0023-1400x1050.jpg 1400w, https:\/\/www.gridmag.com.mx\/wp-content\/uploads\/2025\/03\/39-IUA-Vieyra-Estudio-08-Carpatos_Rafael-Gamo_0023.jpg 1474w\" sizes=\"(max-width: 1024px) 100vw, 1024px\" \/><\/figure>\n<\/div>\n<\/div>\n\n\n\n<p>El interior se caracteriza por su dinamismo: dobles alturas, puentes y terrazas techadas se entrelazan con la <a href=\"https:\/\/www.gridmag.com.mx\/index.php\/2023\/10\/04\/medidas-que-todo-arquitecto-debe-conocer\/\">estructura<\/a>, creando una fluidez espacial que conecta el exterior con el interior. La distribuci\u00f3n por niveles es la siguiente:<\/p>\n\n\n\n<ul class=\"wp-block-list\">\n<li><strong>S\u00f3tano<\/strong>: Aloja servicios complementarios como gimnasio, ludoteca, oficina y cava.<br><\/li>\n\n\n\n<li><strong>Planta baja<\/strong>: Contiene las \u00e1reas p\u00fablicas de la casa, en directa relaci\u00f3n con el jard\u00edn perimetral.<br><\/li>\n\n\n\n<li><strong>Segundo piso<\/strong>: Se compone de tres habitaciones.<br><\/li>\n\n\n\n<li><strong>Azotea<\/strong>: Funciona como una extensi\u00f3n del espacio p\u00fablico, con un jard\u00edn infantil y una terraza abierta, aprovechando al m\u00e1ximo la cubierta.<br><\/li>\n<\/ul>\n\n\n\n<div class=\"wp-block-columns is-layout-flex wp-container-core-columns-is-layout-9d6595d7 wp-block-columns-is-layout-flex\">\n<div class=\"wp-block-column is-layout-flow wp-block-column-is-layout-flow\">\n<figure class=\"wp-block-image size-large\"><img decoding=\"async\" width=\"1024\" height=\"923\" src=\"https:\/\/www.gridmag.com.mx\/wp-content\/uploads\/2025\/03\/13-IUA-Vieyra-Estudio-08-Carpatos_Rafael-Gamo_0210-1024x923.jpg\" alt=\"\" class=\"wp-image-9505\" srcset=\"https:\/\/www.gridmag.com.mx\/wp-content\/uploads\/2025\/03\/13-IUA-Vieyra-Estudio-08-Carpatos_Rafael-Gamo_0210-1024x923.jpg 1024w, https:\/\/www.gridmag.com.mx\/wp-content\/uploads\/2025\/03\/13-IUA-Vieyra-Estudio-08-Carpatos_Rafael-Gamo_0210-300x270.jpg 300w, https:\/\/www.gridmag.com.mx\/wp-content\/uploads\/2025\/03\/13-IUA-Vieyra-Estudio-08-Carpatos_Rafael-Gamo_0210-768x692.jpg 768w, https:\/\/www.gridmag.com.mx\/wp-content\/uploads\/2025\/03\/13-IUA-Vieyra-Estudio-08-Carpatos_Rafael-Gamo_0210-1536x1384.jpg 1536w, https:\/\/www.gridmag.com.mx\/wp-content\/uploads\/2025\/03\/13-IUA-Vieyra-Estudio-08-Carpatos_Rafael-Gamo_0210-770x694.jpg 770w, https:\/\/www.gridmag.com.mx\/wp-content\/uploads\/2025\/03\/13-IUA-Vieyra-Estudio-08-Carpatos_Rafael-Gamo_0210-1400x1262.jpg 1400w, https:\/\/www.gridmag.com.mx\/wp-content\/uploads\/2025\/03\/13-IUA-Vieyra-Estudio-08-Carpatos_Rafael-Gamo_0210.jpg 1701w\" sizes=\"(max-width: 1024px) 100vw, 1024px\" \/><\/figure>\n<\/div>\n<\/div>\n\n\n\n<h2 class=\"wp-block-heading\">Materialidad y est\u00e9tica de Casa C\u00e1rpatos<\/h2>\n\n\n\n<p>La elecci\u00f3n de materiales y colores juega un papel crucial en la integraci\u00f3n de la casa con su entorno. La estructura, pintada con un tono del Pantone de Le Corbusier, se fusiona con los verdes circundantes. Los cristales tintados en azul\/verde act\u00faan como espejos, reflejando el cielo, el paisaje y las construcciones vecinas, lo que permite que la casa se mimetice con su contexto inmediato. El estuco gris claro en las fachadas suaviza la luz interior, aportando una <strong>calidez<\/strong> inesperada al volumen.<\/p>\n\n\n\n<figure class=\"wp-block-image size-large\"><img decoding=\"async\" width=\"1024\" height=\"1024\" src=\"https:\/\/www.gridmag.com.mx\/wp-content\/uploads\/2025\/03\/23-IUA-Vieyra-Estudio-08-Carpatos_Rafael-Gamo_0570-1024x1024.jpg\" alt=\"Casa C\u00e1rpatos\" class=\"wp-image-9506\" srcset=\"https:\/\/www.gridmag.com.mx\/wp-content\/uploads\/2025\/03\/23-IUA-Vieyra-Estudio-08-Carpatos_Rafael-Gamo_0570-1024x1024.jpg 1024w, https:\/\/www.gridmag.com.mx\/wp-content\/uploads\/2025\/03\/23-IUA-Vieyra-Estudio-08-Carpatos_Rafael-Gamo_0570-300x300.jpg 300w, https:\/\/www.gridmag.com.mx\/wp-content\/uploads\/2025\/03\/23-IUA-Vieyra-Estudio-08-Carpatos_Rafael-Gamo_0570-150x150.jpg 150w, https:\/\/www.gridmag.com.mx\/wp-content\/uploads\/2025\/03\/23-IUA-Vieyra-Estudio-08-Carpatos_Rafael-Gamo_0570-768x768.jpg 768w, https:\/\/www.gridmag.com.mx\/wp-content\/uploads\/2025\/03\/23-IUA-Vieyra-Estudio-08-Carpatos_Rafael-Gamo_0570-120x120.jpg 120w, https:\/\/www.gridmag.com.mx\/wp-content\/uploads\/2025\/03\/23-IUA-Vieyra-Estudio-08-Carpatos_Rafael-Gamo_0570-240x240.jpg 240w, https:\/\/www.gridmag.com.mx\/wp-content\/uploads\/2025\/03\/23-IUA-Vieyra-Estudio-08-Carpatos_Rafael-Gamo_0570-360x360.jpg 360w, https:\/\/www.gridmag.com.mx\/wp-content\/uploads\/2025\/03\/23-IUA-Vieyra-Estudio-08-Carpatos_Rafael-Gamo_0570-540x540.jpg 540w, https:\/\/www.gridmag.com.mx\/wp-content\/uploads\/2025\/03\/23-IUA-Vieyra-Estudio-08-Carpatos_Rafael-Gamo_0570-720x720.jpg 720w, https:\/\/www.gridmag.com.mx\/wp-content\/uploads\/2025\/03\/23-IUA-Vieyra-Estudio-08-Carpatos_Rafael-Gamo_0570-770x770.jpg 770w, https:\/\/www.gridmag.com.mx\/wp-content\/uploads\/2025\/03\/23-IUA-Vieyra-Estudio-08-Carpatos_Rafael-Gamo_0570-125x125.jpg 125w, https:\/\/www.gridmag.com.mx\/wp-content\/uploads\/2025\/03\/23-IUA-Vieyra-Estudio-08-Carpatos_Rafael-Gamo_0570.jpg 1276w\" sizes=\"(max-width: 1024px) 100vw, 1024px\" \/><\/figure>\n\n\n\n<div style=\"height:10px\" aria-hidden=\"true\" class=\"wp-block-spacer\"><\/div>\n\n\n\n<p>El mobiliario seleccionado por Lorena Vieyra y las diversas capas y texturas de las cortinas a\u00f1aden profundidad y confort a los espacios interiores. Estos elementos, junto con el paisajismo de Thalia Davidoff, refuerzan la sensaci\u00f3n de habitar un bosque de niebla, diluyendo las fronteras entre el interior y el exterior.<\/p>\n\n\n\n<figure class=\"wp-block-image size-large\"><img decoding=\"async\" width=\"683\" height=\"1024\" src=\"https:\/\/www.gridmag.com.mx\/wp-content\/uploads\/2025\/03\/32-IUA-Vieyra-Estudio-08-Carpatos_Rafael-Gamo_1250-683x1024.jpg\" alt=\"\" class=\"wp-image-9507\" srcset=\"https:\/\/www.gridmag.com.mx\/wp-content\/uploads\/2025\/03\/32-IUA-Vieyra-Estudio-08-Carpatos_Rafael-Gamo_1250-683x1024.jpg 683w, https:\/\/www.gridmag.com.mx\/wp-content\/uploads\/2025\/03\/32-IUA-Vieyra-Estudio-08-Carpatos_Rafael-Gamo_1250-200x300.jpg 200w, https:\/\/www.gridmag.com.mx\/wp-content\/uploads\/2025\/03\/32-IUA-Vieyra-Estudio-08-Carpatos_Rafael-Gamo_1250-768x1151.jpg 768w, https:\/\/www.gridmag.com.mx\/wp-content\/uploads\/2025\/03\/32-IUA-Vieyra-Estudio-08-Carpatos_Rafael-Gamo_1250-1025x1536.jpg 1025w, https:\/\/www.gridmag.com.mx\/wp-content\/uploads\/2025\/03\/32-IUA-Vieyra-Estudio-08-Carpatos_Rafael-Gamo_1250-770x1154.jpg 770w, https:\/\/www.gridmag.com.mx\/wp-content\/uploads\/2025\/03\/32-IUA-Vieyra-Estudio-08-Carpatos_Rafael-Gamo_1250.jpg 1134w\" sizes=\"(max-width: 683px) 100vw, 683px\" \/><\/figure>\n\n\n\n<h2 class=\"wp-block-heading\">Arquitectura adaptativa e integraci\u00f3n urbana<\/h2>\n\n\n\n<p>La Casa C\u00e1rpatos es un ejemplo destacado de c\u00f3mo la arquitectura puede adaptarse a las restricciones normativas y f\u00edsicas de un terreno para crear espacios habitables que se integran de <strong>manera armoniosa con su entorno natural y urbano<\/strong>. La colaboraci\u00f3n entre IUA Ignacio Urquiza Arquitectos y Vieyra Estudio ha dado como resultado una vivienda que no solo responde a las necesidades funcionales de sus habitantes, sino que tambi\u00e9n enriquece el paisaje arquitect\u00f3nico de la Ciudad de M\u00e9xico.<\/p>\n\n\n\n<div class=\"wp-block-columns is-layout-flex wp-container-core-columns-is-layout-9d6595d7 wp-block-columns-is-layout-flex\">\n<div class=\"wp-block-column is-layout-flow wp-block-column-is-layout-flow\">\n<figure class=\"wp-block-image size-large\"><img decoding=\"async\" width=\"684\" height=\"1024\" src=\"https:\/\/www.gridmag.com.mx\/wp-content\/uploads\/2025\/03\/04-IUA-Vieyra-Estudio-08-Carpatos_Arturo-Arrieta_ALTA-5-684x1024.jpg\" alt=\"Casa C\u00e1rpatos\" class=\"wp-image-9508\" srcset=\"https:\/\/www.gridmag.com.mx\/wp-content\/uploads\/2025\/03\/04-IUA-Vieyra-Estudio-08-Carpatos_Arturo-Arrieta_ALTA-5-684x1024.jpg 684w, https:\/\/www.gridmag.com.mx\/wp-content\/uploads\/2025\/03\/04-IUA-Vieyra-Estudio-08-Carpatos_Arturo-Arrieta_ALTA-5-200x300.jpg 200w, https:\/\/www.gridmag.com.mx\/wp-content\/uploads\/2025\/03\/04-IUA-Vieyra-Estudio-08-Carpatos_Arturo-Arrieta_ALTA-5-768x1150.jpg 768w, https:\/\/www.gridmag.com.mx\/wp-content\/uploads\/2025\/03\/04-IUA-Vieyra-Estudio-08-Carpatos_Arturo-Arrieta_ALTA-5-1026x1536.jpg 1026w, https:\/\/www.gridmag.com.mx\/wp-content\/uploads\/2025\/03\/04-IUA-Vieyra-Estudio-08-Carpatos_Arturo-Arrieta_ALTA-5-770x1153.jpg 770w, https:\/\/www.gridmag.com.mx\/wp-content\/uploads\/2025\/03\/04-IUA-Vieyra-Estudio-08-Carpatos_Arturo-Arrieta_ALTA-5.jpg 1134w\" sizes=\"(max-width: 684px) 100vw, 684px\" \/><\/figure>\n<\/div>\n\n\n\n<div class=\"wp-block-column is-layout-flow wp-block-column-is-layout-flow\">\n<figure class=\"wp-block-image size-large\"><img decoding=\"async\" width=\"683\" height=\"1024\" src=\"https:\/\/www.gridmag.com.mx\/wp-content\/uploads\/2025\/03\/07-IUA-Vieyra-Estudio-08-Carpatos_Rafael-Gamo_0810-683x1024.jpg\" alt=\"\" class=\"wp-image-9509\" srcset=\"https:\/\/www.gridmag.com.mx\/wp-content\/uploads\/2025\/03\/07-IUA-Vieyra-Estudio-08-Carpatos_Rafael-Gamo_0810-683x1024.jpg 683w, https:\/\/www.gridmag.com.mx\/wp-content\/uploads\/2025\/03\/07-IUA-Vieyra-Estudio-08-Carpatos_Rafael-Gamo_0810-200x300.jpg 200w, https:\/\/www.gridmag.com.mx\/wp-content\/uploads\/2025\/03\/07-IUA-Vieyra-Estudio-08-Carpatos_Rafael-Gamo_0810-768x1151.jpg 768w, https:\/\/www.gridmag.com.mx\/wp-content\/uploads\/2025\/03\/07-IUA-Vieyra-Estudio-08-Carpatos_Rafael-Gamo_0810-1025x1536.jpg 1025w, https:\/\/www.gridmag.com.mx\/wp-content\/uploads\/2025\/03\/07-IUA-Vieyra-Estudio-08-Carpatos_Rafael-Gamo_0810-1366x2048.jpg 1366w, https:\/\/www.gridmag.com.mx\/wp-content\/uploads\/2025\/03\/07-IUA-Vieyra-Estudio-08-Carpatos_Rafael-Gamo_0810-770x1154.jpg 770w, https:\/\/www.gridmag.com.mx\/wp-content\/uploads\/2025\/03\/07-IUA-Vieyra-Estudio-08-Carpatos_Rafael-Gamo_0810-1400x2099.jpg 1400w, https:\/\/www.gridmag.com.mx\/wp-content\/uploads\/2025\/03\/07-IUA-Vieyra-Estudio-08-Carpatos_Rafael-Gamo_0810.jpg 1559w\" sizes=\"(max-width: 683px) 100vw, 683px\" \/><\/figure>\n<\/div>\n<\/div>\n\n\n\n<h3 class=\"wp-block-heading\"><strong>Contacto<\/strong><\/h3>\n\n\n\n<p><strong>IUA Ignacio Urquiza Arquitectos<\/strong>:<a href=\"http:\/\/ignaciourquiza.mx\"> ignaciourquiza.mx<br><\/a><strong>Vieyra Estudio<\/strong>:<a href=\"http:\/\/vieyraestudio.com\"> vieyraestudio.com<\/a><\/p>\n\n\n\n<p>Para m\u00e1s informaci\u00f3n o consultas, puede comunicarse a los tel\u00e9fonos 55 5162 5128 y 55 5162 5129, o visitar las oficinas en Bucareli 108, int. 104, Centro, 06000, Ciudad de M\u00e9xico.<\/p>\n","protected":false},"excerpt":{"rendered":"<p>La Casa C\u00e1rpatos, dise\u00f1ada por IUA Ignacio Urquiza Arquitectos en colaboraci\u00f3n con Vieyra Estudio, se erige en una zona residencial de baja densidad en la Ciudad de M\u00e9xico. Este proyecto arquitect\u00f3nico destaca por su enfoque en la integraci\u00f3n armoniosa con el entorno y la optimizaci\u00f3n del espacio disponible. Dise\u00f1o y distribuci\u00f3n en la Casa C\u00e1rpatos Ubicada en un terreno de 400 m\u00b2 con dimensiones de 10 metros de frente por 40 de profundidad, la casa enfrenta restricciones normativas que permiten [&hellip;]<\/p>\n","protected":false},"author":1,"featured_media":9499,"comment_status":"open","ping_status":"open","sticky":false,"template":"","format":"standard","meta":{"footnotes":""},"categories":[49],"tags":[],"class_list":["post-9498","post","type-post","status-publish","format-standard","has-post-thumbnail","hentry","category-arquitectura"],"yoast_head":"<!-- This site is optimized with the Yoast SEO plugin v27.0 - https:\/\/yoast.com\/product\/yoast-seo-wordpress\/ -->\n<title>Casa C\u00e1rpatos | Arquitectura en armon\u00eda con el paisaje | Grid Magazine<\/title>\n<meta name=\"description\" content=\"Casa C\u00e1rpatos fusiona arquitectura y naturaleza con espacios fluidos, materiales reflejantes y dise\u00f1o que se adaptan a su entorno.\" \/>\n<meta name=\"robots\" content=\"index, follow, max-snippet:-1, max-image-preview:large, max-video-preview:-1\" \/>\n<link rel=\"canonical\" href=\"https:\/\/www.gridmag.com.mx\/index.php\/2025\/03\/31\/casa-carpatos-arquitectura-en-armonia-con-el-paisaje\/\" \/>\n<meta property=\"og:locale\" content=\"es_MX\" \/>\n<meta property=\"og:type\" content=\"article\" \/>\n<meta property=\"og:title\" content=\"Casa C\u00e1rpatos | Arquitectura en armon\u00eda con el paisaje | Grid Magazine\" \/>\n<meta property=\"og:description\" content=\"Casa C\u00e1rpatos fusiona arquitectura y naturaleza con espacios fluidos, materiales reflejantes y dise\u00f1o que se adaptan a su entorno.\" \/>\n<meta property=\"og:url\" content=\"https:\/\/www.gridmag.com.mx\/index.php\/2025\/03\/31\/casa-carpatos-arquitectura-en-armonia-con-el-paisaje\/\" \/>\n<meta property=\"og:site_name\" content=\"Grid Magazine\" \/>\n<meta property=\"article:publisher\" content=\"https:\/\/www.facebook.com\/gridmagazine.mx\" \/>\n<meta property=\"article:published_time\" content=\"2025-03-31T15:00:00+00:00\" \/>\n<meta property=\"og:image\" content=\"https:\/\/www.gridmag.com.mx\/wp-content\/uploads\/2025\/03\/19-IUA-Vieyra-Estudio-08-Carpatos_Rafael-Gamo_0320.jpg\" \/>\n\t<meta property=\"og:image:width\" content=\"1984\" \/>\n\t<meta property=\"og:image:height\" content=\"1323\" \/>\n\t<meta property=\"og:image:type\" content=\"image\/jpeg\" \/>\n<meta name=\"author\" content=\"Grid Magazine\" \/>\n<meta name=\"twitter:card\" content=\"summary_large_image\" \/>\n<meta name=\"twitter:label1\" content=\"Escrito por\" \/>\n\t<meta name=\"twitter:data1\" content=\"Grid Magazine\" \/>\n\t<meta name=\"twitter:label2\" content=\"Tiempo de lectura\" \/>\n\t<meta name=\"twitter:data2\" content=\"5 minutos\" \/>\n<script type=\"application\/ld+json\" class=\"yoast-schema-graph\">{\"@context\":\"https:\/\/schema.org\",\"@graph\":[{\"@type\":\"Article\",\"@id\":\"https:\/\/www.gridmag.com.mx\/index.php\/2025\/03\/31\/casa-carpatos-arquitectura-en-armonia-con-el-paisaje\/#article\",\"isPartOf\":{\"@id\":\"https:\/\/www.gridmag.com.mx\/index.php\/2025\/03\/31\/casa-carpatos-arquitectura-en-armonia-con-el-paisaje\/\"},\"author\":{\"name\":\"Grid Magazine\",\"@id\":\"https:\/\/www.gridmag.com.mx\/#\/schema\/person\/d54cddc75e2ecfe4a55e39c0336ae932\"},\"headline\":\"Casa C\u00e1rpatos | Arquitectura en armon\u00eda con el paisaje\",\"datePublished\":\"2025-03-31T15:00:00+00:00\",\"mainEntityOfPage\":{\"@id\":\"https:\/\/www.gridmag.com.mx\/index.php\/2025\/03\/31\/casa-carpatos-arquitectura-en-armonia-con-el-paisaje\/\"},\"wordCount\":536,\"commentCount\":0,\"publisher\":{\"@id\":\"https:\/\/www.gridmag.com.mx\/#organization\"},\"image\":{\"@id\":\"https:\/\/www.gridmag.com.mx\/index.php\/2025\/03\/31\/casa-carpatos-arquitectura-en-armonia-con-el-paisaje\/#primaryimage\"},\"thumbnailUrl\":\"https:\/\/www.gridmag.com.mx\/wp-content\/uploads\/2025\/03\/19-IUA-Vieyra-Estudio-08-Carpatos_Rafael-Gamo_0320.jpg\",\"articleSection\":[\"Arquitectura\"],\"inLanguage\":\"es\",\"potentialAction\":[{\"@type\":\"CommentAction\",\"name\":\"Comment\",\"target\":[\"https:\/\/www.gridmag.com.mx\/index.php\/2025\/03\/31\/casa-carpatos-arquitectura-en-armonia-con-el-paisaje\/#respond\"]}]},{\"@type\":\"WebPage\",\"@id\":\"https:\/\/www.gridmag.com.mx\/index.php\/2025\/03\/31\/casa-carpatos-arquitectura-en-armonia-con-el-paisaje\/\",\"url\":\"https:\/\/www.gridmag.com.mx\/index.php\/2025\/03\/31\/casa-carpatos-arquitectura-en-armonia-con-el-paisaje\/\",\"name\":\"Casa C\u00e1rpatos | Arquitectura en armon\u00eda con el paisaje | Grid Magazine\",\"isPartOf\":{\"@id\":\"https:\/\/www.gridmag.com.mx\/#website\"},\"primaryImageOfPage\":{\"@id\":\"https:\/\/www.gridmag.com.mx\/index.php\/2025\/03\/31\/casa-carpatos-arquitectura-en-armonia-con-el-paisaje\/#primaryimage\"},\"image\":{\"@id\":\"https:\/\/www.gridmag.com.mx\/index.php\/2025\/03\/31\/casa-carpatos-arquitectura-en-armonia-con-el-paisaje\/#primaryimage\"},\"thumbnailUrl\":\"https:\/\/www.gridmag.com.mx\/wp-content\/uploads\/2025\/03\/19-IUA-Vieyra-Estudio-08-Carpatos_Rafael-Gamo_0320.jpg\",\"datePublished\":\"2025-03-31T15:00:00+00:00\",\"description\":\"Casa C\u00e1rpatos fusiona arquitectura y naturaleza con espacios fluidos, materiales reflejantes y dise\u00f1o que se adaptan a su entorno.\",\"breadcrumb\":{\"@id\":\"https:\/\/www.gridmag.com.mx\/index.php\/2025\/03\/31\/casa-carpatos-arquitectura-en-armonia-con-el-paisaje\/#breadcrumb\"},\"inLanguage\":\"es\",\"potentialAction\":[{\"@type\":\"ReadAction\",\"target\":[\"https:\/\/www.gridmag.com.mx\/index.php\/2025\/03\/31\/casa-carpatos-arquitectura-en-armonia-con-el-paisaje\/\"]}]},{\"@type\":\"ImageObject\",\"inLanguage\":\"es\",\"@id\":\"https:\/\/www.gridmag.com.mx\/index.php\/2025\/03\/31\/casa-carpatos-arquitectura-en-armonia-con-el-paisaje\/#primaryimage\",\"url\":\"https:\/\/www.gridmag.com.mx\/wp-content\/uploads\/2025\/03\/19-IUA-Vieyra-Estudio-08-Carpatos_Rafael-Gamo_0320.jpg\",\"contentUrl\":\"https:\/\/www.gridmag.com.mx\/wp-content\/uploads\/2025\/03\/19-IUA-Vieyra-Estudio-08-Carpatos_Rafael-Gamo_0320.jpg\",\"width\":1984,\"height\":1323},{\"@type\":\"BreadcrumbList\",\"@id\":\"https:\/\/www.gridmag.com.mx\/index.php\/2025\/03\/31\/casa-carpatos-arquitectura-en-armonia-con-el-paisaje\/#breadcrumb\",\"itemListElement\":[{\"@type\":\"ListItem\",\"position\":1,\"name\":\"Inicio\",\"item\":\"https:\/\/www.gridmag.com.mx\/\"},{\"@type\":\"ListItem\",\"position\":2,\"name\":\"Casa C\u00e1rpatos | Arquitectura en armon\u00eda con el paisaje\"}]},{\"@type\":\"WebSite\",\"@id\":\"https:\/\/www.gridmag.com.mx\/#website\",\"url\":\"https:\/\/www.gridmag.com.mx\/\",\"name\":\"Grid Magazine\",\"description\":\"Compartiendo lo mejor de la arquitectura y dise\u00f1o mexicano.\",\"publisher\":{\"@id\":\"https:\/\/www.gridmag.com.mx\/#organization\"},\"potentialAction\":[{\"@type\":\"SearchAction\",\"target\":{\"@type\":\"EntryPoint\",\"urlTemplate\":\"https:\/\/www.gridmag.com.mx\/?s={search_term_string}\"},\"query-input\":{\"@type\":\"PropertyValueSpecification\",\"valueRequired\":true,\"valueName\":\"search_term_string\"}}],\"inLanguage\":\"es\"},{\"@type\":\"Organization\",\"@id\":\"https:\/\/www.gridmag.com.mx\/#organization\",\"name\":\"Grid Magazine\",\"url\":\"https:\/\/www.gridmag.com.mx\/\",\"logo\":{\"@type\":\"ImageObject\",\"inLanguage\":\"es\",\"@id\":\"https:\/\/www.gridmag.com.mx\/#\/schema\/logo\/image\/\",\"url\":\"\",\"contentUrl\":\"\",\"caption\":\"Grid Magazine\"},\"image\":{\"@id\":\"https:\/\/www.gridmag.com.mx\/#\/schema\/logo\/image\/\"},\"sameAs\":[\"https:\/\/www.facebook.com\/gridmagazine.mx\",\"https:\/\/www.instagram.com\/gridmagazine_mx\/\",\"https:\/\/www.tiktok.com\/@gridmagazine.mx?_t=8gl2kVR2Aq6&_r=1\",\"https:\/\/www.linkedin.com\/company\/grid-magazine-mx\/\"]},{\"@type\":\"Person\",\"@id\":\"https:\/\/www.gridmag.com.mx\/#\/schema\/person\/d54cddc75e2ecfe4a55e39c0336ae932\",\"name\":\"Grid Magazine\",\"image\":{\"@type\":\"ImageObject\",\"inLanguage\":\"es\",\"@id\":\"https:\/\/www.gridmag.com.mx\/#\/schema\/person\/image\/\",\"url\":\"https:\/\/secure.gravatar.com\/avatar\/8e4bd50943002dd6ee9db30e5af749244f3e21206a99c4fb42429117eaacfc83?s=96&d=mm&r=g\",\"contentUrl\":\"https:\/\/secure.gravatar.com\/avatar\/8e4bd50943002dd6ee9db30e5af749244f3e21206a99c4fb42429117eaacfc83?s=96&d=mm&r=g\",\"caption\":\"Grid Magazine\"},\"sameAs\":[\"https:\/\/www.gridmag.com.mx\"],\"url\":\"https:\/\/www.gridmag.com.mx\/index.php\/author\/grid-magazine-arq\/\"}]}<\/script>\n<!-- \/ Yoast SEO plugin. -->","yoast_head_json":{"title":"Casa C\u00e1rpatos | Arquitectura en armon\u00eda con el paisaje | Grid Magazine","description":"Casa C\u00e1rpatos fusiona arquitectura y naturaleza con espacios fluidos, materiales reflejantes y dise\u00f1o que se adaptan a su entorno.","robots":{"index":"index","follow":"follow","max-snippet":"max-snippet:-1","max-image-preview":"max-image-preview:large","max-video-preview":"max-video-preview:-1"},"canonical":"https:\/\/www.gridmag.com.mx\/index.php\/2025\/03\/31\/casa-carpatos-arquitectura-en-armonia-con-el-paisaje\/","og_locale":"es_MX","og_type":"article","og_title":"Casa C\u00e1rpatos | Arquitectura en armon\u00eda con el paisaje | Grid Magazine","og_description":"Casa C\u00e1rpatos fusiona arquitectura y naturaleza con espacios fluidos, materiales reflejantes y dise\u00f1o que se adaptan a su entorno.","og_url":"https:\/\/www.gridmag.com.mx\/index.php\/2025\/03\/31\/casa-carpatos-arquitectura-en-armonia-con-el-paisaje\/","og_site_name":"Grid Magazine","article_publisher":"https:\/\/www.facebook.com\/gridmagazine.mx","article_published_time":"2025-03-31T15:00:00+00:00","og_image":[{"width":1984,"height":1323,"url":"https:\/\/www.gridmag.com.mx\/wp-content\/uploads\/2025\/03\/19-IUA-Vieyra-Estudio-08-Carpatos_Rafael-Gamo_0320.jpg","type":"image\/jpeg"}],"author":"Grid Magazine","twitter_card":"summary_large_image","twitter_misc":{"Escrito por":"Grid Magazine","Tiempo de lectura":"5 minutos"},"schema":{"@context":"https:\/\/schema.org","@graph":[{"@type":"Article","@id":"https:\/\/www.gridmag.com.mx\/index.php\/2025\/03\/31\/casa-carpatos-arquitectura-en-armonia-con-el-paisaje\/#article","isPartOf":{"@id":"https:\/\/www.gridmag.com.mx\/index.php\/2025\/03\/31\/casa-carpatos-arquitectura-en-armonia-con-el-paisaje\/"},"author":{"name":"Grid Magazine","@id":"https:\/\/www.gridmag.com.mx\/#\/schema\/person\/d54cddc75e2ecfe4a55e39c0336ae932"},"headline":"Casa C\u00e1rpatos | Arquitectura en armon\u00eda con el paisaje","datePublished":"2025-03-31T15:00:00+00:00","mainEntityOfPage":{"@id":"https:\/\/www.gridmag.com.mx\/index.php\/2025\/03\/31\/casa-carpatos-arquitectura-en-armonia-con-el-paisaje\/"},"wordCount":536,"commentCount":0,"publisher":{"@id":"https:\/\/www.gridmag.com.mx\/#organization"},"image":{"@id":"https:\/\/www.gridmag.com.mx\/index.php\/2025\/03\/31\/casa-carpatos-arquitectura-en-armonia-con-el-paisaje\/#primaryimage"},"thumbnailUrl":"https:\/\/www.gridmag.com.mx\/wp-content\/uploads\/2025\/03\/19-IUA-Vieyra-Estudio-08-Carpatos_Rafael-Gamo_0320.jpg","articleSection":["Arquitectura"],"inLanguage":"es","potentialAction":[{"@type":"CommentAction","name":"Comment","target":["https:\/\/www.gridmag.com.mx\/index.php\/2025\/03\/31\/casa-carpatos-arquitectura-en-armonia-con-el-paisaje\/#respond"]}]},{"@type":"WebPage","@id":"https:\/\/www.gridmag.com.mx\/index.php\/2025\/03\/31\/casa-carpatos-arquitectura-en-armonia-con-el-paisaje\/","url":"https:\/\/www.gridmag.com.mx\/index.php\/2025\/03\/31\/casa-carpatos-arquitectura-en-armonia-con-el-paisaje\/","name":"Casa C\u00e1rpatos | Arquitectura en armon\u00eda con el paisaje | Grid Magazine","isPartOf":{"@id":"https:\/\/www.gridmag.com.mx\/#website"},"primaryImageOfPage":{"@id":"https:\/\/www.gridmag.com.mx\/index.php\/2025\/03\/31\/casa-carpatos-arquitectura-en-armonia-con-el-paisaje\/#primaryimage"},"image":{"@id":"https:\/\/www.gridmag.com.mx\/index.php\/2025\/03\/31\/casa-carpatos-arquitectura-en-armonia-con-el-paisaje\/#primaryimage"},"thumbnailUrl":"https:\/\/www.gridmag.com.mx\/wp-content\/uploads\/2025\/03\/19-IUA-Vieyra-Estudio-08-Carpatos_Rafael-Gamo_0320.jpg","datePublished":"2025-03-31T15:00:00+00:00","description":"Casa C\u00e1rpatos fusiona arquitectura y naturaleza con espacios fluidos, materiales reflejantes y dise\u00f1o que se adaptan a su entorno.","breadcrumb":{"@id":"https:\/\/www.gridmag.com.mx\/index.php\/2025\/03\/31\/casa-carpatos-arquitectura-en-armonia-con-el-paisaje\/#breadcrumb"},"inLanguage":"es","potentialAction":[{"@type":"ReadAction","target":["https:\/\/www.gridmag.com.mx\/index.php\/2025\/03\/31\/casa-carpatos-arquitectura-en-armonia-con-el-paisaje\/"]}]},{"@type":"ImageObject","inLanguage":"es","@id":"https:\/\/www.gridmag.com.mx\/index.php\/2025\/03\/31\/casa-carpatos-arquitectura-en-armonia-con-el-paisaje\/#primaryimage","url":"https:\/\/www.gridmag.com.mx\/wp-content\/uploads\/2025\/03\/19-IUA-Vieyra-Estudio-08-Carpatos_Rafael-Gamo_0320.jpg","contentUrl":"https:\/\/www.gridmag.com.mx\/wp-content\/uploads\/2025\/03\/19-IUA-Vieyra-Estudio-08-Carpatos_Rafael-Gamo_0320.jpg","width":1984,"height":1323},{"@type":"BreadcrumbList","@id":"https:\/\/www.gridmag.com.mx\/index.php\/2025\/03\/31\/casa-carpatos-arquitectura-en-armonia-con-el-paisaje\/#breadcrumb","itemListElement":[{"@type":"ListItem","position":1,"name":"Inicio","item":"https:\/\/www.gridmag.com.mx\/"},{"@type":"ListItem","position":2,"name":"Casa C\u00e1rpatos | Arquitectura en armon\u00eda con el paisaje"}]},{"@type":"WebSite","@id":"https:\/\/www.gridmag.com.mx\/#website","url":"https:\/\/www.gridmag.com.mx\/","name":"Grid Magazine","description":"Compartiendo lo mejor de la arquitectura y dise\u00f1o mexicano.","publisher":{"@id":"https:\/\/www.gridmag.com.mx\/#organization"},"potentialAction":[{"@type":"SearchAction","target":{"@type":"EntryPoint","urlTemplate":"https:\/\/www.gridmag.com.mx\/?s={search_term_string}"},"query-input":{"@type":"PropertyValueSpecification","valueRequired":true,"valueName":"search_term_string"}}],"inLanguage":"es"},{"@type":"Organization","@id":"https:\/\/www.gridmag.com.mx\/#organization","name":"Grid Magazine","url":"https:\/\/www.gridmag.com.mx\/","logo":{"@type":"ImageObject","inLanguage":"es","@id":"https:\/\/www.gridmag.com.mx\/#\/schema\/logo\/image\/","url":"","contentUrl":"","caption":"Grid Magazine"},"image":{"@id":"https:\/\/www.gridmag.com.mx\/#\/schema\/logo\/image\/"},"sameAs":["https:\/\/www.facebook.com\/gridmagazine.mx","https:\/\/www.instagram.com\/gridmagazine_mx\/","https:\/\/www.tiktok.com\/@gridmagazine.mx?_t=8gl2kVR2Aq6&_r=1","https:\/\/www.linkedin.com\/company\/grid-magazine-mx\/"]},{"@type":"Person","@id":"https:\/\/www.gridmag.com.mx\/#\/schema\/person\/d54cddc75e2ecfe4a55e39c0336ae932","name":"Grid Magazine","image":{"@type":"ImageObject","inLanguage":"es","@id":"https:\/\/www.gridmag.com.mx\/#\/schema\/person\/image\/","url":"https:\/\/secure.gravatar.com\/avatar\/8e4bd50943002dd6ee9db30e5af749244f3e21206a99c4fb42429117eaacfc83?s=96&d=mm&r=g","contentUrl":"https:\/\/secure.gravatar.com\/avatar\/8e4bd50943002dd6ee9db30e5af749244f3e21206a99c4fb42429117eaacfc83?s=96&d=mm&r=g","caption":"Grid Magazine"},"sameAs":["https:\/\/www.gridmag.com.mx"],"url":"https:\/\/www.gridmag.com.mx\/index.php\/author\/grid-magazine-arq\/"}]}},"_links":{"self":[{"href":"https:\/\/www.gridmag.com.mx\/index.php\/wp-json\/wp\/v2\/posts\/9498","targetHints":{"allow":["GET"]}}],"collection":[{"href":"https:\/\/www.gridmag.com.mx\/index.php\/wp-json\/wp\/v2\/posts"}],"about":[{"href":"https:\/\/www.gridmag.com.mx\/index.php\/wp-json\/wp\/v2\/types\/post"}],"author":[{"embeddable":true,"href":"https:\/\/www.gridmag.com.mx\/index.php\/wp-json\/wp\/v2\/users\/1"}],"replies":[{"embeddable":true,"href":"https:\/\/www.gridmag.com.mx\/index.php\/wp-json\/wp\/v2\/comments?post=9498"}],"version-history":[{"count":2,"href":"https:\/\/www.gridmag.com.mx\/index.php\/wp-json\/wp\/v2\/posts\/9498\/revisions"}],"predecessor-version":[{"id":9511,"href":"https:\/\/www.gridmag.com.mx\/index.php\/wp-json\/wp\/v2\/posts\/9498\/revisions\/9511"}],"wp:featuredmedia":[{"embeddable":true,"href":"https:\/\/www.gridmag.com.mx\/index.php\/wp-json\/wp\/v2\/media\/9499"}],"wp:attachment":[{"href":"https:\/\/www.gridmag.com.mx\/index.php\/wp-json\/wp\/v2\/media?parent=9498"}],"wp:term":[{"taxonomy":"category","embeddable":true,"href":"https:\/\/www.gridmag.com.mx\/index.php\/wp-json\/wp\/v2\/categories?post=9498"},{"taxonomy":"post_tag","embeddable":true,"href":"https:\/\/www.gridmag.com.mx\/index.php\/wp-json\/wp\/v2\/tags?post=9498"}],"curies":[{"name":"wp","href":"https:\/\/api.w.org\/{rel}","templated":true}]}}