{"id":9937,"date":"2025-06-03T10:21:49","date_gmt":"2025-06-03T16:21:49","guid":{"rendered":"https:\/\/www.gridmag.com.mx\/?p=9937"},"modified":"2025-06-03T10:21:54","modified_gmt":"2025-06-03T16:21:54","slug":"mercado-municipal-de-tepoztlan-arquitectura-funcional-con-identidad-local","status":"publish","type":"post","link":"https:\/\/www.gridmag.com.mx\/index.php\/2025\/06\/03\/mercado-municipal-de-tepoztlan-arquitectura-funcional-con-identidad-local\/","title":{"rendered":"Mercado Municipal de Tepoztl\u00e1n: arquitectura funcional con identidad local"},"content":{"rendered":"\n\n\n<p><strong>Dise\u00f1ado por el Taller de Dise\u00f1o del Laboratorio Regional de Arquitectura + Ram\u00edrez Su\u00e1rez Arquitectos, este nuevo espacio redefine la vida comercial y social del coraz\u00f3n de Tepoztl\u00e1n, a partir de una propuesta arquitect\u00f3nica sensible, ordenada y profundamente conectada con el contexto.<\/strong><\/p>\n\n\n\n<p>Ante la necesidad de ordenar el comercio informal y recuperar el espacio p\u00fablico del centro hist\u00f3rico, surge el <strong>nuevo Mercado Municipal de Tepoztl\u00e1n<\/strong> como una intervenci\u00f3n urbana estrat\u00e9gica. El proyecto, encabezado por el <strong>arquitecto Carlos Ram\u00edrez Su\u00e1rez<\/strong>, no solo reorganiza la din\u00e1mica comercial de esta localidad morelense, sino que tambi\u00e9n valora su identidad, su patrimonio y su potencial tur\u00edstico.<\/p>\n\n\n\n<p>Desarrollado en el marco del <strong>Programa de Mejoramiento Urbano (PMU)<\/strong> de la <strong>SEDATU<\/strong>, el mercado ofrece una experiencia funcional, accesible y arquitect\u00f3nicamente arm\u00f3nica, al tiempo que se convierte en un motor de revitalizaci\u00f3n econ\u00f3mica y social para la comunidad.<\/p>\n\n\n\n<figure class=\"wp-block-image size-large\"><img decoding=\"async\" width=\"1024\" height=\"683\" src=\"https:\/\/www.gridmag.com.mx\/wp-content\/uploads\/2025\/06\/03.-Mercado-de-Tepoztlan-1024x683.jpg\" alt=\"Mercado Municipal de Tepoztl\u00e1n\" class=\"wp-image-9939\" srcset=\"https:\/\/www.gridmag.com.mx\/wp-content\/uploads\/2025\/06\/03.-Mercado-de-Tepoztlan-1024x683.jpg 1024w, https:\/\/www.gridmag.com.mx\/wp-content\/uploads\/2025\/06\/03.-Mercado-de-Tepoztlan-300x200.jpg 300w, https:\/\/www.gridmag.com.mx\/wp-content\/uploads\/2025\/06\/03.-Mercado-de-Tepoztlan-768x512.jpg 768w, https:\/\/www.gridmag.com.mx\/wp-content\/uploads\/2025\/06\/03.-Mercado-de-Tepoztlan-1536x1024.jpg 1536w, https:\/\/www.gridmag.com.mx\/wp-content\/uploads\/2025\/06\/03.-Mercado-de-Tepoztlan-360x240.jpg 360w, https:\/\/www.gridmag.com.mx\/wp-content\/uploads\/2025\/06\/03.-Mercado-de-Tepoztlan-720x480.jpg 720w, https:\/\/www.gridmag.com.mx\/wp-content\/uploads\/2025\/06\/03.-Mercado-de-Tepoztlan-770x513.jpg 770w, https:\/\/www.gridmag.com.mx\/wp-content\/uploads\/2025\/06\/03.-Mercado-de-Tepoztlan-1400x933.jpg 1400w, https:\/\/www.gridmag.com.mx\/wp-content\/uploads\/2025\/06\/03.-Mercado-de-Tepoztlan.jpg 1701w\" sizes=\"(max-width: 1024px) 100vw, 1024px\" \/><\/figure>\n\n\n\n<h2 class=\"wp-block-heading\"><strong>Arquitectura con prop\u00f3sito: revitalizar el tejido urbano<\/strong><\/h2>\n\n\n\n<p>Ubicado en un terreno de m\u00e1s de 2,500 m\u00b2 junto al <strong>convento de la Natividad de Mar\u00eda<\/strong>, el nuevo mercado se despliega en un predio con pendiente y tres frentes hacia la ciudad. A trav\u00e9s de su dise\u00f1o, se liber\u00f3 el espacio p\u00fablico anteriormente ocupado por comercio informal, restaurando la legibilidad del contexto urbano y reforzando el valor del patrimonio hist\u00f3rico de Tepoztl\u00e1n.<\/p>\n\n\n\n<p>La edificaci\u00f3n respeta la <strong>escala del entorno<\/strong>, adapt\u00e1ndose topogr\u00e1ficamente con una soluci\u00f3n arquitect\u00f3nica que incluye:<\/p>\n\n\n\n<ul class=\"wp-block-list\">\n<li>Nivel de estacionamiento<br><\/li>\n\n\n\n<li>Nivel de abastecimiento<br><\/li>\n\n\n\n<li>Dos niveles de comida<br><\/li>\n\n\n\n<li>Un nivel mirador<br><\/li>\n<\/ul>\n\n\n\n<p>En total, se albergan <strong>195 locales comerciales<\/strong> distribuidos de forma clara y funcional.<\/p>\n\n\n\n<figure class=\"wp-block-image size-large\"><img decoding=\"async\" width=\"1024\" height=\"683\" src=\"https:\/\/www.gridmag.com.mx\/wp-content\/uploads\/2025\/06\/05.-Mercado-de-Tepoztlan-1024x683.jpg\" alt=\"\" class=\"wp-image-9940\" srcset=\"https:\/\/www.gridmag.com.mx\/wp-content\/uploads\/2025\/06\/05.-Mercado-de-Tepoztlan-1024x683.jpg 1024w, https:\/\/www.gridmag.com.mx\/wp-content\/uploads\/2025\/06\/05.-Mercado-de-Tepoztlan-300x200.jpg 300w, https:\/\/www.gridmag.com.mx\/wp-content\/uploads\/2025\/06\/05.-Mercado-de-Tepoztlan-768x512.jpg 768w, https:\/\/www.gridmag.com.mx\/wp-content\/uploads\/2025\/06\/05.-Mercado-de-Tepoztlan-1536x1024.jpg 1536w, https:\/\/www.gridmag.com.mx\/wp-content\/uploads\/2025\/06\/05.-Mercado-de-Tepoztlan-360x240.jpg 360w, https:\/\/www.gridmag.com.mx\/wp-content\/uploads\/2025\/06\/05.-Mercado-de-Tepoztlan-720x480.jpg 720w, https:\/\/www.gridmag.com.mx\/wp-content\/uploads\/2025\/06\/05.-Mercado-de-Tepoztlan-770x513.jpg 770w, https:\/\/www.gridmag.com.mx\/wp-content\/uploads\/2025\/06\/05.-Mercado-de-Tepoztlan-1400x933.jpg 1400w, https:\/\/www.gridmag.com.mx\/wp-content\/uploads\/2025\/06\/05.-Mercado-de-Tepoztlan.jpg 1644w\" sizes=\"(max-width: 1024px) 100vw, 1024px\" \/><\/figure>\n\n\n\n<h2 class=\"wp-block-heading\"><strong>Dise\u00f1o estructural con materiales locales y enfoque comunitario<\/strong><\/h2>\n\n\n\n<p>La arquitectura del mercado se ordena mediante una <strong>ret\u00edcula met\u00e1lica de perfiles IPR<\/strong>, modulada a 2.50 por 2.50 metros, dimensiones que definen cada uno de los locales. La estructura met\u00e1lica se pinta en tono rojizo para evocar la <strong>arcilla t\u00edpica de la regi\u00f3n<\/strong>, mientras que materiales como el <strong>ladrillo aparente y la madera<\/strong> se integran con naturalidad al dise\u00f1o, aportando calidez y sentido de pertenencia.<\/p>\n\n\n\n<p>El dise\u00f1o tambi\u00e9n contempla la <strong>accesibilidad universal<\/strong>, con una gran explanada de acceso y una <strong>rampa peatonal<\/strong> que conecta el estacionamiento con los niveles superiores, garantizando inclusi\u00f3n para personas con movilidad reducida.<\/p>\n\n\n\n<figure class=\"wp-block-image size-large\"><img decoding=\"async\" width=\"895\" height=\"1024\" src=\"https:\/\/www.gridmag.com.mx\/wp-content\/uploads\/2025\/06\/04.-Mercado-de-Tepoztlan-895x1024.jpg\" alt=\"Mercado Municipal de Tepoztl\u00e1n\" class=\"wp-image-9943\" srcset=\"https:\/\/www.gridmag.com.mx\/wp-content\/uploads\/2025\/06\/04.-Mercado-de-Tepoztlan-895x1024.jpg 895w, https:\/\/www.gridmag.com.mx\/wp-content\/uploads\/2025\/06\/04.-Mercado-de-Tepoztlan-262x300.jpg 262w, https:\/\/www.gridmag.com.mx\/wp-content\/uploads\/2025\/06\/04.-Mercado-de-Tepoztlan-768x879.jpg 768w, https:\/\/www.gridmag.com.mx\/wp-content\/uploads\/2025\/06\/04.-Mercado-de-Tepoztlan-770x881.jpg 770w, https:\/\/www.gridmag.com.mx\/wp-content\/uploads\/2025\/06\/04.-Mercado-de-Tepoztlan.jpg 1276w\" sizes=\"(max-width: 895px) 100vw, 895px\" \/><\/figure>\n\n\n\n<h2 class=\"wp-block-heading\"><strong>Un nuevo centro de vida para Tepoztl\u00e1n<\/strong><\/h2>\n\n\n\n<p>M\u00e1s all\u00e1 de lo arquitect\u00f3nico, el mercado cumple una funci\u00f3n vital: es un <strong>punto de encuentro para la comunidad<\/strong>. Desde productos frescos y gastronom\u00eda t\u00edpica hasta artesan\u00edas locales, el mercado se convierte en un espacio vivo donde convergen econom\u00eda, cultura y tradici\u00f3n.<\/p>\n\n\n\n<p>El edificio no solo mejora la <strong>seguridad, higiene y log\u00edstica<\/strong>, sino que promueve una nueva forma de habitar y recorrer el centro hist\u00f3rico, integrando la vida cotidiana con una visi\u00f3n renovada del espacio p\u00fablico.<\/p>\n\n\n\n<figure class=\"wp-block-image size-large\"><img decoding=\"async\" width=\"1024\" height=\"576\" src=\"https:\/\/www.gridmag.com.mx\/wp-content\/uploads\/2025\/06\/07.-Mercado-de-Tepoztlan-1024x576.jpg\" alt=\"\" class=\"wp-image-9941\" srcset=\"https:\/\/www.gridmag.com.mx\/wp-content\/uploads\/2025\/06\/07.-Mercado-de-Tepoztlan-1024x576.jpg 1024w, https:\/\/www.gridmag.com.mx\/wp-content\/uploads\/2025\/06\/07.-Mercado-de-Tepoztlan-300x169.jpg 300w, https:\/\/www.gridmag.com.mx\/wp-content\/uploads\/2025\/06\/07.-Mercado-de-Tepoztlan-768x432.jpg 768w, https:\/\/www.gridmag.com.mx\/wp-content\/uploads\/2025\/06\/07.-Mercado-de-Tepoztlan-1536x865.jpg 1536w, https:\/\/www.gridmag.com.mx\/wp-content\/uploads\/2025\/06\/07.-Mercado-de-Tepoztlan-770x433.jpg 770w, https:\/\/www.gridmag.com.mx\/wp-content\/uploads\/2025\/06\/07.-Mercado-de-Tepoztlan-1400x788.jpg 1400w, https:\/\/www.gridmag.com.mx\/wp-content\/uploads\/2025\/06\/07.-Mercado-de-Tepoztlan.jpg 1757w\" sizes=\"(max-width: 1024px) 100vw, 1024px\" \/><figcaption class=\"wp-element-caption\">default<\/figcaption><\/figure>\n\n\n\n<h2 class=\"wp-block-heading\"><strong>Ficha t\u00e9cnica del proyecto<\/strong><\/h2>\n\n\n\n<ul class=\"wp-block-list\">\n<li><strong>Nombre:<\/strong> Mercado Municipal de Tepoztl\u00e1n<br><\/li>\n\n\n\n<li><strong>Ubicaci\u00f3n:<\/strong> Tepoztl\u00e1n, Morelos<br><\/li>\n\n\n\n<li><strong>\u00c1rea de terreno:<\/strong> 2,529.25 m\u00b2<br><\/li>\n\n\n\n<li><strong>\u00c1rea construida:<\/strong> 5,754.28 m\u00b2<br><\/li>\n\n\n\n<li><strong>A\u00f1o de construcci\u00f3n:<\/strong> 2023 \u2013 2024<br><\/li>\n\n\n\n<li><strong>Arquitecto l\u00edder:<\/strong> Arq. Carlos Ram\u00edrez Su\u00e1rez<br><\/li>\n\n\n\n<li><strong>Despacho:<\/strong> Taller de Dise\u00f1o del Laboratorio Regional de Arquitectura + Ram\u00edrez Su\u00e1rez Arquitectos<br><\/li>\n\n\n\n<li><strong>Equipo de dise\u00f1o:<\/strong><strong><br><\/strong>\n<ul class=\"wp-block-list\">\n<li>Arq. Alejandro Mosqueda Garc\u00eda<br><\/li>\n\n\n\n<li>Arq. Luis Carlos Orihuela Valle<br><\/li>\n\n\n\n<li>Arq. Isaid Serrano Corona<br><\/li>\n<\/ul>\n<\/li>\n\n\n\n<li><strong>Fotograf\u00eda:<\/strong> Ana Paula \u00c1lvarez, Miguel Cobos<br><\/li>\n<\/ul>\n\n\n\n<figure class=\"wp-block-image size-large\"><img decoding=\"async\" width=\"1024\" height=\"576\" src=\"https:\/\/www.gridmag.com.mx\/wp-content\/uploads\/2025\/06\/08.-Mercado-de-Tepoztlan-1024x576.jpg\" alt=\"Mercado Municipal de Tepoztl\u00e1n\" class=\"wp-image-9942\" srcset=\"https:\/\/www.gridmag.com.mx\/wp-content\/uploads\/2025\/06\/08.-Mercado-de-Tepoztlan-1024x576.jpg 1024w, https:\/\/www.gridmag.com.mx\/wp-content\/uploads\/2025\/06\/08.-Mercado-de-Tepoztlan-300x169.jpg 300w, https:\/\/www.gridmag.com.mx\/wp-content\/uploads\/2025\/06\/08.-Mercado-de-Tepoztlan-768x432.jpg 768w, https:\/\/www.gridmag.com.mx\/wp-content\/uploads\/2025\/06\/08.-Mercado-de-Tepoztlan-1536x863.jpg 1536w, https:\/\/www.gridmag.com.mx\/wp-content\/uploads\/2025\/06\/08.-Mercado-de-Tepoztlan-770x433.jpg 770w, https:\/\/www.gridmag.com.mx\/wp-content\/uploads\/2025\/06\/08.-Mercado-de-Tepoztlan-1400x787.jpg 1400w, https:\/\/www.gridmag.com.mx\/wp-content\/uploads\/2025\/06\/08.-Mercado-de-Tepoztlan.jpg 1843w\" sizes=\"(max-width: 1024px) 100vw, 1024px\" \/><figcaption class=\"wp-element-caption\">default<\/figcaption><\/figure>\n\n\n\n<h2 class=\"wp-block-heading\"><strong>Un modelo replicable de desarrollo urbano<\/strong><\/h2>\n\n\n\n<p>Este proyecto representa un ejemplo de c\u00f3mo la arquitectura p\u00fablica puede mejorar la vida comunitaria sin sacrificar la identidad ni el contexto. A trav\u00e9s de un enfoque funcional, sensible y respetuoso, el <strong>Mercado Municipal de Tepoztl\u00e1n<\/strong> se posiciona como un <strong>referente contempor\u00e1neo de intervenci\u00f3n urbana en pueblos m\u00e1gicos<\/strong>, capaz de equilibrar necesidades sociales, econ\u00f3micas y patrimoniales.<\/p>\n","protected":false},"excerpt":{"rendered":"<p>Dise\u00f1ado por el Taller de Dise\u00f1o del Laboratorio Regional de Arquitectura + Ram\u00edrez Su\u00e1rez Arquitectos, este nuevo espacio redefine la vida comercial y social del coraz\u00f3n de Tepoztl\u00e1n, a partir de una propuesta arquitect\u00f3nica sensible, ordenada y profundamente conectada con el contexto. Ante la necesidad de ordenar el comercio informal y recuperar el espacio p\u00fablico del centro hist\u00f3rico, surge el nuevo Mercado Municipal de Tepoztl\u00e1n como una intervenci\u00f3n urbana estrat\u00e9gica. El proyecto, encabezado por el arquitecto Carlos Ram\u00edrez Su\u00e1rez, no [&hellip;]<\/p>\n","protected":false},"author":1,"featured_media":9938,"comment_status":"open","ping_status":"open","sticky":false,"template":"","format":"standard","meta":{"footnotes":""},"categories":[49],"tags":[],"class_list":["post-9937","post","type-post","status-publish","format-standard","has-post-thumbnail","hentry","category-arquitectura"],"yoast_head":"<!-- This site is optimized with the Yoast SEO plugin v27.0 - https:\/\/yoast.com\/product\/yoast-seo-wordpress\/ -->\n<title>Mercado Municipal de Tepoztl\u00e1n: arquitectura funcional con identidad local | Grid Magazine<\/title>\n<meta name=\"description\" content=\"El Mercado Municipal de Tepoztl\u00e1n: arquitectura funcional, materiales locales y dise\u00f1o comunitario que revitaliza el centro hist\u00f3rico.\" \/>\n<meta name=\"robots\" content=\"index, follow, max-snippet:-1, max-image-preview:large, max-video-preview:-1\" \/>\n<link rel=\"canonical\" href=\"https:\/\/www.gridmag.com.mx\/index.php\/2025\/06\/03\/mercado-municipal-de-tepoztlan-arquitectura-funcional-con-identidad-local\/\" \/>\n<meta property=\"og:locale\" content=\"es_MX\" \/>\n<meta property=\"og:type\" content=\"article\" \/>\n<meta property=\"og:title\" content=\"Mercado Municipal de Tepoztl\u00e1n: arquitectura funcional con identidad local | Grid Magazine\" \/>\n<meta property=\"og:description\" content=\"El Mercado Municipal de Tepoztl\u00e1n: arquitectura funcional, materiales locales y dise\u00f1o comunitario que revitaliza el centro hist\u00f3rico.\" \/>\n<meta property=\"og:url\" content=\"https:\/\/www.gridmag.com.mx\/index.php\/2025\/06\/03\/mercado-municipal-de-tepoztlan-arquitectura-funcional-con-identidad-local\/\" \/>\n<meta property=\"og:site_name\" content=\"Grid Magazine\" \/>\n<meta property=\"article:publisher\" content=\"https:\/\/www.facebook.com\/gridmagazine.mx\" \/>\n<meta property=\"article:published_time\" content=\"2025-06-03T16:21:49+00:00\" \/>\n<meta property=\"article:modified_time\" content=\"2025-06-03T16:21:54+00:00\" \/>\n<meta property=\"og:image\" content=\"https:\/\/www.gridmag.com.mx\/wp-content\/uploads\/2025\/06\/01.-Mercado-de-Tepoztlan.jpg\" \/>\n\t<meta property=\"og:image:width\" content=\"1984\" \/>\n\t<meta property=\"og:image:height\" content=\"958\" \/>\n\t<meta property=\"og:image:type\" content=\"image\/jpeg\" \/>\n<meta name=\"author\" content=\"Grid Magazine\" \/>\n<meta name=\"twitter:card\" content=\"summary_large_image\" \/>\n<meta name=\"twitter:label1\" content=\"Escrito por\" \/>\n\t<meta name=\"twitter:data1\" content=\"Grid Magazine\" \/>\n\t<meta name=\"twitter:label2\" content=\"Tiempo de lectura\" \/>\n\t<meta name=\"twitter:data2\" content=\"4 minutos\" \/>\n<script type=\"application\/ld+json\" class=\"yoast-schema-graph\">{\"@context\":\"https:\/\/schema.org\",\"@graph\":[{\"@type\":\"Article\",\"@id\":\"https:\/\/www.gridmag.com.mx\/index.php\/2025\/06\/03\/mercado-municipal-de-tepoztlan-arquitectura-funcional-con-identidad-local\/#article\",\"isPartOf\":{\"@id\":\"https:\/\/www.gridmag.com.mx\/index.php\/2025\/06\/03\/mercado-municipal-de-tepoztlan-arquitectura-funcional-con-identidad-local\/\"},\"author\":{\"name\":\"Grid Magazine\",\"@id\":\"https:\/\/www.gridmag.com.mx\/#\/schema\/person\/d54cddc75e2ecfe4a55e39c0336ae932\"},\"headline\":\"Mercado Municipal de Tepoztl\u00e1n: arquitectura funcional con identidad local\",\"datePublished\":\"2025-06-03T16:21:49+00:00\",\"dateModified\":\"2025-06-03T16:21:54+00:00\",\"mainEntityOfPage\":{\"@id\":\"https:\/\/www.gridmag.com.mx\/index.php\/2025\/06\/03\/mercado-municipal-de-tepoztlan-arquitectura-funcional-con-identidad-local\/\"},\"wordCount\":650,\"commentCount\":0,\"publisher\":{\"@id\":\"https:\/\/www.gridmag.com.mx\/#organization\"},\"image\":{\"@id\":\"https:\/\/www.gridmag.com.mx\/index.php\/2025\/06\/03\/mercado-municipal-de-tepoztlan-arquitectura-funcional-con-identidad-local\/#primaryimage\"},\"thumbnailUrl\":\"https:\/\/www.gridmag.com.mx\/wp-content\/uploads\/2025\/06\/01.-Mercado-de-Tepoztlan.jpg\",\"articleSection\":[\"Arquitectura\"],\"inLanguage\":\"es\",\"potentialAction\":[{\"@type\":\"CommentAction\",\"name\":\"Comment\",\"target\":[\"https:\/\/www.gridmag.com.mx\/index.php\/2025\/06\/03\/mercado-municipal-de-tepoztlan-arquitectura-funcional-con-identidad-local\/#respond\"]}]},{\"@type\":\"WebPage\",\"@id\":\"https:\/\/www.gridmag.com.mx\/index.php\/2025\/06\/03\/mercado-municipal-de-tepoztlan-arquitectura-funcional-con-identidad-local\/\",\"url\":\"https:\/\/www.gridmag.com.mx\/index.php\/2025\/06\/03\/mercado-municipal-de-tepoztlan-arquitectura-funcional-con-identidad-local\/\",\"name\":\"Mercado Municipal de Tepoztl\u00e1n: arquitectura funcional con identidad local | Grid Magazine\",\"isPartOf\":{\"@id\":\"https:\/\/www.gridmag.com.mx\/#website\"},\"primaryImageOfPage\":{\"@id\":\"https:\/\/www.gridmag.com.mx\/index.php\/2025\/06\/03\/mercado-municipal-de-tepoztlan-arquitectura-funcional-con-identidad-local\/#primaryimage\"},\"image\":{\"@id\":\"https:\/\/www.gridmag.com.mx\/index.php\/2025\/06\/03\/mercado-municipal-de-tepoztlan-arquitectura-funcional-con-identidad-local\/#primaryimage\"},\"thumbnailUrl\":\"https:\/\/www.gridmag.com.mx\/wp-content\/uploads\/2025\/06\/01.-Mercado-de-Tepoztlan.jpg\",\"datePublished\":\"2025-06-03T16:21:49+00:00\",\"dateModified\":\"2025-06-03T16:21:54+00:00\",\"description\":\"El Mercado Municipal de Tepoztl\u00e1n: arquitectura funcional, materiales locales y dise\u00f1o comunitario que revitaliza el centro hist\u00f3rico.\",\"breadcrumb\":{\"@id\":\"https:\/\/www.gridmag.com.mx\/index.php\/2025\/06\/03\/mercado-municipal-de-tepoztlan-arquitectura-funcional-con-identidad-local\/#breadcrumb\"},\"inLanguage\":\"es\",\"potentialAction\":[{\"@type\":\"ReadAction\",\"target\":[\"https:\/\/www.gridmag.com.mx\/index.php\/2025\/06\/03\/mercado-municipal-de-tepoztlan-arquitectura-funcional-con-identidad-local\/\"]}]},{\"@type\":\"ImageObject\",\"inLanguage\":\"es\",\"@id\":\"https:\/\/www.gridmag.com.mx\/index.php\/2025\/06\/03\/mercado-municipal-de-tepoztlan-arquitectura-funcional-con-identidad-local\/#primaryimage\",\"url\":\"https:\/\/www.gridmag.com.mx\/wp-content\/uploads\/2025\/06\/01.-Mercado-de-Tepoztlan.jpg\",\"contentUrl\":\"https:\/\/www.gridmag.com.mx\/wp-content\/uploads\/2025\/06\/01.-Mercado-de-Tepoztlan.jpg\",\"width\":1984,\"height\":958,\"caption\":\"default\"},{\"@type\":\"BreadcrumbList\",\"@id\":\"https:\/\/www.gridmag.com.mx\/index.php\/2025\/06\/03\/mercado-municipal-de-tepoztlan-arquitectura-funcional-con-identidad-local\/#breadcrumb\",\"itemListElement\":[{\"@type\":\"ListItem\",\"position\":1,\"name\":\"Inicio\",\"item\":\"https:\/\/www.gridmag.com.mx\/\"},{\"@type\":\"ListItem\",\"position\":2,\"name\":\"Mercado Municipal de Tepoztl\u00e1n: arquitectura funcional con identidad local\"}]},{\"@type\":\"WebSite\",\"@id\":\"https:\/\/www.gridmag.com.mx\/#website\",\"url\":\"https:\/\/www.gridmag.com.mx\/\",\"name\":\"Grid Magazine\",\"description\":\"Compartiendo lo mejor de la arquitectura y dise\u00f1o mexicano.\",\"publisher\":{\"@id\":\"https:\/\/www.gridmag.com.mx\/#organization\"},\"potentialAction\":[{\"@type\":\"SearchAction\",\"target\":{\"@type\":\"EntryPoint\",\"urlTemplate\":\"https:\/\/www.gridmag.com.mx\/?s={search_term_string}\"},\"query-input\":{\"@type\":\"PropertyValueSpecification\",\"valueRequired\":true,\"valueName\":\"search_term_string\"}}],\"inLanguage\":\"es\"},{\"@type\":\"Organization\",\"@id\":\"https:\/\/www.gridmag.com.mx\/#organization\",\"name\":\"Grid Magazine\",\"url\":\"https:\/\/www.gridmag.com.mx\/\",\"logo\":{\"@type\":\"ImageObject\",\"inLanguage\":\"es\",\"@id\":\"https:\/\/www.gridmag.com.mx\/#\/schema\/logo\/image\/\",\"url\":\"\",\"contentUrl\":\"\",\"caption\":\"Grid Magazine\"},\"image\":{\"@id\":\"https:\/\/www.gridmag.com.mx\/#\/schema\/logo\/image\/\"},\"sameAs\":[\"https:\/\/www.facebook.com\/gridmagazine.mx\",\"https:\/\/www.instagram.com\/gridmagazine_mx\/\",\"https:\/\/www.tiktok.com\/@gridmagazine.mx?_t=8gl2kVR2Aq6&_r=1\",\"https:\/\/www.linkedin.com\/company\/grid-magazine-mx\/\"]},{\"@type\":\"Person\",\"@id\":\"https:\/\/www.gridmag.com.mx\/#\/schema\/person\/d54cddc75e2ecfe4a55e39c0336ae932\",\"name\":\"Grid Magazine\",\"image\":{\"@type\":\"ImageObject\",\"inLanguage\":\"es\",\"@id\":\"https:\/\/www.gridmag.com.mx\/#\/schema\/person\/image\/\",\"url\":\"https:\/\/secure.gravatar.com\/avatar\/8e4bd50943002dd6ee9db30e5af749244f3e21206a99c4fb42429117eaacfc83?s=96&d=mm&r=g\",\"contentUrl\":\"https:\/\/secure.gravatar.com\/avatar\/8e4bd50943002dd6ee9db30e5af749244f3e21206a99c4fb42429117eaacfc83?s=96&d=mm&r=g\",\"caption\":\"Grid Magazine\"},\"sameAs\":[\"https:\/\/www.gridmag.com.mx\"],\"url\":\"https:\/\/www.gridmag.com.mx\/index.php\/author\/grid-magazine-arq\/\"}]}<\/script>\n<!-- \/ Yoast SEO plugin. -->","yoast_head_json":{"title":"Mercado Municipal de Tepoztl\u00e1n: arquitectura funcional con identidad local | Grid Magazine","description":"El Mercado Municipal de Tepoztl\u00e1n: arquitectura funcional, materiales locales y dise\u00f1o comunitario que revitaliza el centro hist\u00f3rico.","robots":{"index":"index","follow":"follow","max-snippet":"max-snippet:-1","max-image-preview":"max-image-preview:large","max-video-preview":"max-video-preview:-1"},"canonical":"https:\/\/www.gridmag.com.mx\/index.php\/2025\/06\/03\/mercado-municipal-de-tepoztlan-arquitectura-funcional-con-identidad-local\/","og_locale":"es_MX","og_type":"article","og_title":"Mercado Municipal de Tepoztl\u00e1n: arquitectura funcional con identidad local | Grid Magazine","og_description":"El Mercado Municipal de Tepoztl\u00e1n: arquitectura funcional, materiales locales y dise\u00f1o comunitario que revitaliza el centro hist\u00f3rico.","og_url":"https:\/\/www.gridmag.com.mx\/index.php\/2025\/06\/03\/mercado-municipal-de-tepoztlan-arquitectura-funcional-con-identidad-local\/","og_site_name":"Grid Magazine","article_publisher":"https:\/\/www.facebook.com\/gridmagazine.mx","article_published_time":"2025-06-03T16:21:49+00:00","article_modified_time":"2025-06-03T16:21:54+00:00","og_image":[{"width":1984,"height":958,"url":"https:\/\/www.gridmag.com.mx\/wp-content\/uploads\/2025\/06\/01.-Mercado-de-Tepoztlan.jpg","type":"image\/jpeg"}],"author":"Grid Magazine","twitter_card":"summary_large_image","twitter_misc":{"Escrito por":"Grid Magazine","Tiempo de lectura":"4 minutos"},"schema":{"@context":"https:\/\/schema.org","@graph":[{"@type":"Article","@id":"https:\/\/www.gridmag.com.mx\/index.php\/2025\/06\/03\/mercado-municipal-de-tepoztlan-arquitectura-funcional-con-identidad-local\/#article","isPartOf":{"@id":"https:\/\/www.gridmag.com.mx\/index.php\/2025\/06\/03\/mercado-municipal-de-tepoztlan-arquitectura-funcional-con-identidad-local\/"},"author":{"name":"Grid Magazine","@id":"https:\/\/www.gridmag.com.mx\/#\/schema\/person\/d54cddc75e2ecfe4a55e39c0336ae932"},"headline":"Mercado Municipal de Tepoztl\u00e1n: arquitectura funcional con identidad local","datePublished":"2025-06-03T16:21:49+00:00","dateModified":"2025-06-03T16:21:54+00:00","mainEntityOfPage":{"@id":"https:\/\/www.gridmag.com.mx\/index.php\/2025\/06\/03\/mercado-municipal-de-tepoztlan-arquitectura-funcional-con-identidad-local\/"},"wordCount":650,"commentCount":0,"publisher":{"@id":"https:\/\/www.gridmag.com.mx\/#organization"},"image":{"@id":"https:\/\/www.gridmag.com.mx\/index.php\/2025\/06\/03\/mercado-municipal-de-tepoztlan-arquitectura-funcional-con-identidad-local\/#primaryimage"},"thumbnailUrl":"https:\/\/www.gridmag.com.mx\/wp-content\/uploads\/2025\/06\/01.-Mercado-de-Tepoztlan.jpg","articleSection":["Arquitectura"],"inLanguage":"es","potentialAction":[{"@type":"CommentAction","name":"Comment","target":["https:\/\/www.gridmag.com.mx\/index.php\/2025\/06\/03\/mercado-municipal-de-tepoztlan-arquitectura-funcional-con-identidad-local\/#respond"]}]},{"@type":"WebPage","@id":"https:\/\/www.gridmag.com.mx\/index.php\/2025\/06\/03\/mercado-municipal-de-tepoztlan-arquitectura-funcional-con-identidad-local\/","url":"https:\/\/www.gridmag.com.mx\/index.php\/2025\/06\/03\/mercado-municipal-de-tepoztlan-arquitectura-funcional-con-identidad-local\/","name":"Mercado Municipal de Tepoztl\u00e1n: arquitectura funcional con identidad local | Grid Magazine","isPartOf":{"@id":"https:\/\/www.gridmag.com.mx\/#website"},"primaryImageOfPage":{"@id":"https:\/\/www.gridmag.com.mx\/index.php\/2025\/06\/03\/mercado-municipal-de-tepoztlan-arquitectura-funcional-con-identidad-local\/#primaryimage"},"image":{"@id":"https:\/\/www.gridmag.com.mx\/index.php\/2025\/06\/03\/mercado-municipal-de-tepoztlan-arquitectura-funcional-con-identidad-local\/#primaryimage"},"thumbnailUrl":"https:\/\/www.gridmag.com.mx\/wp-content\/uploads\/2025\/06\/01.-Mercado-de-Tepoztlan.jpg","datePublished":"2025-06-03T16:21:49+00:00","dateModified":"2025-06-03T16:21:54+00:00","description":"El Mercado Municipal de Tepoztl\u00e1n: arquitectura funcional, materiales locales y dise\u00f1o comunitario que revitaliza el centro hist\u00f3rico.","breadcrumb":{"@id":"https:\/\/www.gridmag.com.mx\/index.php\/2025\/06\/03\/mercado-municipal-de-tepoztlan-arquitectura-funcional-con-identidad-local\/#breadcrumb"},"inLanguage":"es","potentialAction":[{"@type":"ReadAction","target":["https:\/\/www.gridmag.com.mx\/index.php\/2025\/06\/03\/mercado-municipal-de-tepoztlan-arquitectura-funcional-con-identidad-local\/"]}]},{"@type":"ImageObject","inLanguage":"es","@id":"https:\/\/www.gridmag.com.mx\/index.php\/2025\/06\/03\/mercado-municipal-de-tepoztlan-arquitectura-funcional-con-identidad-local\/#primaryimage","url":"https:\/\/www.gridmag.com.mx\/wp-content\/uploads\/2025\/06\/01.-Mercado-de-Tepoztlan.jpg","contentUrl":"https:\/\/www.gridmag.com.mx\/wp-content\/uploads\/2025\/06\/01.-Mercado-de-Tepoztlan.jpg","width":1984,"height":958,"caption":"default"},{"@type":"BreadcrumbList","@id":"https:\/\/www.gridmag.com.mx\/index.php\/2025\/06\/03\/mercado-municipal-de-tepoztlan-arquitectura-funcional-con-identidad-local\/#breadcrumb","itemListElement":[{"@type":"ListItem","position":1,"name":"Inicio","item":"https:\/\/www.gridmag.com.mx\/"},{"@type":"ListItem","position":2,"name":"Mercado Municipal de Tepoztl\u00e1n: arquitectura funcional con identidad local"}]},{"@type":"WebSite","@id":"https:\/\/www.gridmag.com.mx\/#website","url":"https:\/\/www.gridmag.com.mx\/","name":"Grid Magazine","description":"Compartiendo lo mejor de la arquitectura y dise\u00f1o mexicano.","publisher":{"@id":"https:\/\/www.gridmag.com.mx\/#organization"},"potentialAction":[{"@type":"SearchAction","target":{"@type":"EntryPoint","urlTemplate":"https:\/\/www.gridmag.com.mx\/?s={search_term_string}"},"query-input":{"@type":"PropertyValueSpecification","valueRequired":true,"valueName":"search_term_string"}}],"inLanguage":"es"},{"@type":"Organization","@id":"https:\/\/www.gridmag.com.mx\/#organization","name":"Grid Magazine","url":"https:\/\/www.gridmag.com.mx\/","logo":{"@type":"ImageObject","inLanguage":"es","@id":"https:\/\/www.gridmag.com.mx\/#\/schema\/logo\/image\/","url":"","contentUrl":"","caption":"Grid Magazine"},"image":{"@id":"https:\/\/www.gridmag.com.mx\/#\/schema\/logo\/image\/"},"sameAs":["https:\/\/www.facebook.com\/gridmagazine.mx","https:\/\/www.instagram.com\/gridmagazine_mx\/","https:\/\/www.tiktok.com\/@gridmagazine.mx?_t=8gl2kVR2Aq6&_r=1","https:\/\/www.linkedin.com\/company\/grid-magazine-mx\/"]},{"@type":"Person","@id":"https:\/\/www.gridmag.com.mx\/#\/schema\/person\/d54cddc75e2ecfe4a55e39c0336ae932","name":"Grid Magazine","image":{"@type":"ImageObject","inLanguage":"es","@id":"https:\/\/www.gridmag.com.mx\/#\/schema\/person\/image\/","url":"https:\/\/secure.gravatar.com\/avatar\/8e4bd50943002dd6ee9db30e5af749244f3e21206a99c4fb42429117eaacfc83?s=96&d=mm&r=g","contentUrl":"https:\/\/secure.gravatar.com\/avatar\/8e4bd50943002dd6ee9db30e5af749244f3e21206a99c4fb42429117eaacfc83?s=96&d=mm&r=g","caption":"Grid Magazine"},"sameAs":["https:\/\/www.gridmag.com.mx"],"url":"https:\/\/www.gridmag.com.mx\/index.php\/author\/grid-magazine-arq\/"}]}},"_links":{"self":[{"href":"https:\/\/www.gridmag.com.mx\/index.php\/wp-json\/wp\/v2\/posts\/9937","targetHints":{"allow":["GET"]}}],"collection":[{"href":"https:\/\/www.gridmag.com.mx\/index.php\/wp-json\/wp\/v2\/posts"}],"about":[{"href":"https:\/\/www.gridmag.com.mx\/index.php\/wp-json\/wp\/v2\/types\/post"}],"author":[{"embeddable":true,"href":"https:\/\/www.gridmag.com.mx\/index.php\/wp-json\/wp\/v2\/users\/1"}],"replies":[{"embeddable":true,"href":"https:\/\/www.gridmag.com.mx\/index.php\/wp-json\/wp\/v2\/comments?post=9937"}],"version-history":[{"count":1,"href":"https:\/\/www.gridmag.com.mx\/index.php\/wp-json\/wp\/v2\/posts\/9937\/revisions"}],"predecessor-version":[{"id":9944,"href":"https:\/\/www.gridmag.com.mx\/index.php\/wp-json\/wp\/v2\/posts\/9937\/revisions\/9944"}],"wp:featuredmedia":[{"embeddable":true,"href":"https:\/\/www.gridmag.com.mx\/index.php\/wp-json\/wp\/v2\/media\/9938"}],"wp:attachment":[{"href":"https:\/\/www.gridmag.com.mx\/index.php\/wp-json\/wp\/v2\/media?parent=9937"}],"wp:term":[{"taxonomy":"category","embeddable":true,"href":"https:\/\/www.gridmag.com.mx\/index.php\/wp-json\/wp\/v2\/categories?post=9937"},{"taxonomy":"post_tag","embeddable":true,"href":"https:\/\/www.gridmag.com.mx\/index.php\/wp-json\/wp\/v2\/tags?post=9937"}],"curies":[{"name":"wp","href":"https:\/\/api.w.org\/{rel}","templated":true}]}}