{"id":9975,"date":"2025-06-09T10:23:15","date_gmt":"2025-06-09T16:23:15","guid":{"rendered":"https:\/\/www.gridmag.com.mx\/?p=9975"},"modified":"2025-06-13T10:03:05","modified_gmt":"2025-06-13T16:03:05","slug":"4-celsius-entre-toi-et-moi-mexico-y-el-sur-global-en-la-bienal-de-arquitectura-ile-de-france-2025","status":"publish","type":"post","link":"https:\/\/www.gridmag.com.mx\/index.php\/2025\/06\/09\/4-celsius-entre-toi-et-moi-mexico-y-el-sur-global-en-la-bienal-de-arquitectura-ile-de-france-2025\/","title":{"rendered":"\u201c4\u00b0 Celsius entre toi et moi\u201d: M\u00e9xico y el Sur Global en la Bienal de Arquitectura \u00cele-de-France 2025"},"content":{"rendered":"\n\n\n<p>La tercera edici\u00f3n de Bap! 2025 se inaugur\u00f3 en Versalles con una exposici\u00f3n visionaria que imagina el futuro clim\u00e1tico de Par\u00eds desde una perspectiva del Sur Global.<\/p>\n\n\n\n<p>La Bienal de Arquitectura y Paisaje de \u00cele-de-France (Bap! 2025), el evento de arquitectura m\u00e1s importante de Francia, abri\u00f3 sus puertas el pasado <strong>7 de mayo en Versalles<\/strong> con la exposici\u00f3n <strong>\u201c4\u00b0 Celsius entre toi et moi\u201d<\/strong>, una provocadora reflexi\u00f3n sobre el cambio clim\u00e1tico desde el punto de vista de M\u00e9xico y el Sur Global.<\/p>\n\n\n\n<p>Organizada en la <strong>\u00c9cole Nationale Sup\u00e9rieure d\u2019Architecture de Versailles (\u00c9NSA Versailles)<\/strong>, la exposici\u00f3n se podr\u00e1 visitar hasta el <strong>13 de julio de 2025<\/strong>, y tiene como curadores a <strong>Sana Frini<\/strong> (fundadora del despacho mexicano <strong>LOCUS<\/strong>) y <strong>Philippe Rahm<\/strong>, de la firma francesa <strong>PHILIPPE RAHM ARCHITECTES<\/strong>.<\/p>\n\n\n\n<figure class=\"wp-block-image size-large\"><img decoding=\"async\" width=\"1024\" height=\"1024\" src=\"https:\/\/www.gridmag.com.mx\/wp-content\/uploads\/2025\/06\/01_BAP_Photography-by-Rafael-Gamo-1024x1024.jpg\" alt=\"\" class=\"wp-image-9977\" srcset=\"https:\/\/www.gridmag.com.mx\/wp-content\/uploads\/2025\/06\/01_BAP_Photography-by-Rafael-Gamo-1024x1024.jpg 1024w, https:\/\/www.gridmag.com.mx\/wp-content\/uploads\/2025\/06\/01_BAP_Photography-by-Rafael-Gamo-300x300.jpg 300w, https:\/\/www.gridmag.com.mx\/wp-content\/uploads\/2025\/06\/01_BAP_Photography-by-Rafael-Gamo-150x150.jpg 150w, https:\/\/www.gridmag.com.mx\/wp-content\/uploads\/2025\/06\/01_BAP_Photography-by-Rafael-Gamo-768x768.jpg 768w, https:\/\/www.gridmag.com.mx\/wp-content\/uploads\/2025\/06\/01_BAP_Photography-by-Rafael-Gamo-120x120.jpg 120w, https:\/\/www.gridmag.com.mx\/wp-content\/uploads\/2025\/06\/01_BAP_Photography-by-Rafael-Gamo-240x240.jpg 240w, https:\/\/www.gridmag.com.mx\/wp-content\/uploads\/2025\/06\/01_BAP_Photography-by-Rafael-Gamo-360x360.jpg 360w, https:\/\/www.gridmag.com.mx\/wp-content\/uploads\/2025\/06\/01_BAP_Photography-by-Rafael-Gamo-540x540.jpg 540w, https:\/\/www.gridmag.com.mx\/wp-content\/uploads\/2025\/06\/01_BAP_Photography-by-Rafael-Gamo-720x720.jpg 720w, https:\/\/www.gridmag.com.mx\/wp-content\/uploads\/2025\/06\/01_BAP_Photography-by-Rafael-Gamo-770x770.jpg 770w, https:\/\/www.gridmag.com.mx\/wp-content\/uploads\/2025\/06\/01_BAP_Photography-by-Rafael-Gamo-125x125.jpg 125w, https:\/\/www.gridmag.com.mx\/wp-content\/uploads\/2025\/06\/01_BAP_Photography-by-Rafael-Gamo.jpg 1332w\" sizes=\"(max-width: 1024px) 100vw, 1024px\" \/><\/figure>\n\n\n\n<h3 class=\"wp-block-heading\">+4 \u00b0C: Una advertencia desde el futuro<\/h3>\n\n\n\n<p>La muestra parte de una declaraci\u00f3n oficial del exministro franc\u00e9s de Transici\u00f3n Ecol\u00f3gica, Christophe B\u00e9chu, quien en 2023 advirti\u00f3 que Francia se prepara para un aumento de <strong>+4\u00b0C en la temperatura media hacia el a\u00f1o 2100<\/strong>. Este escenario transformar\u00e1 el clima templado de Par\u00eds en uno <strong>subtropical<\/strong>, con veranos secos e inviernos lluviosos, semejante al de regiones como el sur de M\u00e9xico, T\u00fanez o Corea del Sur.<\/p>\n\n\n\n<figure class=\"wp-block-image size-large\"><img decoding=\"async\" width=\"1024\" height=\"878\" src=\"https:\/\/www.gridmag.com.mx\/wp-content\/uploads\/2025\/06\/02_BAP_Photography-by-Rafael-Gamo-1024x878.jpg\" alt=\"\" class=\"wp-image-9978\" srcset=\"https:\/\/www.gridmag.com.mx\/wp-content\/uploads\/2025\/06\/02_BAP_Photography-by-Rafael-Gamo-1024x878.jpg 1024w, https:\/\/www.gridmag.com.mx\/wp-content\/uploads\/2025\/06\/02_BAP_Photography-by-Rafael-Gamo-300x257.jpg 300w, https:\/\/www.gridmag.com.mx\/wp-content\/uploads\/2025\/06\/02_BAP_Photography-by-Rafael-Gamo-768x659.jpg 768w, https:\/\/www.gridmag.com.mx\/wp-content\/uploads\/2025\/06\/02_BAP_Photography-by-Rafael-Gamo-770x660.jpg 770w, https:\/\/www.gridmag.com.mx\/wp-content\/uploads\/2025\/06\/02_BAP_Photography-by-Rafael-Gamo-1400x1200.jpg 1400w, https:\/\/www.gridmag.com.mx\/wp-content\/uploads\/2025\/06\/02_BAP_Photography-by-Rafael-Gamo.jpg 1417w\" sizes=\"(max-width: 1024px) 100vw, 1024px\" \/><\/figure>\n\n\n\n<h3 class=\"wp-block-heading\">Una visi\u00f3n del Sur para enfrentar la crisis clim\u00e1tica<\/h3>\n\n\n\n<p>La exposici\u00f3n re\u00fane a <strong>m\u00e1s de 58 estudios de arquitectura contempor\u00e1nea<\/strong>, 15 proyectos ganadores de una convocatoria internacional, y m\u00e1s de una docena de universidades de Am\u00e9rica, Asia, Europa y \u00c1frica. Todos ellos convocados para explorar <strong>saberes arquitect\u00f3nicos tradicionales y estrategias contempor\u00e1neas<\/strong> frente a climas c\u00e1lidos y extremos.<\/p>\n\n\n\n<figure class=\"wp-block-image size-large\"><img decoding=\"async\" width=\"792\" height=\"1024\" src=\"https:\/\/www.gridmag.com.mx\/wp-content\/uploads\/2025\/06\/05_BAP_Photography-by-Rafael-Gamo-792x1024.jpg\" alt=\"\" class=\"wp-image-9979\" srcset=\"https:\/\/www.gridmag.com.mx\/wp-content\/uploads\/2025\/06\/05_BAP_Photography-by-Rafael-Gamo-792x1024.jpg 792w, https:\/\/www.gridmag.com.mx\/wp-content\/uploads\/2025\/06\/05_BAP_Photography-by-Rafael-Gamo-232x300.jpg 232w, https:\/\/www.gridmag.com.mx\/wp-content\/uploads\/2025\/06\/05_BAP_Photography-by-Rafael-Gamo-768x993.jpg 768w, https:\/\/www.gridmag.com.mx\/wp-content\/uploads\/2025\/06\/05_BAP_Photography-by-Rafael-Gamo-1188x1536.jpg 1188w, https:\/\/www.gridmag.com.mx\/wp-content\/uploads\/2025\/06\/05_BAP_Photography-by-Rafael-Gamo-770x996.jpg 770w, https:\/\/www.gridmag.com.mx\/wp-content\/uploads\/2025\/06\/05_BAP_Photography-by-Rafael-Gamo.jpg 1276w\" sizes=\"(max-width: 792px) 100vw, 792px\" \/><\/figure>\n\n\n\n<h3 class=\"wp-block-heading\">Un recorrido en cinco tiempos<\/h3>\n\n\n\n<p>La narrativa curatorial de \u201c4\u00b0 Celsius entre toi et moi\u201d se desarrolla a trav\u00e9s de cinco espacios escenogr\u00e1ficos:<\/p>\n\n\n\n<ul class=\"wp-block-list\">\n<li><strong>El Manifiesto<\/strong>: Una experiencia inmersiva que simula el clima de +4\u00b0C en Versalles, con cortinas de baja emisividad, calor radiante y dos pel\u00edculas que abordan las consecuencias geopol\u00edticas y culturales del calentamiento global.<br><\/li>\n\n\n\n<li><strong>Nef Centrale<\/strong>: El coraz\u00f3n de la exposici\u00f3n, dividido en tres momentos \u2014pasado, presente y futuro\u2014 que reflexionan sobre las soluciones arquitect\u00f3nicas desde los elementos simb\u00f3licos del <strong>agua, tierra, aire y fuego<\/strong>.<br>\n<ul class=\"wp-block-list\">\n<li><strong>Pasado<\/strong>: Un gabinete de curiosidades con arquitectura vern\u00e1cula, objetos y saberes ancestrales de zonas c\u00e1lidas.<br><\/li>\n\n\n\n<li><strong>Presente<\/strong>: Proyectos actuales de despachos que ya dise\u00f1an en condiciones clim\u00e1ticas extremas.<br><\/li>\n\n\n\n<li><strong>Futuro<\/strong>: Una visi\u00f3n especulativa de Par\u00eds en el a\u00f1o 2100, creada por estudiantes y arquitectos internacionales.<br><\/li>\n<\/ul>\n<\/li>\n\n\n\n<li><strong>Pabellones al aire libre<\/strong>: Dos intervenciones exploran nuevas formas de confort clim\u00e1tico:<br>\n<ul class=\"wp-block-list\">\n<li><strong>\u201cAtrapaviento\u201d<\/strong>, del colectivo mexicano <strong>C733<\/strong>, propone chimeneas solares pasivas para refrescar el entorno mediante convecci\u00f3n natural.<br><\/li>\n\n\n\n<li><strong>\u201cTrian\u00f3n de Barro\u201d<\/strong>, de <strong>Andr\u00e9s Jaque \/ OFFPOLIN<\/strong>, reutiliza tecnolog\u00edas milenarias como las dolia para ofrecer experiencias sensoriales de enfriamiento.<br><\/li>\n<\/ul>\n<\/li>\n<\/ul>\n\n\n\n<figure class=\"wp-block-image size-large\"><img decoding=\"async\" width=\"819\" height=\"1024\" src=\"https:\/\/www.gridmag.com.mx\/wp-content\/uploads\/2025\/06\/06_BAP_Photography-by-Rafael-Gamo-819x1024.jpg\" alt=\"\" class=\"wp-image-9980\" srcset=\"https:\/\/www.gridmag.com.mx\/wp-content\/uploads\/2025\/06\/06_BAP_Photography-by-Rafael-Gamo-819x1024.jpg 819w, https:\/\/www.gridmag.com.mx\/wp-content\/uploads\/2025\/06\/06_BAP_Photography-by-Rafael-Gamo-240x300.jpg 240w, https:\/\/www.gridmag.com.mx\/wp-content\/uploads\/2025\/06\/06_BAP_Photography-by-Rafael-Gamo-768x960.jpg 768w, https:\/\/www.gridmag.com.mx\/wp-content\/uploads\/2025\/06\/06_BAP_Photography-by-Rafael-Gamo-1229x1536.jpg 1229w, https:\/\/www.gridmag.com.mx\/wp-content\/uploads\/2025\/06\/06_BAP_Photography-by-Rafael-Gamo-770x963.jpg 770w, https:\/\/www.gridmag.com.mx\/wp-content\/uploads\/2025\/06\/06_BAP_Photography-by-Rafael-Gamo.jpg 1276w\" sizes=\"(max-width: 819px) 100vw, 819px\" \/><\/figure>\n\n\n\n<h3 class=\"wp-block-heading\">Participaci\u00f3n mexicana destacada<\/h3>\n\n\n\n<p>M\u00e9xico tiene una fuerte presencia en esta edici\u00f3n, tanto en la curadur\u00eda como en los pabellones y estudios participantes, incluyendo a <strong>Rozana Montiel<\/strong>, <strong>Ignacio Urquiza<\/strong>, <strong>Ana Paula de Alba<\/strong>, <strong>Taller de Arquitectura | Mauricio Rocha<\/strong>, <strong>Lanza Atelier<\/strong>, <strong>Roman Bauer Arquitectos<\/strong>, <strong>GOA Arquitectura<\/strong> y <strong>Colectivo C733<\/strong>, entre otros.<\/p>\n\n\n\n<h3 class=\"wp-block-heading\">Voces cr\u00edticas y creativas<\/h3>\n\n\n\n<p>La bienal tambi\u00e9n cuenta con la participaci\u00f3n de <strong>cr\u00edticos, cineastas y escritores<\/strong> internacionales que aportan miradas transdisciplinarias al fen\u00f3meno del cambio clim\u00e1tico, como <strong>Beatriz Colomina<\/strong>, <strong>Mark Wigley<\/strong>, <strong>Carolyn Steel<\/strong>, <strong>Ryoko Sekiguchi<\/strong> y <strong>Peter Stamm<\/strong>.<\/p>\n\n\n\n<h3 class=\"wp-block-heading\">Informaci\u00f3n pr\u00e1ctica<\/h3>\n\n\n\n<ul class=\"wp-block-list\">\n<li><strong>Exposici\u00f3n:<\/strong> \u201c4\u00b0 Celsius entre toi et moi\u201d<br><\/li>\n\n\n\n<li><strong>Lugar:<\/strong> \u00c9NSA Versailles, Francia<br><\/li>\n\n\n\n<li><strong>Fechas:<\/strong> 7 de mayo \u2013 13 de julio de 2025<br><\/li>\n\n\n\n<li><strong>Horario:<\/strong> Martes a viernes de 12:00 a 19:00, fines de semana de 11:00 a 19:00<\/li>\n<\/ul>\n\n\n\n<h3 class=\"wp-block-heading\">Sobre los curadores<\/h3>\n\n\n\n<p><strong>Sana Frini<\/strong>, arquitecta tunecina radicada en Ciudad de M\u00e9xico y fundadora de LOCUS, se ha destacado por su enfoque en <strong>regeneraci\u00f3n contextual, dise\u00f1o sustentable y procesos post-vern\u00e1culos<\/strong> en Am\u00e9rica Latina.<strong>Philippe Rahm<\/strong>, arquitecto suizo y te\u00f3rico del clima, ha desarrollado una pr\u00e1ctica que combina <strong>dise\u00f1o arquitect\u00f3nico y ciencia atmosf\u00e9rica<\/strong>, con proyectos ic\u00f3nicos como el Parque Central de Taichung en Taiw\u00e1n.<\/p>\n\n\n\n<p>Fotos: Rafael Gamo<\/p>\n\n\n\n<p><\/p>\n","protected":false},"excerpt":{"rendered":"<p>La tercera edici\u00f3n de Bap! 2025 se inaugur\u00f3 en Versalles con una exposici\u00f3n visionaria que imagina el futuro clim\u00e1tico de Par\u00eds desde una perspectiva del Sur Global. La Bienal de Arquitectura y Paisaje de \u00cele-de-France (Bap! 2025), el evento de arquitectura m\u00e1s importante de Francia, abri\u00f3 sus puertas el pasado 7 de mayo en Versalles con la exposici\u00f3n \u201c4\u00b0 Celsius entre toi et moi\u201d, una provocadora reflexi\u00f3n sobre el cambio clim\u00e1tico desde el punto de vista de M\u00e9xico y el [&hellip;]<\/p>\n","protected":false},"author":1,"featured_media":9981,"comment_status":"open","ping_status":"open","sticky":false,"template":"","format":"standard","meta":{"footnotes":""},"categories":[49],"tags":[],"class_list":["post-9975","post","type-post","status-publish","format-standard","has-post-thumbnail","hentry","category-arquitectura"],"yoast_head":"<!-- This site is optimized with the Yoast SEO plugin v27.0 - https:\/\/yoast.com\/product\/yoast-seo-wordpress\/ -->\n<title>\u201c4\u00b0 Celsius entre toi et moi\u201d: M\u00e9xico y el Sur Global en la Bienal de Arquitectura \u00cele-de-France 2025 | Grid Magazine<\/title>\n<meta name=\"description\" content=\"\u201c4\u00b0 Celsius entre toi et moi\u201d imagina un Par\u00eds subtropical en Bap! 2025 con curadur\u00eda del Sur Global y amplia presencia mexicana.\" \/>\n<meta name=\"robots\" content=\"index, follow, max-snippet:-1, max-image-preview:large, max-video-preview:-1\" \/>\n<link rel=\"canonical\" href=\"https:\/\/www.gridmag.com.mx\/index.php\/2025\/06\/09\/4-celsius-entre-toi-et-moi-mexico-y-el-sur-global-en-la-bienal-de-arquitectura-ile-de-france-2025\/\" \/>\n<meta property=\"og:locale\" content=\"es_MX\" \/>\n<meta property=\"og:type\" content=\"article\" \/>\n<meta property=\"og:title\" content=\"\u201c4\u00b0 Celsius entre toi et moi\u201d: M\u00e9xico y el Sur Global en la Bienal de Arquitectura \u00cele-de-France 2025 | Grid Magazine\" \/>\n<meta property=\"og:description\" content=\"\u201c4\u00b0 Celsius entre toi et moi\u201d imagina un Par\u00eds subtropical en Bap! 2025 con curadur\u00eda del Sur Global y amplia presencia mexicana.\" \/>\n<meta property=\"og:url\" content=\"https:\/\/www.gridmag.com.mx\/index.php\/2025\/06\/09\/4-celsius-entre-toi-et-moi-mexico-y-el-sur-global-en-la-bienal-de-arquitectura-ile-de-france-2025\/\" \/>\n<meta property=\"og:site_name\" content=\"Grid Magazine\" \/>\n<meta property=\"article:publisher\" content=\"https:\/\/www.facebook.com\/gridmagazine.mx\" \/>\n<meta property=\"article:published_time\" content=\"2025-06-09T16:23:15+00:00\" \/>\n<meta property=\"article:modified_time\" content=\"2025-06-13T16:03:05+00:00\" \/>\n<meta property=\"og:image\" content=\"https:\/\/www.gridmag.com.mx\/wp-content\/uploads\/2025\/06\/03_BAP_Photography-by-Rafael-Gamo_2.jpg\" \/>\n\t<meta property=\"og:image:width\" content=\"1417\" \/>\n\t<meta property=\"og:image:height\" content=\"975\" \/>\n\t<meta property=\"og:image:type\" content=\"image\/jpeg\" \/>\n<meta name=\"author\" content=\"Grid Magazine\" \/>\n<meta name=\"twitter:card\" content=\"summary_large_image\" \/>\n<meta name=\"twitter:label1\" content=\"Escrito por\" \/>\n\t<meta name=\"twitter:data1\" content=\"Grid Magazine\" \/>\n\t<meta name=\"twitter:label2\" content=\"Tiempo de lectura\" \/>\n\t<meta name=\"twitter:data2\" content=\"4 minutos\" \/>\n<script type=\"application\/ld+json\" class=\"yoast-schema-graph\">{\"@context\":\"https:\/\/schema.org\",\"@graph\":[{\"@type\":\"Article\",\"@id\":\"https:\/\/www.gridmag.com.mx\/index.php\/2025\/06\/09\/4-celsius-entre-toi-et-moi-mexico-y-el-sur-global-en-la-bienal-de-arquitectura-ile-de-france-2025\/#article\",\"isPartOf\":{\"@id\":\"https:\/\/www.gridmag.com.mx\/index.php\/2025\/06\/09\/4-celsius-entre-toi-et-moi-mexico-y-el-sur-global-en-la-bienal-de-arquitectura-ile-de-france-2025\/\"},\"author\":{\"name\":\"Grid Magazine\",\"@id\":\"https:\/\/www.gridmag.com.mx\/#\/schema\/person\/d54cddc75e2ecfe4a55e39c0336ae932\"},\"headline\":\"\u201c4\u00b0 Celsius entre toi et moi\u201d: M\u00e9xico y el Sur Global en la Bienal de Arquitectura \u00cele-de-France 2025\",\"datePublished\":\"2025-06-09T16:23:15+00:00\",\"dateModified\":\"2025-06-13T16:03:05+00:00\",\"mainEntityOfPage\":{\"@id\":\"https:\/\/www.gridmag.com.mx\/index.php\/2025\/06\/09\/4-celsius-entre-toi-et-moi-mexico-y-el-sur-global-en-la-bienal-de-arquitectura-ile-de-france-2025\/\"},\"wordCount\":698,\"commentCount\":0,\"publisher\":{\"@id\":\"https:\/\/www.gridmag.com.mx\/#organization\"},\"image\":{\"@id\":\"https:\/\/www.gridmag.com.mx\/index.php\/2025\/06\/09\/4-celsius-entre-toi-et-moi-mexico-y-el-sur-global-en-la-bienal-de-arquitectura-ile-de-france-2025\/#primaryimage\"},\"thumbnailUrl\":\"https:\/\/www.gridmag.com.mx\/wp-content\/uploads\/2025\/06\/03_BAP_Photography-by-Rafael-Gamo_2.jpg\",\"articleSection\":[\"Arquitectura\"],\"inLanguage\":\"es\",\"potentialAction\":[{\"@type\":\"CommentAction\",\"name\":\"Comment\",\"target\":[\"https:\/\/www.gridmag.com.mx\/index.php\/2025\/06\/09\/4-celsius-entre-toi-et-moi-mexico-y-el-sur-global-en-la-bienal-de-arquitectura-ile-de-france-2025\/#respond\"]}]},{\"@type\":\"WebPage\",\"@id\":\"https:\/\/www.gridmag.com.mx\/index.php\/2025\/06\/09\/4-celsius-entre-toi-et-moi-mexico-y-el-sur-global-en-la-bienal-de-arquitectura-ile-de-france-2025\/\",\"url\":\"https:\/\/www.gridmag.com.mx\/index.php\/2025\/06\/09\/4-celsius-entre-toi-et-moi-mexico-y-el-sur-global-en-la-bienal-de-arquitectura-ile-de-france-2025\/\",\"name\":\"\u201c4\u00b0 Celsius entre toi et moi\u201d: M\u00e9xico y el Sur Global en la Bienal de Arquitectura \u00cele-de-France 2025 | Grid Magazine\",\"isPartOf\":{\"@id\":\"https:\/\/www.gridmag.com.mx\/#website\"},\"primaryImageOfPage\":{\"@id\":\"https:\/\/www.gridmag.com.mx\/index.php\/2025\/06\/09\/4-celsius-entre-toi-et-moi-mexico-y-el-sur-global-en-la-bienal-de-arquitectura-ile-de-france-2025\/#primaryimage\"},\"image\":{\"@id\":\"https:\/\/www.gridmag.com.mx\/index.php\/2025\/06\/09\/4-celsius-entre-toi-et-moi-mexico-y-el-sur-global-en-la-bienal-de-arquitectura-ile-de-france-2025\/#primaryimage\"},\"thumbnailUrl\":\"https:\/\/www.gridmag.com.mx\/wp-content\/uploads\/2025\/06\/03_BAP_Photography-by-Rafael-Gamo_2.jpg\",\"datePublished\":\"2025-06-09T16:23:15+00:00\",\"dateModified\":\"2025-06-13T16:03:05+00:00\",\"description\":\"\u201c4\u00b0 Celsius entre toi et moi\u201d imagina un Par\u00eds subtropical en Bap! 2025 con curadur\u00eda del Sur Global y amplia presencia mexicana.\",\"breadcrumb\":{\"@id\":\"https:\/\/www.gridmag.com.mx\/index.php\/2025\/06\/09\/4-celsius-entre-toi-et-moi-mexico-y-el-sur-global-en-la-bienal-de-arquitectura-ile-de-france-2025\/#breadcrumb\"},\"inLanguage\":\"es\",\"potentialAction\":[{\"@type\":\"ReadAction\",\"target\":[\"https:\/\/www.gridmag.com.mx\/index.php\/2025\/06\/09\/4-celsius-entre-toi-et-moi-mexico-y-el-sur-global-en-la-bienal-de-arquitectura-ile-de-france-2025\/\"]}]},{\"@type\":\"ImageObject\",\"inLanguage\":\"es\",\"@id\":\"https:\/\/www.gridmag.com.mx\/index.php\/2025\/06\/09\/4-celsius-entre-toi-et-moi-mexico-y-el-sur-global-en-la-bienal-de-arquitectura-ile-de-france-2025\/#primaryimage\",\"url\":\"https:\/\/www.gridmag.com.mx\/wp-content\/uploads\/2025\/06\/03_BAP_Photography-by-Rafael-Gamo_2.jpg\",\"contentUrl\":\"https:\/\/www.gridmag.com.mx\/wp-content\/uploads\/2025\/06\/03_BAP_Photography-by-Rafael-Gamo_2.jpg\",\"width\":1417,\"height\":975},{\"@type\":\"BreadcrumbList\",\"@id\":\"https:\/\/www.gridmag.com.mx\/index.php\/2025\/06\/09\/4-celsius-entre-toi-et-moi-mexico-y-el-sur-global-en-la-bienal-de-arquitectura-ile-de-france-2025\/#breadcrumb\",\"itemListElement\":[{\"@type\":\"ListItem\",\"position\":1,\"name\":\"Inicio\",\"item\":\"https:\/\/www.gridmag.com.mx\/\"},{\"@type\":\"ListItem\",\"position\":2,\"name\":\"\u201c4\u00b0 Celsius entre toi et moi\u201d: M\u00e9xico y el Sur Global en la Bienal de Arquitectura \u00cele-de-France 2025\"}]},{\"@type\":\"WebSite\",\"@id\":\"https:\/\/www.gridmag.com.mx\/#website\",\"url\":\"https:\/\/www.gridmag.com.mx\/\",\"name\":\"Grid Magazine\",\"description\":\"Compartiendo lo mejor de la arquitectura y dise\u00f1o mexicano.\",\"publisher\":{\"@id\":\"https:\/\/www.gridmag.com.mx\/#organization\"},\"potentialAction\":[{\"@type\":\"SearchAction\",\"target\":{\"@type\":\"EntryPoint\",\"urlTemplate\":\"https:\/\/www.gridmag.com.mx\/?s={search_term_string}\"},\"query-input\":{\"@type\":\"PropertyValueSpecification\",\"valueRequired\":true,\"valueName\":\"search_term_string\"}}],\"inLanguage\":\"es\"},{\"@type\":\"Organization\",\"@id\":\"https:\/\/www.gridmag.com.mx\/#organization\",\"name\":\"Grid Magazine\",\"url\":\"https:\/\/www.gridmag.com.mx\/\",\"logo\":{\"@type\":\"ImageObject\",\"inLanguage\":\"es\",\"@id\":\"https:\/\/www.gridmag.com.mx\/#\/schema\/logo\/image\/\",\"url\":\"\",\"contentUrl\":\"\",\"caption\":\"Grid Magazine\"},\"image\":{\"@id\":\"https:\/\/www.gridmag.com.mx\/#\/schema\/logo\/image\/\"},\"sameAs\":[\"https:\/\/www.facebook.com\/gridmagazine.mx\",\"https:\/\/www.instagram.com\/gridmagazine_mx\/\",\"https:\/\/www.tiktok.com\/@gridmagazine.mx?_t=8gl2kVR2Aq6&_r=1\",\"https:\/\/www.linkedin.com\/company\/grid-magazine-mx\/\"]},{\"@type\":\"Person\",\"@id\":\"https:\/\/www.gridmag.com.mx\/#\/schema\/person\/d54cddc75e2ecfe4a55e39c0336ae932\",\"name\":\"Grid Magazine\",\"image\":{\"@type\":\"ImageObject\",\"inLanguage\":\"es\",\"@id\":\"https:\/\/www.gridmag.com.mx\/#\/schema\/person\/image\/\",\"url\":\"https:\/\/secure.gravatar.com\/avatar\/8e4bd50943002dd6ee9db30e5af749244f3e21206a99c4fb42429117eaacfc83?s=96&d=mm&r=g\",\"contentUrl\":\"https:\/\/secure.gravatar.com\/avatar\/8e4bd50943002dd6ee9db30e5af749244f3e21206a99c4fb42429117eaacfc83?s=96&d=mm&r=g\",\"caption\":\"Grid Magazine\"},\"sameAs\":[\"https:\/\/www.gridmag.com.mx\"],\"url\":\"https:\/\/www.gridmag.com.mx\/index.php\/author\/grid-magazine-arq\/\"}]}<\/script>\n<!-- \/ Yoast SEO plugin. -->","yoast_head_json":{"title":"\u201c4\u00b0 Celsius entre toi et moi\u201d: M\u00e9xico y el Sur Global en la Bienal de Arquitectura \u00cele-de-France 2025 | Grid Magazine","description":"\u201c4\u00b0 Celsius entre toi et moi\u201d imagina un Par\u00eds subtropical en Bap! 2025 con curadur\u00eda del Sur Global y amplia presencia mexicana.","robots":{"index":"index","follow":"follow","max-snippet":"max-snippet:-1","max-image-preview":"max-image-preview:large","max-video-preview":"max-video-preview:-1"},"canonical":"https:\/\/www.gridmag.com.mx\/index.php\/2025\/06\/09\/4-celsius-entre-toi-et-moi-mexico-y-el-sur-global-en-la-bienal-de-arquitectura-ile-de-france-2025\/","og_locale":"es_MX","og_type":"article","og_title":"\u201c4\u00b0 Celsius entre toi et moi\u201d: M\u00e9xico y el Sur Global en la Bienal de Arquitectura \u00cele-de-France 2025 | Grid Magazine","og_description":"\u201c4\u00b0 Celsius entre toi et moi\u201d imagina un Par\u00eds subtropical en Bap! 2025 con curadur\u00eda del Sur Global y amplia presencia mexicana.","og_url":"https:\/\/www.gridmag.com.mx\/index.php\/2025\/06\/09\/4-celsius-entre-toi-et-moi-mexico-y-el-sur-global-en-la-bienal-de-arquitectura-ile-de-france-2025\/","og_site_name":"Grid Magazine","article_publisher":"https:\/\/www.facebook.com\/gridmagazine.mx","article_published_time":"2025-06-09T16:23:15+00:00","article_modified_time":"2025-06-13T16:03:05+00:00","og_image":[{"width":1417,"height":975,"url":"https:\/\/www.gridmag.com.mx\/wp-content\/uploads\/2025\/06\/03_BAP_Photography-by-Rafael-Gamo_2.jpg","type":"image\/jpeg"}],"author":"Grid Magazine","twitter_card":"summary_large_image","twitter_misc":{"Escrito por":"Grid Magazine","Tiempo de lectura":"4 minutos"},"schema":{"@context":"https:\/\/schema.org","@graph":[{"@type":"Article","@id":"https:\/\/www.gridmag.com.mx\/index.php\/2025\/06\/09\/4-celsius-entre-toi-et-moi-mexico-y-el-sur-global-en-la-bienal-de-arquitectura-ile-de-france-2025\/#article","isPartOf":{"@id":"https:\/\/www.gridmag.com.mx\/index.php\/2025\/06\/09\/4-celsius-entre-toi-et-moi-mexico-y-el-sur-global-en-la-bienal-de-arquitectura-ile-de-france-2025\/"},"author":{"name":"Grid Magazine","@id":"https:\/\/www.gridmag.com.mx\/#\/schema\/person\/d54cddc75e2ecfe4a55e39c0336ae932"},"headline":"\u201c4\u00b0 Celsius entre toi et moi\u201d: M\u00e9xico y el Sur Global en la Bienal de Arquitectura \u00cele-de-France 2025","datePublished":"2025-06-09T16:23:15+00:00","dateModified":"2025-06-13T16:03:05+00:00","mainEntityOfPage":{"@id":"https:\/\/www.gridmag.com.mx\/index.php\/2025\/06\/09\/4-celsius-entre-toi-et-moi-mexico-y-el-sur-global-en-la-bienal-de-arquitectura-ile-de-france-2025\/"},"wordCount":698,"commentCount":0,"publisher":{"@id":"https:\/\/www.gridmag.com.mx\/#organization"},"image":{"@id":"https:\/\/www.gridmag.com.mx\/index.php\/2025\/06\/09\/4-celsius-entre-toi-et-moi-mexico-y-el-sur-global-en-la-bienal-de-arquitectura-ile-de-france-2025\/#primaryimage"},"thumbnailUrl":"https:\/\/www.gridmag.com.mx\/wp-content\/uploads\/2025\/06\/03_BAP_Photography-by-Rafael-Gamo_2.jpg","articleSection":["Arquitectura"],"inLanguage":"es","potentialAction":[{"@type":"CommentAction","name":"Comment","target":["https:\/\/www.gridmag.com.mx\/index.php\/2025\/06\/09\/4-celsius-entre-toi-et-moi-mexico-y-el-sur-global-en-la-bienal-de-arquitectura-ile-de-france-2025\/#respond"]}]},{"@type":"WebPage","@id":"https:\/\/www.gridmag.com.mx\/index.php\/2025\/06\/09\/4-celsius-entre-toi-et-moi-mexico-y-el-sur-global-en-la-bienal-de-arquitectura-ile-de-france-2025\/","url":"https:\/\/www.gridmag.com.mx\/index.php\/2025\/06\/09\/4-celsius-entre-toi-et-moi-mexico-y-el-sur-global-en-la-bienal-de-arquitectura-ile-de-france-2025\/","name":"\u201c4\u00b0 Celsius entre toi et moi\u201d: M\u00e9xico y el Sur Global en la Bienal de Arquitectura \u00cele-de-France 2025 | Grid Magazine","isPartOf":{"@id":"https:\/\/www.gridmag.com.mx\/#website"},"primaryImageOfPage":{"@id":"https:\/\/www.gridmag.com.mx\/index.php\/2025\/06\/09\/4-celsius-entre-toi-et-moi-mexico-y-el-sur-global-en-la-bienal-de-arquitectura-ile-de-france-2025\/#primaryimage"},"image":{"@id":"https:\/\/www.gridmag.com.mx\/index.php\/2025\/06\/09\/4-celsius-entre-toi-et-moi-mexico-y-el-sur-global-en-la-bienal-de-arquitectura-ile-de-france-2025\/#primaryimage"},"thumbnailUrl":"https:\/\/www.gridmag.com.mx\/wp-content\/uploads\/2025\/06\/03_BAP_Photography-by-Rafael-Gamo_2.jpg","datePublished":"2025-06-09T16:23:15+00:00","dateModified":"2025-06-13T16:03:05+00:00","description":"\u201c4\u00b0 Celsius entre toi et moi\u201d imagina un Par\u00eds subtropical en Bap! 2025 con curadur\u00eda del Sur Global y amplia presencia mexicana.","breadcrumb":{"@id":"https:\/\/www.gridmag.com.mx\/index.php\/2025\/06\/09\/4-celsius-entre-toi-et-moi-mexico-y-el-sur-global-en-la-bienal-de-arquitectura-ile-de-france-2025\/#breadcrumb"},"inLanguage":"es","potentialAction":[{"@type":"ReadAction","target":["https:\/\/www.gridmag.com.mx\/index.php\/2025\/06\/09\/4-celsius-entre-toi-et-moi-mexico-y-el-sur-global-en-la-bienal-de-arquitectura-ile-de-france-2025\/"]}]},{"@type":"ImageObject","inLanguage":"es","@id":"https:\/\/www.gridmag.com.mx\/index.php\/2025\/06\/09\/4-celsius-entre-toi-et-moi-mexico-y-el-sur-global-en-la-bienal-de-arquitectura-ile-de-france-2025\/#primaryimage","url":"https:\/\/www.gridmag.com.mx\/wp-content\/uploads\/2025\/06\/03_BAP_Photography-by-Rafael-Gamo_2.jpg","contentUrl":"https:\/\/www.gridmag.com.mx\/wp-content\/uploads\/2025\/06\/03_BAP_Photography-by-Rafael-Gamo_2.jpg","width":1417,"height":975},{"@type":"BreadcrumbList","@id":"https:\/\/www.gridmag.com.mx\/index.php\/2025\/06\/09\/4-celsius-entre-toi-et-moi-mexico-y-el-sur-global-en-la-bienal-de-arquitectura-ile-de-france-2025\/#breadcrumb","itemListElement":[{"@type":"ListItem","position":1,"name":"Inicio","item":"https:\/\/www.gridmag.com.mx\/"},{"@type":"ListItem","position":2,"name":"\u201c4\u00b0 Celsius entre toi et moi\u201d: M\u00e9xico y el Sur Global en la Bienal de Arquitectura \u00cele-de-France 2025"}]},{"@type":"WebSite","@id":"https:\/\/www.gridmag.com.mx\/#website","url":"https:\/\/www.gridmag.com.mx\/","name":"Grid Magazine","description":"Compartiendo lo mejor de la arquitectura y dise\u00f1o mexicano.","publisher":{"@id":"https:\/\/www.gridmag.com.mx\/#organization"},"potentialAction":[{"@type":"SearchAction","target":{"@type":"EntryPoint","urlTemplate":"https:\/\/www.gridmag.com.mx\/?s={search_term_string}"},"query-input":{"@type":"PropertyValueSpecification","valueRequired":true,"valueName":"search_term_string"}}],"inLanguage":"es"},{"@type":"Organization","@id":"https:\/\/www.gridmag.com.mx\/#organization","name":"Grid Magazine","url":"https:\/\/www.gridmag.com.mx\/","logo":{"@type":"ImageObject","inLanguage":"es","@id":"https:\/\/www.gridmag.com.mx\/#\/schema\/logo\/image\/","url":"","contentUrl":"","caption":"Grid Magazine"},"image":{"@id":"https:\/\/www.gridmag.com.mx\/#\/schema\/logo\/image\/"},"sameAs":["https:\/\/www.facebook.com\/gridmagazine.mx","https:\/\/www.instagram.com\/gridmagazine_mx\/","https:\/\/www.tiktok.com\/@gridmagazine.mx?_t=8gl2kVR2Aq6&_r=1","https:\/\/www.linkedin.com\/company\/grid-magazine-mx\/"]},{"@type":"Person","@id":"https:\/\/www.gridmag.com.mx\/#\/schema\/person\/d54cddc75e2ecfe4a55e39c0336ae932","name":"Grid Magazine","image":{"@type":"ImageObject","inLanguage":"es","@id":"https:\/\/www.gridmag.com.mx\/#\/schema\/person\/image\/","url":"https:\/\/secure.gravatar.com\/avatar\/8e4bd50943002dd6ee9db30e5af749244f3e21206a99c4fb42429117eaacfc83?s=96&d=mm&r=g","contentUrl":"https:\/\/secure.gravatar.com\/avatar\/8e4bd50943002dd6ee9db30e5af749244f3e21206a99c4fb42429117eaacfc83?s=96&d=mm&r=g","caption":"Grid Magazine"},"sameAs":["https:\/\/www.gridmag.com.mx"],"url":"https:\/\/www.gridmag.com.mx\/index.php\/author\/grid-magazine-arq\/"}]}},"_links":{"self":[{"href":"https:\/\/www.gridmag.com.mx\/index.php\/wp-json\/wp\/v2\/posts\/9975","targetHints":{"allow":["GET"]}}],"collection":[{"href":"https:\/\/www.gridmag.com.mx\/index.php\/wp-json\/wp\/v2\/posts"}],"about":[{"href":"https:\/\/www.gridmag.com.mx\/index.php\/wp-json\/wp\/v2\/types\/post"}],"author":[{"embeddable":true,"href":"https:\/\/www.gridmag.com.mx\/index.php\/wp-json\/wp\/v2\/users\/1"}],"replies":[{"embeddable":true,"href":"https:\/\/www.gridmag.com.mx\/index.php\/wp-json\/wp\/v2\/comments?post=9975"}],"version-history":[{"count":1,"href":"https:\/\/www.gridmag.com.mx\/index.php\/wp-json\/wp\/v2\/posts\/9975\/revisions"}],"predecessor-version":[{"id":9982,"href":"https:\/\/www.gridmag.com.mx\/index.php\/wp-json\/wp\/v2\/posts\/9975\/revisions\/9982"}],"wp:featuredmedia":[{"embeddable":true,"href":"https:\/\/www.gridmag.com.mx\/index.php\/wp-json\/wp\/v2\/media\/9981"}],"wp:attachment":[{"href":"https:\/\/www.gridmag.com.mx\/index.php\/wp-json\/wp\/v2\/media?parent=9975"}],"wp:term":[{"taxonomy":"category","embeddable":true,"href":"https:\/\/www.gridmag.com.mx\/index.php\/wp-json\/wp\/v2\/categories?post=9975"},{"taxonomy":"post_tag","embeddable":true,"href":"https:\/\/www.gridmag.com.mx\/index.php\/wp-json\/wp\/v2\/tags?post=9975"}],"curies":[{"name":"wp","href":"https:\/\/api.w.org\/{rel}","templated":true}]}}